






{"id":96337,"date":"2026-04-28T15:43:02","date_gmt":"2026-04-28T19:43:02","guid":{"rendered":"https:\/\/chile.travel\/blog\/5-razoes-para-viajar-para-o-chile-e-desligar-se-de-um-mundo-frenetico\/"},"modified":"2026-04-28T15:53:33","modified_gmt":"2026-04-28T19:53:33","slug":"5-razoes-para-viajar-para-o-chile-e-desligar-se-de-um-mundo-frenetico","status":"publish","type":"post","link":"https:\/\/chile.travel\/pt-br\/blog\/5-razoes-para-viajar-para-o-chile-e-desligar-se-de-um-mundo-frenetico\/","title":{"rendered":"5 raz\u00f5es para viajar para o Chile e desligar-se de um mundo fren\u00e9tico"},"content":{"rendered":"\n<p>No Chile, encontrar\u00e1 um ref\u00fagio para desligar, respirar e viver experi\u00eancias aut\u00eanticas. Um pa\u00eds extraordin\u00e1rio espera por si de bra\u00e7os abertos! <\/p>\n\n<p>Vivemos tempos de mudan\u00e7a constante. Por isso, cada vez mais viajantes procuram destinos que ofere\u00e7am autenticidade, tranquilidade e uma <strong>liga\u00e7\u00e3o genu\u00edna com a natureza<\/strong>. <\/p>\n\n<p>O Chile re\u00fane tudo isso e muito mais. Do <a href=\"https:\/\/chile.travel\/pt-br\/areas\/deserto-do-atacama-e-altiplano\/\"><strong>Deserto do Atacama<\/strong><\/a> \u00e0 <a href=\"https:\/\/chile.travel\/pt-br\/areas\/patagonia-e-antartida\/\"><strong>Patag\u00f3nia<\/strong><\/a>, h\u00e1 paisagens \u00fanicas prontas para a sua pr\u00f3xima aventura. <\/p>\n\n<p>A seguir, contamos-lhe <strong>5 raz\u00f5es<\/strong> pelas quais este \u00e9 um momento imbat\u00edvel para conhecer o nosso pa\u00eds.<\/p>\n\n<figure class=\"wp-block-image size-full\"><img loading=\"lazy\" decoding=\"async\" width=\"884\" height=\"588\" src=\"https:\/\/chile.travel\/wp-content\/uploads\/2026\/04\/8ffa3112-image.jpeg\" alt=\"\" class=\"wp-image-96278\" srcset=\"https:\/\/chile.travel\/wp-content\/uploads\/2026\/04\/8ffa3112-image.jpeg 884w, https:\/\/chile.travel\/wp-content\/uploads\/2026\/04\/8ffa3112-image-300x200.jpeg 300w, https:\/\/chile.travel\/wp-content\/uploads\/2026\/04\/8ffa3112-image-768x511.jpeg 768w\" sizes=\"auto, (max-width: 884px) 100vw, 884px\" \/><figcaption class=\"wp-element-caption\">Foto: Timothy Dhalliene<\/figcaption><\/figure>\n\n<h2 class=\"wp-block-heading\">1. Um lugar de calma em tempos incertos<\/h2>\n\n<p><strong>O Chile<\/strong> \u00e9 reconhecido como um ref\u00fagio perante a incerteza mundial. A sua <strong>geografia privilegiada<\/strong> \u2014 cordilheira, deserto e oceano \u2014, juntamente com institui\u00e7\u00f5es s\u00f3lidas e uma gest\u00e3o eficiente, posicionam-no como um <strong>destino que inspira confian\u00e7a<\/strong> na hora de planear uma viagem, independentemente do que aconte\u00e7a no resto do mundo. <\/p>\n\n<ul class=\"wp-block-list\">\n<li><a href=\"https:\/\/chile.travel\/pt-br\/blog\/fizemos-historia-o-chile-e-eleito-o-melhor-destino-internacional-pela-forbes\/\" target=\"_blank\" rel=\"noreferrer noopener\">Descubra por que fomos escolhidos como o melhor destino nos Forbes Travel Awards.<\/a><\/li>\n<\/ul>\n\n<h2 class=\"wp-block-heading\">2. A prote\u00e7\u00e3o dos Andes<\/h2>\n\n<p>A <strong>cordilheira dos Andes<\/strong> percorre o Chile de norte a sul como uma muralha implac\u00e1vel, o que proporciona uma <strong>barreira natural<\/strong> que protege a nossa biodiversidade de pragas externas.<\/p>\n\n<p>Com vulc\u00f5es, vales de altitude e <strong>percursos de trekking<\/strong> de classe mundial, este gigante atua como um regulador clim\u00e1tico essencial para a vida. Do <a href=\"https:\/\/chile.travel\/pt-br\/itinerarios\/descubra-a-magia-do-valle-del-elqui-3-dias-na-regiao-de-coquimbo\/\" target=\"_blank\" rel=\"noreferrer noopener\"><strong>Vale do Elqui<\/strong><\/a> \u00e0 <a href=\"https:\/\/chile.travel\/itinerarios\/guia-de-viaje-por-las-bellezas-naturales-de-la-araucania\/\" target=\"_blank\" rel=\"noreferrer noopener\"><strong>Arauc\u00e2nia<\/strong><\/a>, os Andes permitem-nos estar geograficamente isolados e protegidos. <\/p>\n\n<ul class=\"wp-block-list\">\n<li><a href=\"https:\/\/chile.travel\/pt-br\/blog\/por-que-a-cordilheira-dos-andes-transforma-o-chile-num-refugio-unico\/\" type=\"link\" id=\"https:\/\/chile.travel\/blog\/chile-refugio-natural-cordillera-andes\/\" target=\"_blank\" rel=\"noreferrer noopener\">Veja como os Andes protegem o nosso pa\u00eds<\/a>.<\/li>\n<\/ul>\n\n<figure class=\"wp-block-image size-full\"><img loading=\"lazy\" decoding=\"async\" width=\"883\" height=\"589\" src=\"https:\/\/chile.travel\/wp-content\/uploads\/2026\/04\/8ffa3112-image-2.jpeg\" alt=\"\" class=\"wp-image-96280\" srcset=\"https:\/\/chile.travel\/wp-content\/uploads\/2026\/04\/8ffa3112-image-2.jpeg 883w, https:\/\/chile.travel\/wp-content\/uploads\/2026\/04\/8ffa3112-image-2-300x200.jpeg 300w, https:\/\/chile.travel\/wp-content\/uploads\/2026\/04\/8ffa3112-image-2-768x512.jpeg 768w\" sizes=\"auto, (max-width: 883px) 100vw, 883px\" \/><figcaption class=\"wp-element-caption\">Foto: Banco audiovisual de Sernatur<\/figcaption><\/figure>\n\n<h2 class=\"wp-block-heading\">3. Uma economia est\u00e1vel<\/h2>\n\n<p>O Chile conta com uma das <strong>economias mais est\u00e1veis da Am\u00e9rica do Sul<\/strong>. Isso traduz-se numa <strong>infraestrutura tur\u00edstica<\/strong> de primeira linha, que lhe permitir\u00e1 fazer viagens sem imprevistos: gastronomia de n\u00edvel mundial, hot\u00e9is boutique e experi\u00eancias seguras. <\/p>\n\n<p>A isto soma-se uma <strong>conectividade excecional<\/strong>, tanto a\u00e9rea como terrestre, que permite saltar dos vales vitivin\u00edcolas para Torres del Paine em pouco tempo.<\/p>\n\n<ul class=\"wp-block-list\">\n<li><a href=\"https:\/\/chile.travel\/pt-br\/dicas-uteis\/moeda-e-custos\/\" target=\"_blank\" rel=\"noreferrer noopener\">Encontre informa\u00e7\u00e3o sobre os tipos de c\u00e2mbio no Chile.<\/a><\/li>\n<\/ul>\n\n<h2 class=\"wp-block-heading\">4. Seguran\u00e7a desde o primeiro dia<\/h2>\n\n<p><strong>O Chile<\/strong> destaca-se nos <strong>\u00edndices de seguran\u00e7a<\/strong> da regi\u00e3o, e isso nota-se ao viajar. Os seus principais destinos \u2014 <strong>San Pedro de Atacama<\/strong>, o <strong>Lago Llanquihue<\/strong> e <strong>Torres del Paine<\/strong> \u2014 contam com comunidades locais que fazem da hospitalidade o seu modo de vida. Viaje sozinho, em casal ou em fam\u00edlia com <strong>total tranquilidade<\/strong>. Porque, no nosso pa\u00eds, a seguran\u00e7a n\u00e3o \u00e9 um detalhe: faz parte da experi\u00eancia.   <\/p>\n\n<ul class=\"wp-block-list\">\n<li><a href=\"https:\/\/chile.travel\/pt-br\/dicas-uteis\/\" target=\"_blank\" rel=\"noreferrer noopener\">Consulte aqui dados \u00fateis para a sua viagem ao Chile.<\/a><\/li>\n<\/ul>\n\n<figure class=\"wp-block-image size-full\"><img loading=\"lazy\" decoding=\"async\" width=\"883\" height=\"590\" src=\"https:\/\/chile.travel\/wp-content\/uploads\/2026\/04\/8ffa3112-image-3.jpeg\" alt=\"\" class=\"wp-image-96281\" srcset=\"https:\/\/chile.travel\/wp-content\/uploads\/2026\/04\/8ffa3112-image-3.jpeg 883w, https:\/\/chile.travel\/wp-content\/uploads\/2026\/04\/8ffa3112-image-3-300x200.jpeg 300w, https:\/\/chile.travel\/wp-content\/uploads\/2026\/04\/8ffa3112-image-3-768x513.jpeg 768w\" sizes=\"auto, (max-width: 883px) 100vw, 883px\" \/><figcaption class=\"wp-element-caption\">Foto: Banco audiovisual de Sernatur<\/figcaption><\/figure>\n\n<h2 class=\"wp-block-heading\">5. Paisagens \u00fanicas<\/h2>\n\n<p>Gra\u00e7as \u00e0s suas particularidades geogr\u00e1ficas, <strong>o Chile<\/strong> conta com uma enorme variedade de paisagens. Do <strong>Deserto do Atacama<\/strong>, o mais \u00e1rido do planeta, \u00e0s frondosas florestas do sul e \u00e0 <strong>Patag\u00f3nia<\/strong>, encontrar\u00e1 ecossistemas \u00fanicos. <\/p>\n\n<p>Chegar\u00e1 a uma ilha biogeogr\u00e1fica que resguarda uma biodiversidade extraordin\u00e1ria, com postais de sonho e experi\u00eancias inigual\u00e1veis. Espera por si uma viagem inesquec\u00edvel! <\/p>\n\n<ul class=\"wp-block-list\">\n<li><a href=\"https:\/\/chile.travel\/pt-br\/blog\/9-lugares-do-chile-que-parecem-de-outro-planeta\/\" target=\"_blank\" rel=\"noreferrer noopener\">Veja 9 destinos do Chile que parecem de outro planeta.<\/a><\/li>\n<\/ul>\n\n<p>Foto de capa: Timothy Dhalliene<\/p>\n\n<p><\/p>\n","protected":false},"excerpt":{"rendered":"<p>No Chile, encontrar\u00e1 um ref\u00fagio para desligar, respirar e viver experi\u00eancias aut\u00eanticas. Um pa\u00eds extraordin\u00e1rio espera por si de bra\u00e7os abertos! Vivemos tempos de mudan\u00e7a constante. Por isso, cada vez mais viajantes procuram destinos que ofere\u00e7am autenticidade, tranquilidade e uma liga\u00e7\u00e3o genu\u00edna com a natureza. O Chile re\u00fane tudo isso e muito mais. Do Deserto [&hellip;]<\/p>\n","protected":false},"author":26,"featured_media":96298,"comment_status":"closed","ping_status":"closed","sticky":false,"template":"","format":"standard","meta":{"_acf_changed":false,"inline_featured_image":false,"powered_cache_disable_cache":false,"powered_cache_disable_lazyload":false,"powered_cache_disable_js_optimization":false,"footnotes":""},"categories":[7],"tags":[],"actividad":[781,1026],"destacado":[],"paisaje":[1133,1138],"region":[],"zona":[443,440,441,442],"class_list":["post-96337","post","type-post","status-publish","format-standard","has-post-thumbnail","hentry","category-nao-categorizado","actividad-aventura-e-esporte","actividad-turismo-urbano","paisaje-cidades","paisaje-patagonia","zona-santiago-valparaiso-e-vales-do-vinho","zona-florestas-lagos-e-vulcoes","zona-deserto-do-atacama-e-altiplano","zona-patagonia-e-antartida"],"acf":[],"yoast_head":"<!-- This site is optimized with the Yoast SEO plugin v27.5 - https:\/\/yoast.com\/product\/yoast-seo-wordpress\/ -->\n<title>5 raz\u00f5es para viajar para o Chile e desligar-se do mundo fren\u00e9tico<\/title>\n<meta name=\"description\" content=\"Contamos-lhe cinco raz\u00f5es para viajar para o Chile: desde a sua seguran\u00e7a at\u00e9 \u00e0 prote\u00e7\u00e3o que lhe oferecem os Andes.\" \/>\n<meta name=\"robots\" content=\"index, follow, max-snippet:-1, max-image-preview:large, max-video-preview:-1\" \/>\n<link rel=\"canonical\" href=\"https:\/\/chile.travel\/pt-br\/blog\/5-razoes-para-viajar-para-o-chile-e-desligar-se-de-um-mundo-frenetico\/\" \/>\n<meta property=\"og:locale\" content=\"pt_BR\" \/>\n<meta property=\"og:type\" content=\"article\" \/>\n<meta property=\"og:title\" content=\"5 raz\u00f5es para viajar para o Chile e desligar-se do mundo fren\u00e9tico\" \/>\n<meta property=\"og:description\" content=\"Contamos-lhe cinco raz\u00f5es para viajar para o Chile: desde a sua seguran\u00e7a at\u00e9 \u00e0 prote\u00e7\u00e3o que lhe oferecem os Andes.\" \/>\n<meta property=\"og:url\" content=\"https:\/\/chile.travel\/pt-br\/blog\/5-razoes-para-viajar-para-o-chile-e-desligar-se-de-um-mundo-frenetico\/\" \/>\n<meta property=\"og:site_name\" content=\"Chile Travel\" \/>\n<meta property=\"article:published_time\" content=\"2026-04-28T19:43:02+00:00\" \/>\n<meta property=\"article:modified_time\" content=\"2026-04-28T19:53:33+00:00\" \/>\n<meta property=\"og:image\" content=\"https:\/\/chile.travel\/wp-content\/uploads\/2026\/04\/09257883-bases-las-torres_cfd3485-aclarada-media-1024x680.jpg\" \/>\n\t<meta property=\"og:image:width\" content=\"1024\" \/>\n\t<meta property=\"og:image:height\" content=\"680\" \/>\n\t<meta property=\"og:image:type\" content=\"image\/jpeg\" \/>\n<meta name=\"author\" content=\"Pedro Cardenas\" \/>\n<meta name=\"twitter:card\" content=\"summary_large_image\" \/>\n<meta name=\"twitter:label1\" content=\"Escrito por\" \/>\n\t<meta name=\"twitter:data1\" content=\"Pedro Cardenas\" \/>\n\t<meta name=\"twitter:label2\" content=\"Est. tempo de leitura\" \/>\n\t<meta name=\"twitter:data2\" content=\"3 minutos\" \/>\n<script type=\"application\/ld+json\" class=\"yoast-schema-graph\">{\"@context\":\"https:\\\/\\\/schema.org\",\"@graph\":[{\"@type\":\"Article\",\"@id\":\"https:\\\/\\\/chile.travel\\\/pt-br\\\/blog\\\/5-razoes-para-viajar-para-o-chile-e-desligar-se-de-um-mundo-frenetico\\\/#article\",\"isPartOf\":{\"@id\":\"https:\\\/\\\/chile.travel\\\/pt-br\\\/blog\\\/5-razoes-para-viajar-para-o-chile-e-desligar-se-de-um-mundo-frenetico\\\/\"},\"author\":{\"name\":\"Pedro Cardenas\",\"@id\":\"https:\\\/\\\/stg.chile.travel\\\/pt-br\\\/#\\\/schema\\\/person\\\/184e80cef60cf314b5e3b3faaa8eb004\"},\"headline\":\"5 raz\u00f5es para viajar para o Chile e desligar-se de um mundo fren\u00e9tico\",\"datePublished\":\"2026-04-28T19:43:02+00:00\",\"dateModified\":\"2026-04-28T19:53:33+00:00\",\"mainEntityOfPage\":{\"@id\":\"https:\\\/\\\/chile.travel\\\/pt-br\\\/blog\\\/5-razoes-para-viajar-para-o-chile-e-desligar-se-de-um-mundo-frenetico\\\/\"},\"wordCount\":532,\"publisher\":{\"@id\":\"https:\\\/\\\/stg.chile.travel\\\/pt-br\\\/#organization\"},\"image\":{\"@id\":\"https:\\\/\\\/chile.travel\\\/pt-br\\\/blog\\\/5-razoes-para-viajar-para-o-chile-e-desligar-se-de-um-mundo-frenetico\\\/#primaryimage\"},\"thumbnailUrl\":\"https:\\\/\\\/chile.travel\\\/wp-content\\\/uploads\\\/2026\\\/04\\\/09257883-bases-las-torres_cfd3485-aclarada-media.jpg\",\"articleSection\":[\"N\u00e3o categorizado\"],\"inLanguage\":\"pt-BR\"},{\"@type\":\"WebPage\",\"@id\":\"https:\\\/\\\/chile.travel\\\/pt-br\\\/blog\\\/5-razoes-para-viajar-para-o-chile-e-desligar-se-de-um-mundo-frenetico\\\/\",\"url\":\"https:\\\/\\\/chile.travel\\\/pt-br\\\/blog\\\/5-razoes-para-viajar-para-o-chile-e-desligar-se-de-um-mundo-frenetico\\\/\",\"name\":\"5 raz\u00f5es para viajar para o Chile e desligar-se do mundo fren\u00e9tico\",\"isPartOf\":{\"@id\":\"https:\\\/\\\/stg.chile.travel\\\/pt-br\\\/#website\"},\"primaryImageOfPage\":{\"@id\":\"https:\\\/\\\/chile.travel\\\/pt-br\\\/blog\\\/5-razoes-para-viajar-para-o-chile-e-desligar-se-de-um-mundo-frenetico\\\/#primaryimage\"},\"image\":{\"@id\":\"https:\\\/\\\/chile.travel\\\/pt-br\\\/blog\\\/5-razoes-para-viajar-para-o-chile-e-desligar-se-de-um-mundo-frenetico\\\/#primaryimage\"},\"thumbnailUrl\":\"https:\\\/\\\/chile.travel\\\/wp-content\\\/uploads\\\/2026\\\/04\\\/09257883-bases-las-torres_cfd3485-aclarada-media.jpg\",\"datePublished\":\"2026-04-28T19:43:02+00:00\",\"dateModified\":\"2026-04-28T19:53:33+00:00\",\"description\":\"Contamos-lhe cinco raz\u00f5es para viajar para o Chile: desde a sua seguran\u00e7a at\u00e9 \u00e0 prote\u00e7\u00e3o que lhe oferecem os Andes.\",\"breadcrumb\":{\"@id\":\"https:\\\/\\\/chile.travel\\\/pt-br\\\/blog\\\/5-razoes-para-viajar-para-o-chile-e-desligar-se-de-um-mundo-frenetico\\\/#breadcrumb\"},\"inLanguage\":\"pt-BR\",\"potentialAction\":[{\"@type\":\"ReadAction\",\"target\":[\"https:\\\/\\\/chile.travel\\\/pt-br\\\/blog\\\/5-razoes-para-viajar-para-o-chile-e-desligar-se-de-um-mundo-frenetico\\\/\"]}]},{\"@type\":\"ImageObject\",\"inLanguage\":\"pt-BR\",\"@id\":\"https:\\\/\\\/chile.travel\\\/pt-br\\\/blog\\\/5-razoes-para-viajar-para-o-chile-e-desligar-se-de-um-mundo-frenetico\\\/#primaryimage\",\"url\":\"https:\\\/\\\/chile.travel\\\/wp-content\\\/uploads\\\/2026\\\/04\\\/09257883-bases-las-torres_cfd3485-aclarada-media.jpg\",\"contentUrl\":\"https:\\\/\\\/chile.travel\\\/wp-content\\\/uploads\\\/2026\\\/04\\\/09257883-bases-las-torres_cfd3485-aclarada-media.jpg\",\"width\":2067,\"height\":1373},{\"@type\":\"BreadcrumbList\",\"@id\":\"https:\\\/\\\/chile.travel\\\/pt-br\\\/blog\\\/5-razoes-para-viajar-para-o-chile-e-desligar-se-de-um-mundo-frenetico\\\/#breadcrumb\",\"itemListElement\":[{\"@type\":\"ListItem\",\"position\":1,\"name\":\"Portada\",\"item\":\"https:\\\/\\\/stg.chile.travel\\\/pt-br\\\/\"},{\"@type\":\"ListItem\",\"position\":2,\"name\":\"5 raz\u00f5es para viajar para o Chile e desligar-se de um mundo fren\u00e9tico\"}]},{\"@type\":\"WebSite\",\"@id\":\"https:\\\/\\\/stg.chile.travel\\\/pt-br\\\/#website\",\"url\":\"https:\\\/\\\/stg.chile.travel\\\/pt-br\\\/\",\"name\":\"Chile Travel\",\"description\":\"\",\"publisher\":{\"@id\":\"https:\\\/\\\/stg.chile.travel\\\/pt-br\\\/#organization\"},\"potentialAction\":[{\"@type\":\"SearchAction\",\"target\":{\"@type\":\"EntryPoint\",\"urlTemplate\":\"https:\\\/\\\/stg.chile.travel\\\/pt-br\\\/?s={search_term_string}\"},\"query-input\":{\"@type\":\"PropertyValueSpecification\",\"valueRequired\":true,\"valueName\":\"search_term_string\"}}],\"inLanguage\":\"pt-BR\"},{\"@type\":\"Organization\",\"@id\":\"https:\\\/\\\/stg.chile.travel\\\/pt-br\\\/#organization\",\"name\":\"Chile Travel\",\"url\":\"https:\\\/\\\/stg.chile.travel\\\/pt-br\\\/\",\"logo\":{\"@type\":\"ImageObject\",\"inLanguage\":\"pt-BR\",\"@id\":\"https:\\\/\\\/stg.chile.travel\\\/pt-br\\\/#\\\/schema\\\/logo\\\/image\\\/\",\"url\":\"https:\\\/\\\/chile.travel\\\/wp-content\\\/uploads\\\/2025\\\/12\\\/84152706-logo-travel.svg\",\"contentUrl\":\"https:\\\/\\\/chile.travel\\\/wp-content\\\/uploads\\\/2025\\\/12\\\/84152706-logo-travel.svg\",\"width\":189,\"height\":225,\"caption\":\"Chile Travel\"},\"image\":{\"@id\":\"https:\\\/\\\/stg.chile.travel\\\/pt-br\\\/#\\\/schema\\\/logo\\\/image\\\/\"}},{\"@type\":\"Person\",\"@id\":\"https:\\\/\\\/stg.chile.travel\\\/pt-br\\\/#\\\/schema\\\/person\\\/184e80cef60cf314b5e3b3faaa8eb004\",\"name\":\"Pedro Cardenas\",\"image\":{\"@type\":\"ImageObject\",\"inLanguage\":\"pt-BR\",\"@id\":\"https:\\\/\\\/secure.gravatar.com\\\/avatar\\\/2fa80188ef443d49c66106474129f40527d7d5272b4087ec3c5894a7a9424f61?s=96&d=mm&r=g\",\"url\":\"https:\\\/\\\/secure.gravatar.com\\\/avatar\\\/2fa80188ef443d49c66106474129f40527d7d5272b4087ec3c5894a7a9424f61?s=96&d=mm&r=g\",\"contentUrl\":\"https:\\\/\\\/secure.gravatar.com\\\/avatar\\\/2fa80188ef443d49c66106474129f40527d7d5272b4087ec3c5894a7a9424f61?s=96&d=mm&r=g\",\"caption\":\"Pedro Cardenas\"},\"url\":\"https:\\\/\\\/chile.travel\\\/pt-br\\\/blog\\\/author\\\/pcardenas\\\/\"}]}<\/script>\n<!-- \/ Yoast SEO plugin. -->","yoast_head_json":{"title":"5 raz\u00f5es para viajar para o Chile e desligar-se do mundo fren\u00e9tico","description":"Contamos-lhe cinco raz\u00f5es para viajar para o Chile: desde a sua seguran\u00e7a at\u00e9 \u00e0 prote\u00e7\u00e3o que lhe oferecem os Andes.","robots":{"index":"index","follow":"follow","max-snippet":"max-snippet:-1","max-image-preview":"max-image-preview:large","max-video-preview":"max-video-preview:-1"},"canonical":"https:\/\/chile.travel\/pt-br\/blog\/5-razoes-para-viajar-para-o-chile-e-desligar-se-de-um-mundo-frenetico\/","og_locale":"pt_BR","og_type":"article","og_title":"5 raz\u00f5es para viajar para o Chile e desligar-se do mundo fren\u00e9tico","og_description":"Contamos-lhe cinco raz\u00f5es para viajar para o Chile: desde a sua seguran\u00e7a at\u00e9 \u00e0 prote\u00e7\u00e3o que lhe oferecem os Andes.","og_url":"https:\/\/chile.travel\/pt-br\/blog\/5-razoes-para-viajar-para-o-chile-e-desligar-se-de-um-mundo-frenetico\/","og_site_name":"Chile Travel","article_published_time":"2026-04-28T19:43:02+00:00","article_modified_time":"2026-04-28T19:53:33+00:00","og_image":[{"width":1024,"height":680,"url":"https:\/\/chile.travel\/wp-content\/uploads\/2026\/04\/09257883-bases-las-torres_cfd3485-aclarada-media-1024x680.jpg","type":"image\/jpeg"}],"author":"Pedro Cardenas","twitter_card":"summary_large_image","twitter_misc":{"Escrito por":"Pedro Cardenas","Est. tempo de leitura":"3 minutos"},"schema":{"@context":"https:\/\/schema.org","@graph":[{"@type":"Article","@id":"https:\/\/chile.travel\/pt-br\/blog\/5-razoes-para-viajar-para-o-chile-e-desligar-se-de-um-mundo-frenetico\/#article","isPartOf":{"@id":"https:\/\/chile.travel\/pt-br\/blog\/5-razoes-para-viajar-para-o-chile-e-desligar-se-de-um-mundo-frenetico\/"},"author":{"name":"Pedro Cardenas","@id":"https:\/\/stg.chile.travel\/pt-br\/#\/schema\/person\/184e80cef60cf314b5e3b3faaa8eb004"},"headline":"5 raz\u00f5es para viajar para o Chile e desligar-se de um mundo fren\u00e9tico","datePublished":"2026-04-28T19:43:02+00:00","dateModified":"2026-04-28T19:53:33+00:00","mainEntityOfPage":{"@id":"https:\/\/chile.travel\/pt-br\/blog\/5-razoes-para-viajar-para-o-chile-e-desligar-se-de-um-mundo-frenetico\/"},"wordCount":532,"publisher":{"@id":"https:\/\/stg.chile.travel\/pt-br\/#organization"},"image":{"@id":"https:\/\/chile.travel\/pt-br\/blog\/5-razoes-para-viajar-para-o-chile-e-desligar-se-de-um-mundo-frenetico\/#primaryimage"},"thumbnailUrl":"https:\/\/chile.travel\/wp-content\/uploads\/2026\/04\/09257883-bases-las-torres_cfd3485-aclarada-media.jpg","articleSection":["N\u00e3o categorizado"],"inLanguage":"pt-BR"},{"@type":"WebPage","@id":"https:\/\/chile.travel\/pt-br\/blog\/5-razoes-para-viajar-para-o-chile-e-desligar-se-de-um-mundo-frenetico\/","url":"https:\/\/chile.travel\/pt-br\/blog\/5-razoes-para-viajar-para-o-chile-e-desligar-se-de-um-mundo-frenetico\/","name":"5 raz\u00f5es para viajar para o Chile e desligar-se do mundo fren\u00e9tico","isPartOf":{"@id":"https:\/\/stg.chile.travel\/pt-br\/#website"},"primaryImageOfPage":{"@id":"https:\/\/chile.travel\/pt-br\/blog\/5-razoes-para-viajar-para-o-chile-e-desligar-se-de-um-mundo-frenetico\/#primaryimage"},"image":{"@id":"https:\/\/chile.travel\/pt-br\/blog\/5-razoes-para-viajar-para-o-chile-e-desligar-se-de-um-mundo-frenetico\/#primaryimage"},"thumbnailUrl":"https:\/\/chile.travel\/wp-content\/uploads\/2026\/04\/09257883-bases-las-torres_cfd3485-aclarada-media.jpg","datePublished":"2026-04-28T19:43:02+00:00","dateModified":"2026-04-28T19:53:33+00:00","description":"Contamos-lhe cinco raz\u00f5es para viajar para o Chile: desde a sua seguran\u00e7a at\u00e9 \u00e0 prote\u00e7\u00e3o que lhe oferecem os Andes.","breadcrumb":{"@id":"https:\/\/chile.travel\/pt-br\/blog\/5-razoes-para-viajar-para-o-chile-e-desligar-se-de-um-mundo-frenetico\/#breadcrumb"},"inLanguage":"pt-BR","potentialAction":[{"@type":"ReadAction","target":["https:\/\/chile.travel\/pt-br\/blog\/5-razoes-para-viajar-para-o-chile-e-desligar-se-de-um-mundo-frenetico\/"]}]},{"@type":"ImageObject","inLanguage":"pt-BR","@id":"https:\/\/chile.travel\/pt-br\/blog\/5-razoes-para-viajar-para-o-chile-e-desligar-se-de-um-mundo-frenetico\/#primaryimage","url":"https:\/\/chile.travel\/wp-content\/uploads\/2026\/04\/09257883-bases-las-torres_cfd3485-aclarada-media.jpg","contentUrl":"https:\/\/chile.travel\/wp-content\/uploads\/2026\/04\/09257883-bases-las-torres_cfd3485-aclarada-media.jpg","width":2067,"height":1373},{"@type":"BreadcrumbList","@id":"https:\/\/chile.travel\/pt-br\/blog\/5-razoes-para-viajar-para-o-chile-e-desligar-se-de-um-mundo-frenetico\/#breadcrumb","itemListElement":[{"@type":"ListItem","position":1,"name":"Portada","item":"https:\/\/stg.chile.travel\/pt-br\/"},{"@type":"ListItem","position":2,"name":"5 raz\u00f5es para viajar para o Chile e desligar-se de um mundo fren\u00e9tico"}]},{"@type":"WebSite","@id":"https:\/\/stg.chile.travel\/pt-br\/#website","url":"https:\/\/stg.chile.travel\/pt-br\/","name":"Chile Travel","description":"","publisher":{"@id":"https:\/\/stg.chile.travel\/pt-br\/#organization"},"potentialAction":[{"@type":"SearchAction","target":{"@type":"EntryPoint","urlTemplate":"https:\/\/stg.chile.travel\/pt-br\/?s={search_term_string}"},"query-input":{"@type":"PropertyValueSpecification","valueRequired":true,"valueName":"search_term_string"}}],"inLanguage":"pt-BR"},{"@type":"Organization","@id":"https:\/\/stg.chile.travel\/pt-br\/#organization","name":"Chile Travel","url":"https:\/\/stg.chile.travel\/pt-br\/","logo":{"@type":"ImageObject","inLanguage":"pt-BR","@id":"https:\/\/stg.chile.travel\/pt-br\/#\/schema\/logo\/image\/","url":"https:\/\/chile.travel\/wp-content\/uploads\/2025\/12\/84152706-logo-travel.svg","contentUrl":"https:\/\/chile.travel\/wp-content\/uploads\/2025\/12\/84152706-logo-travel.svg","width":189,"height":225,"caption":"Chile Travel"},"image":{"@id":"https:\/\/stg.chile.travel\/pt-br\/#\/schema\/logo\/image\/"}},{"@type":"Person","@id":"https:\/\/stg.chile.travel\/pt-br\/#\/schema\/person\/184e80cef60cf314b5e3b3faaa8eb004","name":"Pedro Cardenas","image":{"@type":"ImageObject","inLanguage":"pt-BR","@id":"https:\/\/secure.gravatar.com\/avatar\/2fa80188ef443d49c66106474129f40527d7d5272b4087ec3c5894a7a9424f61?s=96&d=mm&r=g","url":"https:\/\/secure.gravatar.com\/avatar\/2fa80188ef443d49c66106474129f40527d7d5272b4087ec3c5894a7a9424f61?s=96&d=mm&r=g","contentUrl":"https:\/\/secure.gravatar.com\/avatar\/2fa80188ef443d49c66106474129f40527d7d5272b4087ec3c5894a7a9424f61?s=96&d=mm&r=g","caption":"Pedro Cardenas"},"url":"https:\/\/chile.travel\/pt-br\/blog\/author\/pcardenas\/"}]}},"_links":{"self":[{"href":"https:\/\/chile.travel\/pt-br\/wp-json\/wp\/v2\/posts\/96337","targetHints":{"allow":["GET"]}}],"collection":[{"href":"https:\/\/chile.travel\/pt-br\/wp-json\/wp\/v2\/posts"}],"about":[{"href":"https:\/\/chile.travel\/pt-br\/wp-json\/wp\/v2\/types\/post"}],"author":[{"embeddable":true,"href":"https:\/\/chile.travel\/pt-br\/wp-json\/wp\/v2\/users\/26"}],"replies":[{"embeddable":true,"href":"https:\/\/chile.travel\/pt-br\/wp-json\/wp\/v2\/comments?post=96337"}],"version-history":[{"count":1,"href":"https:\/\/chile.travel\/pt-br\/wp-json\/wp\/v2\/posts\/96337\/revisions"}],"predecessor-version":[{"id":96338,"href":"https:\/\/chile.travel\/pt-br\/wp-json\/wp\/v2\/posts\/96337\/revisions\/96338"}],"wp:featuredmedia":[{"embeddable":true,"href":"https:\/\/chile.travel\/pt-br\/wp-json\/wp\/v2\/media\/96298"}],"wp:attachment":[{"href":"https:\/\/chile.travel\/pt-br\/wp-json\/wp\/v2\/media?parent=96337"}],"wp:term":[{"taxonomy":"category","embeddable":true,"href":"https:\/\/chile.travel\/pt-br\/wp-json\/wp\/v2\/categories?post=96337"},{"taxonomy":"post_tag","embeddable":true,"href":"https:\/\/chile.travel\/pt-br\/wp-json\/wp\/v2\/tags?post=96337"},{"taxonomy":"actividad","embeddable":true,"href":"https:\/\/chile.travel\/pt-br\/wp-json\/wp\/v2\/actividad?post=96337"},{"taxonomy":"destacado","embeddable":true,"href":"https:\/\/chile.travel\/pt-br\/wp-json\/wp\/v2\/destacado?post=96337"},{"taxonomy":"paisaje","embeddable":true,"href":"https:\/\/chile.travel\/pt-br\/wp-json\/wp\/v2\/paisaje?post=96337"},{"taxonomy":"region","embeddable":true,"href":"https:\/\/chile.travel\/pt-br\/wp-json\/wp\/v2\/region?post=96337"},{"taxonomy":"zona","embeddable":true,"href":"https:\/\/chile.travel\/pt-br\/wp-json\/wp\/v2\/zona?post=96337"}],"curies":[{"name":"wp","href":"https:\/\/api.w.org\/{rel}","templated":true}]}}