






{"id":96326,"date":"2026-04-28T15:42:15","date_gmt":"2026-04-28T19:42:15","guid":{"rendered":"https:\/\/chile.travel\/blog\/por-que-a-cordilheira-dos-andes-transforma-o-chile-num-refugio-unico\/"},"modified":"2026-04-28T15:52:31","modified_gmt":"2026-04-28T19:52:31","slug":"por-que-a-cordilheira-dos-andes-transforma-o-chile-num-refugio-unico","status":"publish","type":"post","link":"https:\/\/chile.travel\/pt-br\/blog\/por-que-a-cordilheira-dos-andes-transforma-o-chile-num-refugio-unico\/","title":{"rendered":"Por que a Cordilheira dos Andes transforma o Chile num ref\u00fagio \u00fanico"},"content":{"rendered":"\n<p><strong>Por que o Chile \u00e9 um ref\u00fagio natural \u00fanico?<\/strong> A resposta est\u00e1 na <strong>Cordilheira dos Andes<\/strong>, uma muralha com mais de <strong>4.300 quil\u00f3metros de extens\u00e3o<\/strong> que transforma o pa\u00eds numa verdadeira ilha biogeogr\u00e1fica.<\/p>\n\n<p>Os Andes atuam como <strong>barreira clim\u00e1tica, uma reserva estrat\u00e9gica de \u00e1gua doce e um santu\u00e1rio de biodiversidade,<\/strong> moldando <a href=\"https:\/\/chile.travel\/pt-br\/blog\/9-lugares-do-chile-que-parecem-de-outro-planeta\/\">paisagens \u00fanicas no mundo<\/a>.<\/p>\n\n<h2 class=\"wp-block-heading\"><a><\/a>Os Andes e o clima privilegiado do Chile<\/h2>\n\n<p>A <strong>Cordilheira dos Andes<\/strong> \u00e9 o grande segredo por tr\u00e1s da surpreendente diversidade chilena. Com cumes que superam os 6.000 metros, esta cadeia montanhosa atua como um <strong>\u201cbiombo clim\u00e1tico\u201d<\/strong> natural que molda microclimas ao longo do territ\u00f3rio: <\/p>\n\n<ul class=\"wp-block-list\">\n<li><strong>O guardi\u00e3o dos c\u00e9us limpos no norte: <\/strong> Ao bloquear a humidade que vem do leste, os Andes permitem a exist\u00eancia do<a href=\"https:\/\/chile.travel\/pt-br\/areas\/deserto-do-atacama-e-altiplano\/\"> Deserto do Atacama<\/a>, o mais \u00e1rido do mundo. Esta barreira garante c\u00e9us livres de nuvens, consolidando o norte do Chile como a capital mundial da astronomia. <\/li>\n\n\n\n<li><strong>Um ref\u00fagio para a viticultura na zona central: <\/strong>A montanha regula as temperaturas em <a href=\"https:\/\/chile.travel\/blog\/valles-vitivinicolas-las-mejores-rutas-de-vino-en-chile-2\/\">vales emblem\u00e1ticos como Maipo e Colchagua<\/a>. Aqui, a cordilheira nutre solos f\u00e9rteis para produzir vinhos de classe mundial. <\/li>\n\n\n\n<li><strong>Vida no sul: <\/strong>A cordilheira capta a humidade do Pac\u00edfico para a transformar nas chuvas que alimentam <a href=\"https:\/\/chile.travel\/blog\/glaciares-de-chile-caminatas-navegaciones-alucinantes\/\">glaciares imponentes<\/a> e florestas sempre-verdes.<\/li>\n<\/ul>\n\n<h2 class=\"wp-block-heading\"><a><\/a>Por que os Andes s\u00e3o a principal fonte de \u00e1gua doce?<\/h2>\n\n<figure class=\"wp-block-image size-full\"><img loading=\"lazy\" decoding=\"async\" width=\"903\" height=\"677\" src=\"https:\/\/chile.travel\/wp-content\/uploads\/2026\/04\/a55d9c5b-image-1.jpeg\" alt=\"\" class=\"wp-image-96306\" srcset=\"https:\/\/chile.travel\/wp-content\/uploads\/2026\/04\/a55d9c5b-image-1.jpeg 903w, https:\/\/chile.travel\/wp-content\/uploads\/2026\/04\/a55d9c5b-image-1-300x225.jpeg 300w, https:\/\/chile.travel\/wp-content\/uploads\/2026\/04\/a55d9c5b-image-1-768x576.jpeg 768w\" sizes=\"auto, (max-width: 903px) 100vw, 903px\" \/><\/figure>\n\n<p>Fotografia: <a href=\"https:\/\/www.instagram.com\/p\/CtT43JlPVlE\/?img_index=1\">@skycostanera<\/a><\/p>\n\n<p><strong>A Cordilheira dos Andes \u00e9 o cora\u00e7\u00e3o h\u00eddrico do Chile<\/strong>. Gra\u00e7as \u00e0 sua imponente altitude, atua como o suporte f\u00edsico e clim\u00e1tico que permite a forma\u00e7\u00e3o de glaciares, os quais abastecem grande parte do pa\u00eds, armazenando \u00e1gua no inverno para a libertar no ver\u00e3o. <\/p>\n\n<p>O nosso pa\u00eds concentra cerca de <strong>75% dos glaciares do continente<\/strong>, muitos dos quais podem ser observados em destinos como o <a href=\"https:\/\/chile.travel\/pt-br\/atracoes\/parque-nacional-laguna-san-rafael\/\">Parque Nacional Laguna San Rafael<\/a> ou nas imponentes paisagens do <a href=\"https:\/\/chile.travel\/itinerarios\/glaciares-y-trekking-en-lo-mas-austral-del-mundo\/\">Campo de Gelo Sul<\/a>.<\/p>\n\n<p>Estes ecossistemas n\u00e3o s\u00f3 criam postais inesquec\u00edveis, como tamb\u00e9m sustentam rios, vales e cidades ao longo do territ\u00f3rio.<\/p>\n\n<h2 class=\"wp-block-heading\"><a><\/a>Os Andes: Um ref\u00fagio de biodiversidade.<\/h2>\n\n<p>A <strong>Cordilheira dos Andes<\/strong> permitiu o crescimento de uma biodiversidade \u00fanica.<\/p>\n\n<ul class=\"wp-block-list\">\n<li><strong>Flora ancestral: <\/strong>Cerca de <strong>50% das plantas chilenas s\u00e3o \u00fanicas<\/strong>. Destacam-se a <strong>Araucaria araucana ou pehu\u00e9n<\/strong>, sagrada para os povos origin\u00e1rios, e o <strong>Alerce andino<\/strong>, com exemplares como o &#8220;Grande Av\u00f4&#8221; de mais de 5.400 anos. <\/li>\n\n\n\n<li><strong>Fauna: <\/strong>Somos o lar de esp\u00e9cies como o <strong>huemul<\/strong>, a <strong>r\u00e3-de-Darwin<\/strong>, o <strong>puma<\/strong> e a <strong>vizcacha<\/strong>, esp\u00e9cies que se encontram na acidentada geografia andina.<\/li>\n\n\n\n<li>Al\u00e9m disso, atua como um <strong>filtro biol\u00f3gico<\/strong> que impede a entrada de doen\u00e7as e pragas externas. \u00c9 fascinante a hist\u00f3ria da carmenere, casta que tinha sido considerada extinta ap\u00f3s o aparecimento do inseto filoxera na Europa e que no Chile se manteve protegida. <\/li>\n<\/ul>\n\n<h2 class=\"wp-block-heading\"><a><\/a>Venha ao Chile e conhe\u00e7a Os Andes<\/h2>\n\n<figure class=\"wp-block-image size-full\"><img loading=\"lazy\" decoding=\"async\" width=\"876\" height=\"876\" src=\"https:\/\/chile.travel\/wp-content\/uploads\/2026\/04\/a55d9c5b-image-2.jpeg\" alt=\"\" class=\"wp-image-96314\" srcset=\"https:\/\/chile.travel\/wp-content\/uploads\/2026\/04\/a55d9c5b-image-2.jpeg 876w, https:\/\/chile.travel\/wp-content\/uploads\/2026\/04\/a55d9c5b-image-2-300x300.jpeg 300w, https:\/\/chile.travel\/wp-content\/uploads\/2026\/04\/a55d9c5b-image-2-150x150.jpeg 150w, https:\/\/chile.travel\/wp-content\/uploads\/2026\/04\/a55d9c5b-image-2-768x768.jpeg 768w\" sizes=\"auto, (max-width: 876px) 100vw, 876px\" \/><\/figure>\n\n<p>Fotografia: <a href=\"https:\/\/www.instagram.com\/p\/DEJblDPRW0u\/\">@yerkobustillos<\/a><\/p>\n\n<p>Os Andes s\u00e3o um dos postais mais famosos do Chile. Especialmente em Santiago, a cordilheira \u00e9 vis\u00edvel de diferentes pontos, tornando-se um gigantesco guardi\u00e3o que forjou o car\u00e1ter da nossa gente. <\/p>\n\n<p>Gostaria de visitar Os Andes? Pode faz\u00ea-lo atrav\u00e9s das seguintes atividades: <\/p>\n\n<ul class=\"wp-block-list\">\n<li><strong>Visite os centros de ski<\/strong>: Durante o inverno, centros como Valle Nevado ou Portillo oferecem uma imers\u00e3o total na neve andina.<\/li>\n\n\n\n<li><strong>Caminhada em Parques Nacionais<\/strong>: Rotas no Parque Nacional Conguill\u00edo ou Torres del Paine permitir-lhe-\u00e3o caminhar entre florestas de arauc\u00e1rias e glaciares.<\/li>\n\n\n\n<li><strong>Observa\u00e7\u00e3o de estrelas<\/strong>: No norte, aproveite a prote\u00e7\u00e3o clim\u00e1tica dos Andes para visitar observat\u00f3rios astron\u00f3micos e maravilhar-se com o cosmos.<\/li>\n<\/ul>\n","protected":false},"excerpt":{"rendered":"<p>Por que o Chile \u00e9 um ref\u00fagio natural \u00fanico? A resposta est\u00e1 na Cordilheira dos Andes, uma muralha com mais de 4.300 quil\u00f3metros de extens\u00e3o que transforma o pa\u00eds numa verdadeira ilha biogeogr\u00e1fica. Os Andes atuam como barreira clim\u00e1tica, uma reserva estrat\u00e9gica de \u00e1gua doce e um santu\u00e1rio de biodiversidade, moldando paisagens \u00fanicas no mundo. [&hellip;]<\/p>\n","protected":false},"author":26,"featured_media":96323,"comment_status":"closed","ping_status":"closed","sticky":false,"template":"","format":"standard","meta":{"_acf_changed":false,"inline_featured_image":false,"powered_cache_disable_cache":false,"powered_cache_disable_lazyload":false,"powered_cache_disable_js_optimization":false,"footnotes":""},"categories":[7],"tags":[],"actividad":[781,782,783,800,3104],"destacado":[],"paisaje":[1137],"region":[],"zona":[440,441,442,443],"class_list":["post-96326","post","type-post","status-publish","format-standard","has-post-thumbnail","hentry","category-nao-categorizado","actividad-aventura-e-esporte","actividad-experiencias-de-montanha","actividad-natureza-e-parques-nacionais","actividad-observacao-de-flora-fauna-e-paisagens","actividad-esqui-e-neve","paisaje-montanha-e-neve","zona-florestas-lagos-e-vulcoes","zona-deserto-do-atacama-e-altiplano","zona-patagonia-e-antartida","zona-santiago-valparaiso-e-vales-do-vinho"],"acf":[],"yoast_head":"<!-- This site is optimized with the Yoast SEO plugin v27.5 - https:\/\/yoast.com\/product\/yoast-seo-wordpress\/ -->\n<title>Por que os Andes transformam o Chile num ref\u00fagio - Chile Travecl<\/title>\n<meta name=\"description\" content=\"O Chile \u00e9 um ref\u00fagio natural gra\u00e7as \u00e0 Cordilheira dos Andes: regula o clima, fornece \u00e1gua e protege a biodiversidade \u00fanica de norte a sul.\" \/>\n<meta name=\"robots\" content=\"index, follow, max-snippet:-1, max-image-preview:large, max-video-preview:-1\" \/>\n<link rel=\"canonical\" href=\"https:\/\/chile.travel\/pt-br\/blog\/por-que-a-cordilheira-dos-andes-transforma-o-chile-num-refugio-unico\/\" \/>\n<meta property=\"og:locale\" content=\"pt_BR\" \/>\n<meta property=\"og:type\" content=\"article\" \/>\n<meta property=\"og:title\" content=\"Por que os Andes transformam o Chile num ref\u00fagio - Chile Travecl\" \/>\n<meta property=\"og:description\" content=\"O Chile \u00e9 um ref\u00fagio natural gra\u00e7as \u00e0 Cordilheira dos Andes: regula o clima, fornece \u00e1gua e protege a biodiversidade \u00fanica de norte a sul.\" \/>\n<meta property=\"og:url\" content=\"https:\/\/chile.travel\/pt-br\/blog\/por-que-a-cordilheira-dos-andes-transforma-o-chile-num-refugio-unico\/\" \/>\n<meta property=\"og:site_name\" content=\"Chile Travel\" \/>\n<meta property=\"article:published_time\" content=\"2026-04-28T19:42:15+00:00\" \/>\n<meta property=\"article:modified_time\" content=\"2026-04-28T19:52:31+00:00\" \/>\n<meta property=\"og:image\" content=\"https:\/\/chile.travel\/wp-content\/uploads\/2026\/04\/afea3a02-1cordillera-andes-chile-refugio-natural.jpg\" \/>\n\t<meta property=\"og:image:width\" content=\"1600\" \/>\n\t<meta property=\"og:image:height\" content=\"840\" \/>\n\t<meta property=\"og:image:type\" content=\"image\/jpeg\" \/>\n<meta name=\"author\" content=\"Pedro Cardenas\" \/>\n<meta name=\"twitter:card\" content=\"summary_large_image\" \/>\n<meta name=\"twitter:label1\" content=\"Escrito por\" \/>\n\t<meta name=\"twitter:data1\" content=\"Pedro Cardenas\" \/>\n\t<meta name=\"twitter:label2\" content=\"Est. tempo de leitura\" \/>\n\t<meta name=\"twitter:data2\" content=\"3 minutos\" \/>\n<script type=\"application\/ld+json\" class=\"yoast-schema-graph\">{\"@context\":\"https:\\\/\\\/schema.org\",\"@graph\":[{\"@type\":\"Article\",\"@id\":\"https:\\\/\\\/chile.travel\\\/pt-br\\\/blog\\\/por-que-a-cordilheira-dos-andes-transforma-o-chile-num-refugio-unico\\\/#article\",\"isPartOf\":{\"@id\":\"https:\\\/\\\/chile.travel\\\/pt-br\\\/blog\\\/por-que-a-cordilheira-dos-andes-transforma-o-chile-num-refugio-unico\\\/\"},\"author\":{\"name\":\"Pedro Cardenas\",\"@id\":\"https:\\\/\\\/stg.chile.travel\\\/pt-br\\\/#\\\/schema\\\/person\\\/184e80cef60cf314b5e3b3faaa8eb004\"},\"headline\":\"Por que a Cordilheira dos Andes transforma o Chile num ref\u00fagio \u00fanico\",\"datePublished\":\"2026-04-28T19:42:15+00:00\",\"dateModified\":\"2026-04-28T19:52:31+00:00\",\"mainEntityOfPage\":{\"@id\":\"https:\\\/\\\/chile.travel\\\/pt-br\\\/blog\\\/por-que-a-cordilheira-dos-andes-transforma-o-chile-num-refugio-unico\\\/\"},\"wordCount\":607,\"publisher\":{\"@id\":\"https:\\\/\\\/stg.chile.travel\\\/pt-br\\\/#organization\"},\"image\":{\"@id\":\"https:\\\/\\\/chile.travel\\\/pt-br\\\/blog\\\/por-que-a-cordilheira-dos-andes-transforma-o-chile-num-refugio-unico\\\/#primaryimage\"},\"thumbnailUrl\":\"https:\\\/\\\/chile.travel\\\/wp-content\\\/uploads\\\/2026\\\/04\\\/afea3a02-1cordillera-andes-chile-refugio-natural.jpg\",\"articleSection\":[\"N\u00e3o categorizado\"],\"inLanguage\":\"pt-BR\"},{\"@type\":\"WebPage\",\"@id\":\"https:\\\/\\\/chile.travel\\\/pt-br\\\/blog\\\/por-que-a-cordilheira-dos-andes-transforma-o-chile-num-refugio-unico\\\/\",\"url\":\"https:\\\/\\\/chile.travel\\\/pt-br\\\/blog\\\/por-que-a-cordilheira-dos-andes-transforma-o-chile-num-refugio-unico\\\/\",\"name\":\"Por que os Andes transformam o Chile num ref\u00fagio - Chile Travecl\",\"isPartOf\":{\"@id\":\"https:\\\/\\\/stg.chile.travel\\\/pt-br\\\/#website\"},\"primaryImageOfPage\":{\"@id\":\"https:\\\/\\\/chile.travel\\\/pt-br\\\/blog\\\/por-que-a-cordilheira-dos-andes-transforma-o-chile-num-refugio-unico\\\/#primaryimage\"},\"image\":{\"@id\":\"https:\\\/\\\/chile.travel\\\/pt-br\\\/blog\\\/por-que-a-cordilheira-dos-andes-transforma-o-chile-num-refugio-unico\\\/#primaryimage\"},\"thumbnailUrl\":\"https:\\\/\\\/chile.travel\\\/wp-content\\\/uploads\\\/2026\\\/04\\\/afea3a02-1cordillera-andes-chile-refugio-natural.jpg\",\"datePublished\":\"2026-04-28T19:42:15+00:00\",\"dateModified\":\"2026-04-28T19:52:31+00:00\",\"description\":\"O Chile \u00e9 um ref\u00fagio natural gra\u00e7as \u00e0 Cordilheira dos Andes: regula o clima, fornece \u00e1gua e protege a biodiversidade \u00fanica de norte a sul.\",\"breadcrumb\":{\"@id\":\"https:\\\/\\\/chile.travel\\\/pt-br\\\/blog\\\/por-que-a-cordilheira-dos-andes-transforma-o-chile-num-refugio-unico\\\/#breadcrumb\"},\"inLanguage\":\"pt-BR\",\"potentialAction\":[{\"@type\":\"ReadAction\",\"target\":[\"https:\\\/\\\/chile.travel\\\/pt-br\\\/blog\\\/por-que-a-cordilheira-dos-andes-transforma-o-chile-num-refugio-unico\\\/\"]}]},{\"@type\":\"ImageObject\",\"inLanguage\":\"pt-BR\",\"@id\":\"https:\\\/\\\/chile.travel\\\/pt-br\\\/blog\\\/por-que-a-cordilheira-dos-andes-transforma-o-chile-num-refugio-unico\\\/#primaryimage\",\"url\":\"https:\\\/\\\/chile.travel\\\/wp-content\\\/uploads\\\/2026\\\/04\\\/afea3a02-1cordillera-andes-chile-refugio-natural.jpg\",\"contentUrl\":\"https:\\\/\\\/chile.travel\\\/wp-content\\\/uploads\\\/2026\\\/04\\\/afea3a02-1cordillera-andes-chile-refugio-natural.jpg\",\"width\":1600,\"height\":840},{\"@type\":\"BreadcrumbList\",\"@id\":\"https:\\\/\\\/chile.travel\\\/pt-br\\\/blog\\\/por-que-a-cordilheira-dos-andes-transforma-o-chile-num-refugio-unico\\\/#breadcrumb\",\"itemListElement\":[{\"@type\":\"ListItem\",\"position\":1,\"name\":\"Portada\",\"item\":\"https:\\\/\\\/stg.chile.travel\\\/pt-br\\\/\"},{\"@type\":\"ListItem\",\"position\":2,\"name\":\"Por que a Cordilheira dos Andes transforma o Chile num ref\u00fagio \u00fanico\"}]},{\"@type\":\"WebSite\",\"@id\":\"https:\\\/\\\/stg.chile.travel\\\/pt-br\\\/#website\",\"url\":\"https:\\\/\\\/stg.chile.travel\\\/pt-br\\\/\",\"name\":\"Chile Travel\",\"description\":\"\",\"publisher\":{\"@id\":\"https:\\\/\\\/stg.chile.travel\\\/pt-br\\\/#organization\"},\"potentialAction\":[{\"@type\":\"SearchAction\",\"target\":{\"@type\":\"EntryPoint\",\"urlTemplate\":\"https:\\\/\\\/stg.chile.travel\\\/pt-br\\\/?s={search_term_string}\"},\"query-input\":{\"@type\":\"PropertyValueSpecification\",\"valueRequired\":true,\"valueName\":\"search_term_string\"}}],\"inLanguage\":\"pt-BR\"},{\"@type\":\"Organization\",\"@id\":\"https:\\\/\\\/stg.chile.travel\\\/pt-br\\\/#organization\",\"name\":\"Chile Travel\",\"url\":\"https:\\\/\\\/stg.chile.travel\\\/pt-br\\\/\",\"logo\":{\"@type\":\"ImageObject\",\"inLanguage\":\"pt-BR\",\"@id\":\"https:\\\/\\\/stg.chile.travel\\\/pt-br\\\/#\\\/schema\\\/logo\\\/image\\\/\",\"url\":\"https:\\\/\\\/chile.travel\\\/wp-content\\\/uploads\\\/2025\\\/12\\\/84152706-logo-travel.svg\",\"contentUrl\":\"https:\\\/\\\/chile.travel\\\/wp-content\\\/uploads\\\/2025\\\/12\\\/84152706-logo-travel.svg\",\"width\":189,\"height\":225,\"caption\":\"Chile Travel\"},\"image\":{\"@id\":\"https:\\\/\\\/stg.chile.travel\\\/pt-br\\\/#\\\/schema\\\/logo\\\/image\\\/\"}},{\"@type\":\"Person\",\"@id\":\"https:\\\/\\\/stg.chile.travel\\\/pt-br\\\/#\\\/schema\\\/person\\\/184e80cef60cf314b5e3b3faaa8eb004\",\"name\":\"Pedro Cardenas\",\"image\":{\"@type\":\"ImageObject\",\"inLanguage\":\"pt-BR\",\"@id\":\"https:\\\/\\\/secure.gravatar.com\\\/avatar\\\/2fa80188ef443d49c66106474129f40527d7d5272b4087ec3c5894a7a9424f61?s=96&d=mm&r=g\",\"url\":\"https:\\\/\\\/secure.gravatar.com\\\/avatar\\\/2fa80188ef443d49c66106474129f40527d7d5272b4087ec3c5894a7a9424f61?s=96&d=mm&r=g\",\"contentUrl\":\"https:\\\/\\\/secure.gravatar.com\\\/avatar\\\/2fa80188ef443d49c66106474129f40527d7d5272b4087ec3c5894a7a9424f61?s=96&d=mm&r=g\",\"caption\":\"Pedro Cardenas\"},\"url\":\"https:\\\/\\\/chile.travel\\\/pt-br\\\/blog\\\/author\\\/pcardenas\\\/\"}]}<\/script>\n<!-- \/ Yoast SEO plugin. -->","yoast_head_json":{"title":"Por que os Andes transformam o Chile num ref\u00fagio - Chile Travecl","description":"O Chile \u00e9 um ref\u00fagio natural gra\u00e7as \u00e0 Cordilheira dos Andes: regula o clima, fornece \u00e1gua e protege a biodiversidade \u00fanica de norte a sul.","robots":{"index":"index","follow":"follow","max-snippet":"max-snippet:-1","max-image-preview":"max-image-preview:large","max-video-preview":"max-video-preview:-1"},"canonical":"https:\/\/chile.travel\/pt-br\/blog\/por-que-a-cordilheira-dos-andes-transforma-o-chile-num-refugio-unico\/","og_locale":"pt_BR","og_type":"article","og_title":"Por que os Andes transformam o Chile num ref\u00fagio - Chile Travecl","og_description":"O Chile \u00e9 um ref\u00fagio natural gra\u00e7as \u00e0 Cordilheira dos Andes: regula o clima, fornece \u00e1gua e protege a biodiversidade \u00fanica de norte a sul.","og_url":"https:\/\/chile.travel\/pt-br\/blog\/por-que-a-cordilheira-dos-andes-transforma-o-chile-num-refugio-unico\/","og_site_name":"Chile Travel","article_published_time":"2026-04-28T19:42:15+00:00","article_modified_time":"2026-04-28T19:52:31+00:00","og_image":[{"width":1600,"height":840,"url":"https:\/\/chile.travel\/wp-content\/uploads\/2026\/04\/afea3a02-1cordillera-andes-chile-refugio-natural.jpg","type":"image\/jpeg"}],"author":"Pedro Cardenas","twitter_card":"summary_large_image","twitter_misc":{"Escrito por":"Pedro Cardenas","Est. tempo de leitura":"3 minutos"},"schema":{"@context":"https:\/\/schema.org","@graph":[{"@type":"Article","@id":"https:\/\/chile.travel\/pt-br\/blog\/por-que-a-cordilheira-dos-andes-transforma-o-chile-num-refugio-unico\/#article","isPartOf":{"@id":"https:\/\/chile.travel\/pt-br\/blog\/por-que-a-cordilheira-dos-andes-transforma-o-chile-num-refugio-unico\/"},"author":{"name":"Pedro Cardenas","@id":"https:\/\/stg.chile.travel\/pt-br\/#\/schema\/person\/184e80cef60cf314b5e3b3faaa8eb004"},"headline":"Por que a Cordilheira dos Andes transforma o Chile num ref\u00fagio \u00fanico","datePublished":"2026-04-28T19:42:15+00:00","dateModified":"2026-04-28T19:52:31+00:00","mainEntityOfPage":{"@id":"https:\/\/chile.travel\/pt-br\/blog\/por-que-a-cordilheira-dos-andes-transforma-o-chile-num-refugio-unico\/"},"wordCount":607,"publisher":{"@id":"https:\/\/stg.chile.travel\/pt-br\/#organization"},"image":{"@id":"https:\/\/chile.travel\/pt-br\/blog\/por-que-a-cordilheira-dos-andes-transforma-o-chile-num-refugio-unico\/#primaryimage"},"thumbnailUrl":"https:\/\/chile.travel\/wp-content\/uploads\/2026\/04\/afea3a02-1cordillera-andes-chile-refugio-natural.jpg","articleSection":["N\u00e3o categorizado"],"inLanguage":"pt-BR"},{"@type":"WebPage","@id":"https:\/\/chile.travel\/pt-br\/blog\/por-que-a-cordilheira-dos-andes-transforma-o-chile-num-refugio-unico\/","url":"https:\/\/chile.travel\/pt-br\/blog\/por-que-a-cordilheira-dos-andes-transforma-o-chile-num-refugio-unico\/","name":"Por que os Andes transformam o Chile num ref\u00fagio - Chile Travecl","isPartOf":{"@id":"https:\/\/stg.chile.travel\/pt-br\/#website"},"primaryImageOfPage":{"@id":"https:\/\/chile.travel\/pt-br\/blog\/por-que-a-cordilheira-dos-andes-transforma-o-chile-num-refugio-unico\/#primaryimage"},"image":{"@id":"https:\/\/chile.travel\/pt-br\/blog\/por-que-a-cordilheira-dos-andes-transforma-o-chile-num-refugio-unico\/#primaryimage"},"thumbnailUrl":"https:\/\/chile.travel\/wp-content\/uploads\/2026\/04\/afea3a02-1cordillera-andes-chile-refugio-natural.jpg","datePublished":"2026-04-28T19:42:15+00:00","dateModified":"2026-04-28T19:52:31+00:00","description":"O Chile \u00e9 um ref\u00fagio natural gra\u00e7as \u00e0 Cordilheira dos Andes: regula o clima, fornece \u00e1gua e protege a biodiversidade \u00fanica de norte a sul.","breadcrumb":{"@id":"https:\/\/chile.travel\/pt-br\/blog\/por-que-a-cordilheira-dos-andes-transforma-o-chile-num-refugio-unico\/#breadcrumb"},"inLanguage":"pt-BR","potentialAction":[{"@type":"ReadAction","target":["https:\/\/chile.travel\/pt-br\/blog\/por-que-a-cordilheira-dos-andes-transforma-o-chile-num-refugio-unico\/"]}]},{"@type":"ImageObject","inLanguage":"pt-BR","@id":"https:\/\/chile.travel\/pt-br\/blog\/por-que-a-cordilheira-dos-andes-transforma-o-chile-num-refugio-unico\/#primaryimage","url":"https:\/\/chile.travel\/wp-content\/uploads\/2026\/04\/afea3a02-1cordillera-andes-chile-refugio-natural.jpg","contentUrl":"https:\/\/chile.travel\/wp-content\/uploads\/2026\/04\/afea3a02-1cordillera-andes-chile-refugio-natural.jpg","width":1600,"height":840},{"@type":"BreadcrumbList","@id":"https:\/\/chile.travel\/pt-br\/blog\/por-que-a-cordilheira-dos-andes-transforma-o-chile-num-refugio-unico\/#breadcrumb","itemListElement":[{"@type":"ListItem","position":1,"name":"Portada","item":"https:\/\/stg.chile.travel\/pt-br\/"},{"@type":"ListItem","position":2,"name":"Por que a Cordilheira dos Andes transforma o Chile num ref\u00fagio \u00fanico"}]},{"@type":"WebSite","@id":"https:\/\/stg.chile.travel\/pt-br\/#website","url":"https:\/\/stg.chile.travel\/pt-br\/","name":"Chile Travel","description":"","publisher":{"@id":"https:\/\/stg.chile.travel\/pt-br\/#organization"},"potentialAction":[{"@type":"SearchAction","target":{"@type":"EntryPoint","urlTemplate":"https:\/\/stg.chile.travel\/pt-br\/?s={search_term_string}"},"query-input":{"@type":"PropertyValueSpecification","valueRequired":true,"valueName":"search_term_string"}}],"inLanguage":"pt-BR"},{"@type":"Organization","@id":"https:\/\/stg.chile.travel\/pt-br\/#organization","name":"Chile Travel","url":"https:\/\/stg.chile.travel\/pt-br\/","logo":{"@type":"ImageObject","inLanguage":"pt-BR","@id":"https:\/\/stg.chile.travel\/pt-br\/#\/schema\/logo\/image\/","url":"https:\/\/chile.travel\/wp-content\/uploads\/2025\/12\/84152706-logo-travel.svg","contentUrl":"https:\/\/chile.travel\/wp-content\/uploads\/2025\/12\/84152706-logo-travel.svg","width":189,"height":225,"caption":"Chile Travel"},"image":{"@id":"https:\/\/stg.chile.travel\/pt-br\/#\/schema\/logo\/image\/"}},{"@type":"Person","@id":"https:\/\/stg.chile.travel\/pt-br\/#\/schema\/person\/184e80cef60cf314b5e3b3faaa8eb004","name":"Pedro Cardenas","image":{"@type":"ImageObject","inLanguage":"pt-BR","@id":"https:\/\/secure.gravatar.com\/avatar\/2fa80188ef443d49c66106474129f40527d7d5272b4087ec3c5894a7a9424f61?s=96&d=mm&r=g","url":"https:\/\/secure.gravatar.com\/avatar\/2fa80188ef443d49c66106474129f40527d7d5272b4087ec3c5894a7a9424f61?s=96&d=mm&r=g","contentUrl":"https:\/\/secure.gravatar.com\/avatar\/2fa80188ef443d49c66106474129f40527d7d5272b4087ec3c5894a7a9424f61?s=96&d=mm&r=g","caption":"Pedro Cardenas"},"url":"https:\/\/chile.travel\/pt-br\/blog\/author\/pcardenas\/"}]}},"_links":{"self":[{"href":"https:\/\/chile.travel\/pt-br\/wp-json\/wp\/v2\/posts\/96326","targetHints":{"allow":["GET"]}}],"collection":[{"href":"https:\/\/chile.travel\/pt-br\/wp-json\/wp\/v2\/posts"}],"about":[{"href":"https:\/\/chile.travel\/pt-br\/wp-json\/wp\/v2\/types\/post"}],"author":[{"embeddable":true,"href":"https:\/\/chile.travel\/pt-br\/wp-json\/wp\/v2\/users\/26"}],"replies":[{"embeddable":true,"href":"https:\/\/chile.travel\/pt-br\/wp-json\/wp\/v2\/comments?post=96326"}],"version-history":[{"count":1,"href":"https:\/\/chile.travel\/pt-br\/wp-json\/wp\/v2\/posts\/96326\/revisions"}],"predecessor-version":[{"id":96327,"href":"https:\/\/chile.travel\/pt-br\/wp-json\/wp\/v2\/posts\/96326\/revisions\/96327"}],"wp:featuredmedia":[{"embeddable":true,"href":"https:\/\/chile.travel\/pt-br\/wp-json\/wp\/v2\/media\/96323"}],"wp:attachment":[{"href":"https:\/\/chile.travel\/pt-br\/wp-json\/wp\/v2\/media?parent=96326"}],"wp:term":[{"taxonomy":"category","embeddable":true,"href":"https:\/\/chile.travel\/pt-br\/wp-json\/wp\/v2\/categories?post=96326"},{"taxonomy":"post_tag","embeddable":true,"href":"https:\/\/chile.travel\/pt-br\/wp-json\/wp\/v2\/tags?post=96326"},{"taxonomy":"actividad","embeddable":true,"href":"https:\/\/chile.travel\/pt-br\/wp-json\/wp\/v2\/actividad?post=96326"},{"taxonomy":"destacado","embeddable":true,"href":"https:\/\/chile.travel\/pt-br\/wp-json\/wp\/v2\/destacado?post=96326"},{"taxonomy":"paisaje","embeddable":true,"href":"https:\/\/chile.travel\/pt-br\/wp-json\/wp\/v2\/paisaje?post=96326"},{"taxonomy":"region","embeddable":true,"href":"https:\/\/chile.travel\/pt-br\/wp-json\/wp\/v2\/region?post=96326"},{"taxonomy":"zona","embeddable":true,"href":"https:\/\/chile.travel\/pt-br\/wp-json\/wp\/v2\/zona?post=96326"}],"curies":[{"name":"wp","href":"https:\/\/api.w.org\/{rel}","templated":true}]}}