






{"id":61449,"date":"2024-06-07T12:55:08","date_gmt":"2024-06-07T16:55:08","guid":{"rendered":"http:\/\/wp-sernatur02.chdev.cl\/?p=61449"},"modified":"2025-12-18T01:23:13","modified_gmt":"2025-12-18T04:23:13","slug":"valle-de-cochamo-um-verdadeiro-paraiso-para-os-alpinistas-do-mundo","status":"publish","type":"post","link":"https:\/\/chile.travel\/pt-br\/blog\/valle-de-cochamo-um-verdadeiro-paraiso-para-os-alpinistas-do-mundo\/","title":{"rendered":"Valle de Cocham\u00f3, um verdadeiro para\u00edso para os alpinistas do mundo"},"content":{"rendered":"\n<p>Se voc\u00ea gosta de escalar, viver aventuras extremas ou fazer caminhadas, deves conhecer o Valle de Cocham\u00f3, chamado tamb\u00e9m de <a href=\"https:\/\/chile.travel\/pt-br\/destinos\/cochamo-e-puelo\/\" target=\"_blank\" rel=\"noreferrer noopener\">\u201cYosemite de Sudam\u00e9rica\u201d<\/a> por m\u00e9dios internacionais.<\/p>\n\n\n\n<p><em>O <\/em>Valle de Cocham\u00f3, chamado pelos m\u00e9dios internacionais National Geographic e The New York Times <strong>como o \u201cYosemite de Sudam\u00e9rica\u201d, devido a suas semelhan\u00e7as<\/strong> com o parque norte-americano, mas \u00e9 muito mais que isso e convidamos voc\u00ea a descobri-lo.<\/p>\n\n\n\n<p>Esse santu\u00e1rio natural de mais de 11 mil hectares caracteriza-se por ter zonas h\u00famidas, glaciares andinos, extensas florestas e grandes montanhas de granito como os morros La Junta, Trinidad e Anfiteatro.<\/p>\n\n\n\n<p>Esses tr\u00eas s\u00e3o respons\u00e1veis de que o Valle de Cocham\u00f3 seja conhecido tamb\u00e9m como um verdadeiro para\u00edso para os alpinistas do mundo, que v\u00eam medir suas habilidades neste lugar localizado no sul do Chile.<\/p>\n\n\n\n<p>Voc\u00ea deve saber que vai encontrar setores para acampar, trilhas <strong>incr\u00edveis que atravessam extensas florestas verdes.<\/strong><\/p>\n\n\n\n<h2 class=\"wp-block-heading\">Como chegar ao Valle de Cocham\u00f3?<\/h2>\n\n\n\n<p>Se voc\u00ea viaja para o Chile e quer visitar o Valle de Cocham\u00f3, deve ter em conta que o aeroporto mais perto est\u00e1 em Puerto Montt, onde pode chegar diretamente a partir de Santiago.<\/p>\n\n\n\n<p>Quando chegar a Puerto Montt, <strong>pode alugar um carro e se dirigir a Ensenada (Ruta 225)<\/strong> e a partir da\u00ed seguir a ruta para Cocham\u00f3 (Ruta V-69).<\/p>\n\n\n\n<p>Outra op\u00e7\u00e3o \u00e9 contratar transporte privado para chegar ao Valle de Cocham\u00f3, ou chegar de \u00f4nibus que t\u00eam hor\u00e1rio de funcionamento a partir das 7:30 da manh\u00e3 h\u00e1 16:30 da tarde.<\/p>\n\n\n\n<p>Mais uma op\u00e7\u00e3o \u00e9 ir de \u00f4nibus a partir de Puerto Varas, ou de excurs\u00e3o com algum operador tur\u00edstico registrado em Sernatur.<\/p>\n\n\n\n<h2 class=\"wp-block-heading\">Hor\u00e1rios e registro<\/h2>\n\n\n\n<figure class=\"wp-block-image size-large\"><img loading=\"lazy\" decoding=\"async\" width=\"1024\" height=\"768\" src=\"https:\/\/chile.travel\/wp-content\/uploads\/2024\/06\/4cb51d19-cochamo_la-junta_003-1-1024x768.jpeg\" alt=\"\" class=\"wp-image-82984\" srcset=\"https:\/\/chile.travel\/wp-content\/uploads\/2024\/06\/4cb51d19-cochamo_la-junta_003-1-1024x768.jpeg 1024w, https:\/\/chile.travel\/wp-content\/uploads\/2024\/06\/4cb51d19-cochamo_la-junta_003-1-300x225.jpeg 300w, https:\/\/chile.travel\/wp-content\/uploads\/2024\/06\/4cb51d19-cochamo_la-junta_003-1-768x576.jpeg 768w, https:\/\/chile.travel\/wp-content\/uploads\/2024\/06\/4cb51d19-cochamo_la-junta_003-1-1536x1152.jpeg 1536w, https:\/\/chile.travel\/wp-content\/uploads\/2024\/06\/4cb51d19-cochamo_la-junta_003-1.jpeg 1600w\" sizes=\"auto, (max-width: 1024px) 100vw, 1024px\" \/><\/figure>\n\n\n\n<p>Antes de ir ao Valle de Cocham\u00f3, voc\u00ea deve saber que \u00e9 necess\u00e1rio se registrar na entrada da trilha e fazer o check out no retorno. \u00c9 para sua pr\u00f3pria seguran\u00e7a e para a seguran\u00e7a dos que o rodeiam!<\/p>\n\n\n\n<p>Se vai ficar pelo dia no setor de La Junta, deves fazer o <strong>ingresso entre as 7:00 e as 9:00 da manh\u00e3<\/strong>. Para o setor do R\u00edo Piedra, o hor\u00e1rio de ingresso come\u00e7a \u00e0s 12:00 h\u00e1 16:00 horas.<\/p>\n\n\n\n<p>De qualquer forma, recomendamos voc\u00ea revisar a <a href=\"https:\/\/reservasvallecochamo.cl\/trekking\/#horarios-del-sendero\" target=\"_blank\" rel=\"noopener\">p\u00e1gina oficial do Valle de Cocham\u00f3<\/a>.<\/p>\n\n\n\n<p>A temporada dos acampamentos come\u00e7a em setembro e se estende at\u00e9 maio do ano seguinte. \u00c9 importante reservar com antecipa\u00e7\u00e3o, especialmente se quer ir durante o ver\u00e3o no Chile (janeiro e fevereiro).<\/p>\n","protected":false},"excerpt":{"rendered":"<p>Se voc\u00ea gosta de escalar, viver aventuras extremas ou fazer caminhadas, deves conhecer o Valle de Cocham\u00f3, chamado tamb\u00e9m de \u201cYosemite de Sudam\u00e9rica\u201d por m\u00e9dios internacionais.<\/p>\n","protected":false},"author":12,"featured_media":57799,"comment_status":"closed","ping_status":"closed","sticky":false,"template":"","format":"standard","meta":{"_acf_changed":false,"inline_featured_image":false,"powered_cache_disable_cache":false,"powered_cache_disable_lazyload":false,"powered_cache_disable_js_optimization":false,"footnotes":""},"categories":[437,438,446,2770],"tags":[2183,2280],"actividad":[781,782],"destacado":[],"paisaje":[1137],"region":[],"zona":[440],"class_list":["post-61449","post","type-post","status-publish","format-standard","has-post-thumbnail","hentry","category-blog-3","category-diario-de-viagens","category-natureza","category-blogue","tag-vale-de-cochamo","tag-viagens","actividad-aventura-e-esporte","actividad-experiencias-de-montanha","paisaje-montanha-e-neve","zona-florestas-lagos-e-vulcoes"],"acf":[],"yoast_head":"<!-- This site is optimized with the Yoast SEO plugin v27.5 - https:\/\/yoast.com\/product\/yoast-seo-wordpress\/ -->\n<title>Valle de Cocham\u00f3, um verdadeiro para\u00edso para os alpinistas do mundo<\/title>\n<meta name=\"description\" content=\"Se voc\u00ea gosta de escalar, viver aventuras extremas ou fazer caminhadas, deves conhecer o Valle de Cocham\u00f3, chamado tamb\u00e9m de \u201cYosemite de Sudam\u00e9rica\u201d por m\u00e9dios internacionais.\" \/>\n<meta name=\"robots\" content=\"index, follow, max-snippet:-1, max-image-preview:large, max-video-preview:-1\" \/>\n<link rel=\"canonical\" href=\"https:\/\/chile.travel\/pt-br\/blog\/valle-de-cochamo-um-verdadeiro-paraiso-para-os-alpinistas-do-mundo\/\" \/>\n<meta property=\"og:locale\" content=\"pt_BR\" \/>\n<meta property=\"og:type\" content=\"article\" \/>\n<meta property=\"og:title\" content=\"Valle de Cocham\u00f3, um verdadeiro para\u00edso para os alpinistas do mundo\" \/>\n<meta property=\"og:description\" content=\"Se voc\u00ea gosta de escalar, viver aventuras extremas ou fazer caminhadas, deves conhecer o Valle de Cocham\u00f3, chamado tamb\u00e9m de \u201cYosemite de Sudam\u00e9rica\u201d por m\u00e9dios internacionais.\" \/>\n<meta property=\"og:url\" content=\"https:\/\/chile.travel\/pt-br\/blog\/valle-de-cochamo-um-verdadeiro-paraiso-para-os-alpinistas-do-mundo\/\" \/>\n<meta property=\"og:site_name\" content=\"Chile Travel\" \/>\n<meta property=\"article:published_time\" content=\"2024-06-07T16:55:08+00:00\" \/>\n<meta property=\"article:modified_time\" content=\"2025-12-18T04:23:13+00:00\" \/>\n<meta property=\"og:image\" content=\"http:\/\/stg.chile.travel\/wp-content\/uploads\/2024\/10\/da9f3db5-cochamo_trekking_009-scaled-1.jpg\" \/>\n\t<meta property=\"og:image:width\" content=\"2560\" \/>\n\t<meta property=\"og:image:height\" content=\"1708\" \/>\n\t<meta property=\"og:image:type\" content=\"image\/jpeg\" \/>\n<meta name=\"author\" content=\"Hernan Claro\" \/>\n<meta name=\"twitter:card\" content=\"summary_large_image\" \/>\n<meta name=\"twitter:label1\" content=\"Escrito por\" \/>\n\t<meta name=\"twitter:data1\" content=\"Hernan Claro\" \/>\n\t<meta name=\"twitter:label2\" content=\"Est. tempo de leitura\" \/>\n\t<meta name=\"twitter:data2\" content=\"3 minutos\" \/>\n<script type=\"application\/ld+json\" class=\"yoast-schema-graph\">{\"@context\":\"https:\\\/\\\/schema.org\",\"@graph\":[{\"@type\":\"Article\",\"@id\":\"https:\\\/\\\/chile.travel\\\/pt-br\\\/blog\\\/valle-de-cochamo-um-verdadeiro-paraiso-para-os-alpinistas-do-mundo\\\/#article\",\"isPartOf\":{\"@id\":\"https:\\\/\\\/chile.travel\\\/pt-br\\\/blog\\\/valle-de-cochamo-um-verdadeiro-paraiso-para-os-alpinistas-do-mundo\\\/\"},\"author\":{\"name\":\"Hernan Claro\",\"@id\":\"https:\\\/\\\/stg.chile.travel\\\/pt-br\\\/#\\\/schema\\\/person\\\/b23fcf822acc3d71261e32defe64dd14\"},\"headline\":\"Valle de Cocham\u00f3, um verdadeiro para\u00edso para os alpinistas do mundo\",\"datePublished\":\"2024-06-07T16:55:08+00:00\",\"dateModified\":\"2025-12-18T04:23:13+00:00\",\"mainEntityOfPage\":{\"@id\":\"https:\\\/\\\/chile.travel\\\/pt-br\\\/blog\\\/valle-de-cochamo-um-verdadeiro-paraiso-para-os-alpinistas-do-mundo\\\/\"},\"wordCount\":422,\"publisher\":{\"@id\":\"https:\\\/\\\/stg.chile.travel\\\/pt-br\\\/#organization\"},\"image\":{\"@id\":\"https:\\\/\\\/chile.travel\\\/pt-br\\\/blog\\\/valle-de-cochamo-um-verdadeiro-paraiso-para-os-alpinistas-do-mundo\\\/#primaryimage\"},\"thumbnailUrl\":\"https:\\\/\\\/chile.travel\\\/wp-content\\\/uploads\\\/2024\\\/10\\\/da9f3db5-cochamo_trekking_009-scaled-1.jpg\",\"keywords\":[\"Vale de Cocham\u00f3\",\"Viagens\"],\"articleSection\":[\"Blog\",\"Di\u00e1rio de Viagens\",\"Natureza\",\"Blogue\"],\"inLanguage\":\"pt-BR\"},{\"@type\":\"WebPage\",\"@id\":\"https:\\\/\\\/chile.travel\\\/pt-br\\\/blog\\\/valle-de-cochamo-um-verdadeiro-paraiso-para-os-alpinistas-do-mundo\\\/\",\"url\":\"https:\\\/\\\/chile.travel\\\/pt-br\\\/blog\\\/valle-de-cochamo-um-verdadeiro-paraiso-para-os-alpinistas-do-mundo\\\/\",\"name\":\"Valle de Cocham\u00f3, um verdadeiro para\u00edso para os alpinistas do mundo\",\"isPartOf\":{\"@id\":\"https:\\\/\\\/stg.chile.travel\\\/pt-br\\\/#website\"},\"primaryImageOfPage\":{\"@id\":\"https:\\\/\\\/chile.travel\\\/pt-br\\\/blog\\\/valle-de-cochamo-um-verdadeiro-paraiso-para-os-alpinistas-do-mundo\\\/#primaryimage\"},\"image\":{\"@id\":\"https:\\\/\\\/chile.travel\\\/pt-br\\\/blog\\\/valle-de-cochamo-um-verdadeiro-paraiso-para-os-alpinistas-do-mundo\\\/#primaryimage\"},\"thumbnailUrl\":\"https:\\\/\\\/chile.travel\\\/wp-content\\\/uploads\\\/2024\\\/10\\\/da9f3db5-cochamo_trekking_009-scaled-1.jpg\",\"datePublished\":\"2024-06-07T16:55:08+00:00\",\"dateModified\":\"2025-12-18T04:23:13+00:00\",\"description\":\"Se voc\u00ea gosta de escalar, viver aventuras extremas ou fazer caminhadas, deves conhecer o Valle de Cocham\u00f3, chamado tamb\u00e9m de \u201cYosemite de Sudam\u00e9rica\u201d por m\u00e9dios internacionais.\",\"breadcrumb\":{\"@id\":\"https:\\\/\\\/chile.travel\\\/pt-br\\\/blog\\\/valle-de-cochamo-um-verdadeiro-paraiso-para-os-alpinistas-do-mundo\\\/#breadcrumb\"},\"inLanguage\":\"pt-BR\",\"potentialAction\":[{\"@type\":\"ReadAction\",\"target\":[\"https:\\\/\\\/chile.travel\\\/pt-br\\\/blog\\\/valle-de-cochamo-um-verdadeiro-paraiso-para-os-alpinistas-do-mundo\\\/\"]}]},{\"@type\":\"ImageObject\",\"inLanguage\":\"pt-BR\",\"@id\":\"https:\\\/\\\/chile.travel\\\/pt-br\\\/blog\\\/valle-de-cochamo-um-verdadeiro-paraiso-para-os-alpinistas-do-mundo\\\/#primaryimage\",\"url\":\"https:\\\/\\\/chile.travel\\\/wp-content\\\/uploads\\\/2024\\\/10\\\/da9f3db5-cochamo_trekking_009-scaled-1.jpg\",\"contentUrl\":\"https:\\\/\\\/chile.travel\\\/wp-content\\\/uploads\\\/2024\\\/10\\\/da9f3db5-cochamo_trekking_009-scaled-1.jpg\",\"width\":2560,\"height\":1708},{\"@type\":\"BreadcrumbList\",\"@id\":\"https:\\\/\\\/chile.travel\\\/pt-br\\\/blog\\\/valle-de-cochamo-um-verdadeiro-paraiso-para-os-alpinistas-do-mundo\\\/#breadcrumb\",\"itemListElement\":[{\"@type\":\"ListItem\",\"position\":1,\"name\":\"Portada\",\"item\":\"https:\\\/\\\/stg.chile.travel\\\/pt-br\\\/\"},{\"@type\":\"ListItem\",\"position\":2,\"name\":\"Valle de Cocham\u00f3, um verdadeiro para\u00edso para os alpinistas do mundo\"}]},{\"@type\":\"WebSite\",\"@id\":\"https:\\\/\\\/stg.chile.travel\\\/pt-br\\\/#website\",\"url\":\"https:\\\/\\\/stg.chile.travel\\\/pt-br\\\/\",\"name\":\"Chile Travel\",\"description\":\"\",\"publisher\":{\"@id\":\"https:\\\/\\\/stg.chile.travel\\\/pt-br\\\/#organization\"},\"potentialAction\":[{\"@type\":\"SearchAction\",\"target\":{\"@type\":\"EntryPoint\",\"urlTemplate\":\"https:\\\/\\\/stg.chile.travel\\\/pt-br\\\/?s={search_term_string}\"},\"query-input\":{\"@type\":\"PropertyValueSpecification\",\"valueRequired\":true,\"valueName\":\"search_term_string\"}}],\"inLanguage\":\"pt-BR\"},{\"@type\":\"Organization\",\"@id\":\"https:\\\/\\\/stg.chile.travel\\\/pt-br\\\/#organization\",\"name\":\"Chile Travel\",\"url\":\"https:\\\/\\\/stg.chile.travel\\\/pt-br\\\/\",\"logo\":{\"@type\":\"ImageObject\",\"inLanguage\":\"pt-BR\",\"@id\":\"https:\\\/\\\/stg.chile.travel\\\/pt-br\\\/#\\\/schema\\\/logo\\\/image\\\/\",\"url\":\"https:\\\/\\\/chile.travel\\\/wp-content\\\/uploads\\\/2025\\\/12\\\/84152706-logo-travel.svg\",\"contentUrl\":\"https:\\\/\\\/chile.travel\\\/wp-content\\\/uploads\\\/2025\\\/12\\\/84152706-logo-travel.svg\",\"width\":189,\"height\":225,\"caption\":\"Chile Travel\"},\"image\":{\"@id\":\"https:\\\/\\\/stg.chile.travel\\\/pt-br\\\/#\\\/schema\\\/logo\\\/image\\\/\"}},{\"@type\":\"Person\",\"@id\":\"https:\\\/\\\/stg.chile.travel\\\/pt-br\\\/#\\\/schema\\\/person\\\/b23fcf822acc3d71261e32defe64dd14\",\"name\":\"Hernan Claro\",\"image\":{\"@type\":\"ImageObject\",\"inLanguage\":\"pt-BR\",\"@id\":\"https:\\\/\\\/secure.gravatar.com\\\/avatar\\\/d37398fde8a90031b777a6517db2c2895d6e6a2b3edd4dce1b9e70eaf6c524ca?s=96&d=mm&r=g\",\"url\":\"https:\\\/\\\/secure.gravatar.com\\\/avatar\\\/d37398fde8a90031b777a6517db2c2895d6e6a2b3edd4dce1b9e70eaf6c524ca?s=96&d=mm&r=g\",\"contentUrl\":\"https:\\\/\\\/secure.gravatar.com\\\/avatar\\\/d37398fde8a90031b777a6517db2c2895d6e6a2b3edd4dce1b9e70eaf6c524ca?s=96&d=mm&r=g\",\"caption\":\"Hernan Claro\"},\"url\":\"https:\\\/\\\/chile.travel\\\/pt-br\\\/blog\\\/author\\\/hclaro\\\/\"}]}<\/script>\n<!-- \/ Yoast SEO plugin. -->","yoast_head_json":{"title":"Valle de Cocham\u00f3, um verdadeiro para\u00edso para os alpinistas do mundo","description":"Se voc\u00ea gosta de escalar, viver aventuras extremas ou fazer caminhadas, deves conhecer o Valle de Cocham\u00f3, chamado tamb\u00e9m de \u201cYosemite de Sudam\u00e9rica\u201d por m\u00e9dios internacionais.","robots":{"index":"index","follow":"follow","max-snippet":"max-snippet:-1","max-image-preview":"max-image-preview:large","max-video-preview":"max-video-preview:-1"},"canonical":"https:\/\/chile.travel\/pt-br\/blog\/valle-de-cochamo-um-verdadeiro-paraiso-para-os-alpinistas-do-mundo\/","og_locale":"pt_BR","og_type":"article","og_title":"Valle de Cocham\u00f3, um verdadeiro para\u00edso para os alpinistas do mundo","og_description":"Se voc\u00ea gosta de escalar, viver aventuras extremas ou fazer caminhadas, deves conhecer o Valle de Cocham\u00f3, chamado tamb\u00e9m de \u201cYosemite de Sudam\u00e9rica\u201d por m\u00e9dios internacionais.","og_url":"https:\/\/chile.travel\/pt-br\/blog\/valle-de-cochamo-um-verdadeiro-paraiso-para-os-alpinistas-do-mundo\/","og_site_name":"Chile Travel","article_published_time":"2024-06-07T16:55:08+00:00","article_modified_time":"2025-12-18T04:23:13+00:00","og_image":[{"width":2560,"height":1708,"url":"http:\/\/stg.chile.travel\/wp-content\/uploads\/2024\/10\/da9f3db5-cochamo_trekking_009-scaled-1.jpg","type":"image\/jpeg"}],"author":"Hernan Claro","twitter_card":"summary_large_image","twitter_misc":{"Escrito por":"Hernan Claro","Est. tempo de leitura":"3 minutos"},"schema":{"@context":"https:\/\/schema.org","@graph":[{"@type":"Article","@id":"https:\/\/chile.travel\/pt-br\/blog\/valle-de-cochamo-um-verdadeiro-paraiso-para-os-alpinistas-do-mundo\/#article","isPartOf":{"@id":"https:\/\/chile.travel\/pt-br\/blog\/valle-de-cochamo-um-verdadeiro-paraiso-para-os-alpinistas-do-mundo\/"},"author":{"name":"Hernan Claro","@id":"https:\/\/stg.chile.travel\/pt-br\/#\/schema\/person\/b23fcf822acc3d71261e32defe64dd14"},"headline":"Valle de Cocham\u00f3, um verdadeiro para\u00edso para os alpinistas do mundo","datePublished":"2024-06-07T16:55:08+00:00","dateModified":"2025-12-18T04:23:13+00:00","mainEntityOfPage":{"@id":"https:\/\/chile.travel\/pt-br\/blog\/valle-de-cochamo-um-verdadeiro-paraiso-para-os-alpinistas-do-mundo\/"},"wordCount":422,"publisher":{"@id":"https:\/\/stg.chile.travel\/pt-br\/#organization"},"image":{"@id":"https:\/\/chile.travel\/pt-br\/blog\/valle-de-cochamo-um-verdadeiro-paraiso-para-os-alpinistas-do-mundo\/#primaryimage"},"thumbnailUrl":"https:\/\/chile.travel\/wp-content\/uploads\/2024\/10\/da9f3db5-cochamo_trekking_009-scaled-1.jpg","keywords":["Vale de Cocham\u00f3","Viagens"],"articleSection":["Blog","Di\u00e1rio de Viagens","Natureza","Blogue"],"inLanguage":"pt-BR"},{"@type":"WebPage","@id":"https:\/\/chile.travel\/pt-br\/blog\/valle-de-cochamo-um-verdadeiro-paraiso-para-os-alpinistas-do-mundo\/","url":"https:\/\/chile.travel\/pt-br\/blog\/valle-de-cochamo-um-verdadeiro-paraiso-para-os-alpinistas-do-mundo\/","name":"Valle de Cocham\u00f3, um verdadeiro para\u00edso para os alpinistas do mundo","isPartOf":{"@id":"https:\/\/stg.chile.travel\/pt-br\/#website"},"primaryImageOfPage":{"@id":"https:\/\/chile.travel\/pt-br\/blog\/valle-de-cochamo-um-verdadeiro-paraiso-para-os-alpinistas-do-mundo\/#primaryimage"},"image":{"@id":"https:\/\/chile.travel\/pt-br\/blog\/valle-de-cochamo-um-verdadeiro-paraiso-para-os-alpinistas-do-mundo\/#primaryimage"},"thumbnailUrl":"https:\/\/chile.travel\/wp-content\/uploads\/2024\/10\/da9f3db5-cochamo_trekking_009-scaled-1.jpg","datePublished":"2024-06-07T16:55:08+00:00","dateModified":"2025-12-18T04:23:13+00:00","description":"Se voc\u00ea gosta de escalar, viver aventuras extremas ou fazer caminhadas, deves conhecer o Valle de Cocham\u00f3, chamado tamb\u00e9m de \u201cYosemite de Sudam\u00e9rica\u201d por m\u00e9dios internacionais.","breadcrumb":{"@id":"https:\/\/chile.travel\/pt-br\/blog\/valle-de-cochamo-um-verdadeiro-paraiso-para-os-alpinistas-do-mundo\/#breadcrumb"},"inLanguage":"pt-BR","potentialAction":[{"@type":"ReadAction","target":["https:\/\/chile.travel\/pt-br\/blog\/valle-de-cochamo-um-verdadeiro-paraiso-para-os-alpinistas-do-mundo\/"]}]},{"@type":"ImageObject","inLanguage":"pt-BR","@id":"https:\/\/chile.travel\/pt-br\/blog\/valle-de-cochamo-um-verdadeiro-paraiso-para-os-alpinistas-do-mundo\/#primaryimage","url":"https:\/\/chile.travel\/wp-content\/uploads\/2024\/10\/da9f3db5-cochamo_trekking_009-scaled-1.jpg","contentUrl":"https:\/\/chile.travel\/wp-content\/uploads\/2024\/10\/da9f3db5-cochamo_trekking_009-scaled-1.jpg","width":2560,"height":1708},{"@type":"BreadcrumbList","@id":"https:\/\/chile.travel\/pt-br\/blog\/valle-de-cochamo-um-verdadeiro-paraiso-para-os-alpinistas-do-mundo\/#breadcrumb","itemListElement":[{"@type":"ListItem","position":1,"name":"Portada","item":"https:\/\/stg.chile.travel\/pt-br\/"},{"@type":"ListItem","position":2,"name":"Valle de Cocham\u00f3, um verdadeiro para\u00edso para os alpinistas do mundo"}]},{"@type":"WebSite","@id":"https:\/\/stg.chile.travel\/pt-br\/#website","url":"https:\/\/stg.chile.travel\/pt-br\/","name":"Chile Travel","description":"","publisher":{"@id":"https:\/\/stg.chile.travel\/pt-br\/#organization"},"potentialAction":[{"@type":"SearchAction","target":{"@type":"EntryPoint","urlTemplate":"https:\/\/stg.chile.travel\/pt-br\/?s={search_term_string}"},"query-input":{"@type":"PropertyValueSpecification","valueRequired":true,"valueName":"search_term_string"}}],"inLanguage":"pt-BR"},{"@type":"Organization","@id":"https:\/\/stg.chile.travel\/pt-br\/#organization","name":"Chile Travel","url":"https:\/\/stg.chile.travel\/pt-br\/","logo":{"@type":"ImageObject","inLanguage":"pt-BR","@id":"https:\/\/stg.chile.travel\/pt-br\/#\/schema\/logo\/image\/","url":"https:\/\/chile.travel\/wp-content\/uploads\/2025\/12\/84152706-logo-travel.svg","contentUrl":"https:\/\/chile.travel\/wp-content\/uploads\/2025\/12\/84152706-logo-travel.svg","width":189,"height":225,"caption":"Chile Travel"},"image":{"@id":"https:\/\/stg.chile.travel\/pt-br\/#\/schema\/logo\/image\/"}},{"@type":"Person","@id":"https:\/\/stg.chile.travel\/pt-br\/#\/schema\/person\/b23fcf822acc3d71261e32defe64dd14","name":"Hernan Claro","image":{"@type":"ImageObject","inLanguage":"pt-BR","@id":"https:\/\/secure.gravatar.com\/avatar\/d37398fde8a90031b777a6517db2c2895d6e6a2b3edd4dce1b9e70eaf6c524ca?s=96&d=mm&r=g","url":"https:\/\/secure.gravatar.com\/avatar\/d37398fde8a90031b777a6517db2c2895d6e6a2b3edd4dce1b9e70eaf6c524ca?s=96&d=mm&r=g","contentUrl":"https:\/\/secure.gravatar.com\/avatar\/d37398fde8a90031b777a6517db2c2895d6e6a2b3edd4dce1b9e70eaf6c524ca?s=96&d=mm&r=g","caption":"Hernan Claro"},"url":"https:\/\/chile.travel\/pt-br\/blog\/author\/hclaro\/"}]}},"_links":{"self":[{"href":"https:\/\/chile.travel\/pt-br\/wp-json\/wp\/v2\/posts\/61449","targetHints":{"allow":["GET"]}}],"collection":[{"href":"https:\/\/chile.travel\/pt-br\/wp-json\/wp\/v2\/posts"}],"about":[{"href":"https:\/\/chile.travel\/pt-br\/wp-json\/wp\/v2\/types\/post"}],"author":[{"embeddable":true,"href":"https:\/\/chile.travel\/pt-br\/wp-json\/wp\/v2\/users\/12"}],"replies":[{"embeddable":true,"href":"https:\/\/chile.travel\/pt-br\/wp-json\/wp\/v2\/comments?post=61449"}],"version-history":[{"count":3,"href":"https:\/\/chile.travel\/pt-br\/wp-json\/wp\/v2\/posts\/61449\/revisions"}],"predecessor-version":[{"id":82989,"href":"https:\/\/chile.travel\/pt-br\/wp-json\/wp\/v2\/posts\/61449\/revisions\/82989"}],"wp:featuredmedia":[{"embeddable":true,"href":"https:\/\/chile.travel\/pt-br\/wp-json\/wp\/v2\/media\/57799"}],"wp:attachment":[{"href":"https:\/\/chile.travel\/pt-br\/wp-json\/wp\/v2\/media?parent=61449"}],"wp:term":[{"taxonomy":"category","embeddable":true,"href":"https:\/\/chile.travel\/pt-br\/wp-json\/wp\/v2\/categories?post=61449"},{"taxonomy":"post_tag","embeddable":true,"href":"https:\/\/chile.travel\/pt-br\/wp-json\/wp\/v2\/tags?post=61449"},{"taxonomy":"actividad","embeddable":true,"href":"https:\/\/chile.travel\/pt-br\/wp-json\/wp\/v2\/actividad?post=61449"},{"taxonomy":"destacado","embeddable":true,"href":"https:\/\/chile.travel\/pt-br\/wp-json\/wp\/v2\/destacado?post=61449"},{"taxonomy":"paisaje","embeddable":true,"href":"https:\/\/chile.travel\/pt-br\/wp-json\/wp\/v2\/paisaje?post=61449"},{"taxonomy":"region","embeddable":true,"href":"https:\/\/chile.travel\/pt-br\/wp-json\/wp\/v2\/region?post=61449"},{"taxonomy":"zona","embeddable":true,"href":"https:\/\/chile.travel\/pt-br\/wp-json\/wp\/v2\/zona?post=61449"}],"curies":[{"name":"wp","href":"https:\/\/api.w.org\/{rel}","templated":true}]}}