

{"id":101351,"date":"2026-09-03T15:49:51","date_gmt":"2026-09-03T19:49:51","guid":{"rendered":"https:\/\/chile.travel\/blog\/nada-a-ver-com-o-texas-5-curiosidades-sobre-a-bandeira-do-chile\/"},"modified":"2026-09-03T15:55:37","modified_gmt":"2026-09-03T19:55:37","slug":"nada-a-ver-com-o-texas-5-curiosidades-sobre-a-bandeira-do-chile","status":"publish","type":"post","link":"https:\/\/chile.travel\/pt-br\/blog\/nada-a-ver-com-o-texas-5-curiosidades-sobre-a-bandeira-do-chile\/","title":{"rendered":"Nada a ver com o Texas? 5 curiosidades sobre a bandeira do Chile"},"content":{"rendered":"\n<p class=\"wp-block-paragraph\">Nascida em 1817, a bandeira do Chile<strong> <\/strong>\u00e9 um dos s\u00edmbolos mais importantes do nosso pa\u00eds. Combina azul, branco e vermelho com uma estrela de cinco pontas.  <\/p>\n\n<p class=\"wp-block-paragraph\">Embora alguns a confundam com a bandeira do Texas, a nossa <em>estrela solit\u00e1ria<\/em> tem uma hist\u00f3ria poderosa que vale a pena conhecer.<strong> Aqui deixamos-te cinco curiosidades sobre ela!<\/strong><\/p>\n\n<figure class=\"wp-block-image size-large is-resized\"><img loading=\"lazy\" decoding=\"async\" width=\"1080\" height=\"1350\" src=\"https:\/\/chile.travel\/wp-content\/uploads\/2026\/09\/fbc032c6-image.jpeg\" alt=\" Grande Bandeira do Bicenten&#xE1;rio a ondular num mastro no Bairro C&#xED;vico de Santiago, com edif&#xED;cios ao fundo.\" class=\"wp-image-101292\" style=\"aspect-ratio:0.8;width:448px;height:auto\" srcset=\"https:\/\/chile.travel\/wp-content\/uploads\/2026\/09\/fbc032c6-image.jpeg 1080w, https:\/\/chile.travel\/wp-content\/uploads\/2026\/09\/fbc032c6-image-240x300.jpeg 240w, https:\/\/chile.travel\/wp-content\/uploads\/2026\/09\/fbc032c6-image-768x960.jpeg 768w, https:\/\/chile.travel\/wp-content\/uploads\/2026\/09\/fbc032c6-image-819x1024.jpeg 819w\" sizes=\"auto, (max-width: 1080px) 100vw, 1080px\" \/><figcaption class=\"wp-element-caption\">Fotografia: <a href=\"https:\/\/www.instagram.com\/p\/DFWBwQHPHJP\/?igsi=Y2RxYWltcnNtZGlk\" target=\"_blank\" rel=\"noreferrer noopener\">@danielf99<\/a><\/figcaption><\/figure>\n\n<p class=\"has-text-align-right wp-block-paragraph\">Fotografia da capa: <a href=\"https:\/\/patagoniaaustral.cl\/st_tour\/volcan-osorno-y-saltos-del-petrohue\/\">Patagonia Austral<\/a><br\/><\/p>\n\n<h2 class=\"wp-block-heading\">1. Qual \u00e9 a origem da bandeira do Chile?<\/h2>\n\n<p class=\"wp-block-paragraph\">A <strong>bandeira do Chile<\/strong> foi oficializada a <strong>18 de outubro de 1817<\/strong>, durante o governo de <strong>Bernardo O\u2019Higgins<\/strong>. O seu design incorporou as cores azul, branco e vermelho, que se mant\u00eam at\u00e9 hoje. <\/p>\n\n<p class=\"wp-block-paragraph\">Durante o seu processo de emancipa\u00e7\u00e3o, o Chile teve outras duas bandeiras antes do design final. <\/p>\n\n<ul class=\"wp-block-list\">\n<li>A <strong>bandeira da P\u00e1tria Velha<\/strong>, utilizada entre 1810 e 1814, formada por tr\u00eas campos retangulares horizontais nas cores azul, branco e amarelo.<\/li>\n\n\n\n<li>A <strong>bandeira de transi\u00e7\u00e3o<\/strong>, utilizada entre 1817 e 1818, composta por tr\u00eas faixas horizontais em <strong>azul, branco e vermelho.<\/strong><\/li>\n\n\n\n<li>A <strong>bandeira atual<\/strong>, que conservou as cores e incorporou a estrela branca.<\/li>\n<\/ul>\n\n<figure class=\"wp-block-image size-large is-resized\"><img loading=\"lazy\" decoding=\"async\" width=\"1080\" height=\"1484\" src=\"https:\/\/chile.travel\/wp-content\/uploads\/2026\/09\/c2b544c0-banderas-de-chile.jpg\" alt=\"Infografia com a Bandeira da P&#xE1;tria Velha, a Bandeira de Transi&#xE7;&#xE3;o e a Bandeira Chilena Atual.\" class=\"wp-image-101313\" style=\"aspect-ratio:0.7275501640344854;width:744px;height:auto\" srcset=\"https:\/\/chile.travel\/wp-content\/uploads\/2026\/09\/c2b544c0-banderas-de-chile.jpg 1080w, https:\/\/chile.travel\/wp-content\/uploads\/2026\/09\/c2b544c0-banderas-de-chile-218x300.jpg 218w, https:\/\/chile.travel\/wp-content\/uploads\/2026\/09\/c2b544c0-banderas-de-chile-768x1055.jpg 768w, https:\/\/chile.travel\/wp-content\/uploads\/2026\/09\/c2b544c0-banderas-de-chile-745x1024.jpg 745w\" sizes=\"auto, (max-width: 1080px) 100vw, 1080px\" \/><figcaption class=\"wp-element-caption\">Cr\u00e9dito: <a href=\"https:\/\/cl.pinterest.com\/pin\/26388347812097458\/\" data-type=\"link\" data-id=\"https:\/\/cl.pinterest.com\/pin\/26388347812097458\/\">Pinterest Cecilia Yolanda<\/a><\/figcaption><\/figure>\n\n<p class=\"wp-block-paragraph\">O momento mais importante da atual bandeira chilena remonta a <strong>12 de fevereiro de 1818<\/strong>, quando foi utilizada publicamente <a href=\"https:\/\/www.memoriachilena.gob.cl\/602\/w3-article-96486.html\" data-type=\"link\" data-id=\"https:\/\/www.memoriachilena.gob.cl\/602\/w3-article-96486.html\" target=\"_blank\" rel=\"noreferrer noopener\">durante a proclama\u00e7\u00e3o da Independ\u00eancia do Chile.<\/a><\/p>\n\n<h2 class=\"wp-block-heading\">2. O que significam as cores da bandeira do Chile?<\/h2>\n\n<p class=\"wp-block-paragraph\">Cada elemento da <strong>bandeira do Chile<\/strong> est\u00e1 associado a aspetos da geografia e da hist\u00f3ria do pa\u00eds:<\/p>\n\n<ul class=\"wp-block-list\">\n<li><strong>Azul:<\/strong> representa o c\u00e9u e o oceano Pac\u00edfico, dois elementos presentes ao longo do territ\u00f3rio chileno.<\/li>\n\n\n\n<li><strong>Branco:<\/strong> simboliza os cumes nevados da cordilheira dos Andes, que se estende por grande parte da fronteira oriental do pa\u00eds.<\/li>\n\n\n\n<li><strong>Vermelho:<\/strong> recorda o sangue derramado durante a luta pela Independ\u00eancia.<\/li>\n\n\n\n<li><strong>Estrela branca:<\/strong> a <em>estrela solit\u00e1ria<\/em> representa a unidade do pa\u00eds e os tr\u00eas poderes do Estado: Executivo, Legislativo e Judicial. Tamb\u00e9m tem sido relacionada com a \u201cEstrela de Arauco\u201d, ligada \u00e0 tradi\u00e7\u00e3o do povo Mapuche. <\/li>\n<\/ul>\n\n<h2 class=\"wp-block-heading\">3. Tem alguma rela\u00e7\u00e3o com a bandeira do Texas?<\/h2>\n\n<figure class=\"wp-block-image size-large is-resized\"><img loading=\"lazy\" decoding=\"async\" width=\"1600\" height=\"1200\" src=\"https:\/\/chile.travel\/wp-content\/uploads\/2026\/09\/fbc032c6-image-1.jpeg\" alt=\" Compara&#xE7;&#xE3;o entre a bandeira do Texas e a bandeira do Chile, ambas com faixas vermelhas e brancas e uma estrela solit&#xE1;ria.\" class=\"wp-image-101295\" style=\"aspect-ratio:1.334811529933481;width:602px;height:auto\" srcset=\"https:\/\/chile.travel\/wp-content\/uploads\/2026\/09\/fbc032c6-image-1.jpeg 1600w, https:\/\/chile.travel\/wp-content\/uploads\/2026\/09\/fbc032c6-image-1-300x225.jpeg 300w, https:\/\/chile.travel\/wp-content\/uploads\/2026\/09\/fbc032c6-image-1-768x576.jpeg 768w, https:\/\/chile.travel\/wp-content\/uploads\/2026\/09\/fbc032c6-image-1-1536x1152.jpeg 1536w, https:\/\/chile.travel\/wp-content\/uploads\/2026\/09\/fbc032c6-image-1-1024x768.jpeg 1024w\" sizes=\"auto, (max-width: 1600px) 100vw, 1600px\" \/><figcaption class=\"wp-element-caption\">Fotografia: <a href=\"https:\/\/www.instagram.com\/p\/DS2gWcsj5A_\/\" target=\"_blank\" rel=\"noreferrer noopener\">@texashappens<\/a> \/ <a href=\"https:\/\/www.gob.cl\/noticias\/cuando-se-instala-la-bandera-en-septiembre\/\" target=\"_blank\" rel=\"noreferrer noopener\">gob.cl<\/a><\/figcaption><\/figure>\n\n<p class=\"wp-block-paragraph\">Com um design semelhante, a <strong>bandeira do Texas<\/strong> foi adotada a 25 de janeiro de 1839, 22 anos depois da bandeira chilena. <strong>Houve c\u00f3pia?<\/strong> <\/p>\n\n<p class=\"wp-block-paragraph\">A <a href=\"https:\/\/www.tsl.texas.gov\/historicflags\/4052RepublicofChile.html\" data-type=\"link\" data-id=\"https:\/\/www.tsl.texas.gov\/historicflags\/4052RepublicofChile.html\">Texas State Library and Archives Commission<\/a> indica que alguns homens que mais tarde participaram na Revolu\u00e7\u00e3o do Texas, incluindo o futuro presidente do Texas, David G. Burnet, ter\u00e3o atuado como <strong>filibusteiros no Chile<\/strong>, e h\u00e1 especula\u00e7\u00f5es de que se possam ter inspirado no design chileno.<\/p>\n\n<p class=\"wp-block-paragraph\">No entanto, <strong>n\u00e3o h\u00e1 documenta\u00e7\u00e3o<\/strong> que prove que o design texano se tenha inspirado no chileno. Cada uma nasceu em contextos hist\u00f3ricos diferentes e representa identidades pr\u00f3prias. Por isso, se durante uma viagem vires uma bandeira com uma <strong>estrela solit\u00e1ria<\/strong>, repara bem nas suas faixas! <a href=\"https:\/\/www.youtube.com\/watch?v=5yOrOqII1Sk\" data-type=\"link\" data-id=\"https:\/\/www.youtube.com\/watch?v=5yOrOqII1Sk\" target=\"_blank\" rel=\"noreferrer noopener\">E n\u00e3o sejas como o nosso querido Paul McCartney.<\/a>  <\/p>\n\n<h2 class=\"wp-block-heading\">4. Onde tirar fotografias com a bandeira do Chile?<\/h2>\n\n<p class=\"wp-block-paragraph\">Se queres levar uma fotografia que ligue o s\u00edmbolo nacional a algumas das paisagens mais emblem\u00e1ticas do pa\u00eds, considera estes <a href=\"https:\/\/chile.travel\/pt-br\/\" data-type=\"link\" data-id=\"https:\/\/chile.travel\/pt-br\/\" target=\"_blank\" rel=\"noreferrer noopener\">destinos<\/a>:<\/p>\n\n<h4 class=\"wp-block-heading\">Centro de Santiago<\/h4>\n\n<p class=\"wp-block-paragraph\">No centro de Santiago, junto ao <a href=\"https:\/\/www.cclm.cl\/en\/cclm\/visit-us\/plan-your-visit\/\" data-type=\"link\" data-id=\"https:\/\/www.cclm.cl\/en\/cclm\/visit-us\/plan-your-visit\/\" target=\"_blank\" rel=\"noreferrer noopener\">Pal\u00e1cio de La Moneda<\/a>, h\u00e1 dois locais onde encontrar\u00e1s sempre bandeiras do Chile: o <strong>Paseo Bulnes<\/strong> e a <strong>Plaza de la Ciudadan\u00eda<\/strong>, situados, respetivamente, na parte da frente e na parte de tr\u00e1s da sede do Governo.<\/p>\n\n<figure class=\"wp-block-image size-large\"><img loading=\"lazy\" decoding=\"async\" width=\"2000\" height=\"1333\" src=\"https:\/\/chile.travel\/wp-content\/uploads\/2026\/09\/9c07e31c-la-moneda.jpg\" alt=\"Fotografia da parte de tr&#xE1;s de La Moneda.\" class=\"wp-image-101318\" srcset=\"https:\/\/chile.travel\/wp-content\/uploads\/2026\/09\/9c07e31c-la-moneda.jpg 2000w, https:\/\/chile.travel\/wp-content\/uploads\/2026\/09\/9c07e31c-la-moneda-300x200.jpg 300w, https:\/\/chile.travel\/wp-content\/uploads\/2026\/09\/9c07e31c-la-moneda-767x511.jpg 767w, https:\/\/chile.travel\/wp-content\/uploads\/2026\/09\/9c07e31c-la-moneda-1024x682.jpg 1024w, https:\/\/chile.travel\/wp-content\/uploads\/2026\/09\/9c07e31c-la-moneda-1536x1024.jpg 1536w\" sizes=\"auto, (max-width: 2000px) 100vw, 2000px\" \/><figcaption class=\"wp-element-caption\">Foto: Banco audiovisual de Sernatur<\/figcaption><\/figure>\n\n<h4 class=\"wp-block-heading\">Morro de Arica<\/h4>\n\n<p class=\"wp-block-paragraph\">Em <a href=\"https:\/\/chile.travel\/blog\/que-hacer-en-arica-ciudad-de-la-eterna-primavera-2\/\" data-type=\"link\" data-id=\"https:\/\/chile.travel\/blog\/que-hacer-en-arica-ciudad-de-la-eterna-primavera-2\/\" target=\"_blank\" rel=\"noreferrer noopener\">Arica<\/a>, no topo deste hist\u00f3rico penhasco, ondula uma das bandeiras chilenas de <strong>maior dimens\u00e3o fora de Santiago<\/strong>. A atual mede <strong>18 por 27 metros<\/strong> e encontra-se num mastro de <strong>42 metros de altura<\/strong>. Daqui, poder\u00e1s desfrutar de uma vista panor\u00e2mica de Arica, com a bandeira chilena, o deserto costeiro e o oceano Pac\u00edfico como protagonistas.   <\/p>\n\n<figure class=\"wp-block-image size-large is-resized\"><img loading=\"lazy\" decoding=\"async\" width=\"1600\" height=\"1200\" src=\"https:\/\/chile.travel\/wp-content\/uploads\/2026\/09\/fbc032c6-image-2.jpeg\" alt=\"Bandeira chilena a ondular sobre o Morro de Arica, rodeada de palmeiras, com vista para a cidade e o oceano Pac&#xED;fico.\" class=\"wp-image-101299\" style=\"aspect-ratio:1.334811529933481;width:602px;height:auto\" srcset=\"https:\/\/chile.travel\/wp-content\/uploads\/2026\/09\/fbc032c6-image-2.jpeg 1600w, https:\/\/chile.travel\/wp-content\/uploads\/2026\/09\/fbc032c6-image-2-300x225.jpeg 300w, https:\/\/chile.travel\/wp-content\/uploads\/2026\/09\/fbc032c6-image-2-768x576.jpeg 768w, https:\/\/chile.travel\/wp-content\/uploads\/2026\/09\/fbc032c6-image-2-1024x768.jpeg 1024w, https:\/\/chile.travel\/wp-content\/uploads\/2026\/09\/fbc032c6-image-2-1536x1152.jpeg 1536w\" sizes=\"auto, (max-width: 1600px) 100vw, 1600px\" \/><figcaption class=\"wp-element-caption\">Fotografia: Banco audiovisual do Sernatur<\/figcaption><\/figure>\n\n<h4 class=\"wp-block-heading\">Ilha Navarino<\/h4>\n\n<p class=\"wp-block-paragraph\">Esta bandeira \u00e9 especial, pois fica junto da cidade mais austral do mundo: <strong>Puerto Williams<\/strong>, <a href=\"https:\/\/chile.travel\/blog\/que-hacer-en-tierra-del-fuego-2\/\" data-type=\"link\" data-id=\"https:\/\/chile.travel\/blog\/que-hacer-en-tierra-del-fuego-2\/\">na Ilha Navarino, Terra do Fogo<\/a>. Com um trekking de cerca de 3 horas, chegar\u00e1s ao Cerro Bandera, onde se encontra esta bandeira ic\u00f3nica junto aos canais austrais. <\/p>\n\n<figure class=\"wp-block-image size-large is-resized\"><img loading=\"lazy\" decoding=\"async\" width=\"1600\" height=\"1200\" src=\"https:\/\/chile.travel\/wp-content\/uploads\/2026\/09\/c4eec175-image.jpeg\" alt=\" Bandeira do Chile a ondular no topo de um cerro com vista para um lago e montanhas na Patag&#xF3;nia.\" class=\"wp-image-101323\" style=\"aspect-ratio:1.334811529933481;width:602px;height:auto\" srcset=\"https:\/\/chile.travel\/wp-content\/uploads\/2026\/09\/c4eec175-image.jpeg 1600w, https:\/\/chile.travel\/wp-content\/uploads\/2026\/09\/c4eec175-image-300x225.jpeg 300w, https:\/\/chile.travel\/wp-content\/uploads\/2026\/09\/c4eec175-image-768x576.jpeg 768w, https:\/\/chile.travel\/wp-content\/uploads\/2026\/09\/c4eec175-image-1024x768.jpeg 1024w, https:\/\/chile.travel\/wp-content\/uploads\/2026\/09\/c4eec175-image-1536x1152.jpeg 1536w\" sizes=\"auto, (max-width: 1600px) 100vw, 1600px\" \/><figcaption class=\"wp-element-caption\">Fotograf\u00eda: <a href=\"https:\/\/www.andeshandbook.org\/montanismo\/ruta\/51\/trek_oficial\">Andeshandbook<\/a><\/figcaption><\/figure>\n\n<h2 class=\"wp-block-heading\">5. Fiestas Patrias: quando o Chile se enche de bandeiras<\/h2>\n\n<p class=\"wp-block-paragraph\">A cada <strong>18 de setembro<\/strong>, todo o Chile est\u00e1 em festa com a chegada das Fiestas Patrias. Muitas casas colocam uma bandeira na sua fachada para <strong>celebrar a chilenidade<\/strong>, enquanto nesses dias se realizam fondas e ramadas. \u00c9 uma celebra\u00e7\u00e3o inesquec\u00edvel.  <\/p>\n\n<ul class=\"wp-block-list\">\n<li><a href=\"https:\/\/chile.travel\/pt-br\/blog\/fiestas-patrias-no-chile-2\/\" data-type=\"link\" data-id=\"https:\/\/chile.travel\/blog\/fiestas-patrias-en-chile-2\/\" target=\"_blank\" rel=\"noreferrer noopener\">Encontra aqui informa\u00e7\u00e3o sobre as Fiestas Patrias do Chile.<\/a><\/li>\n<\/ul>\n\n<p class=\"wp-block-paragraph\"><\/p>\n","protected":false},"excerpt":{"rendered":"<p>Nascida em 1817, a bandeira do Chile \u00e9 um dos s\u00edmbolos mais importantes do nosso pa\u00eds. Combina azul, branco e vermelho com uma estrela de cinco pontas. Embora alguns a confundam com a bandeira do Texas, a nossa estrela solit\u00e1ria tem uma hist\u00f3ria poderosa que vale a pena conhecer. Aqui deixamos-te cinco curiosidades sobre ela! [&hellip;]<\/p>\n","protected":false},"author":26,"featured_media":101333,"comment_status":"closed","ping_status":"closed","sticky":false,"template":"","format":"standard","meta":{"_acf_changed":false,"inline_featured_image":false,"powered_cache_disable_cache":false,"powered_cache_disable_lazyload":false,"powered_cache_disable_js_optimization":false,"footnotes":""},"categories":[7],"tags":[],"actividad":[854,1072],"destacado":[],"paisaje":[1133],"region":[],"zona":[441,442,443],"class_list":["post-101351","post","type-post","status-publish","format-standard","has-post-thumbnail","hentry","category-nao-categorizado","actividad-cultura-e-patrimonio","actividad-celebracoes-tipicas","paisaje-cidades","zona-deserto-do-atacama-e-altiplano","zona-patagonia-e-antartida","zona-santiago-valparaiso-e-vales-do-vinho"],"acf":[],"yoast_head":"<!-- This site is optimized with the Yoast SEO plugin v28.4 - https:\/\/yoast.com\/product\/yoast-seo-wordpress\/ -->\n<title>Nada a ver com o Texas? 5 curiosidades sobre a bandeira do Chile - Chile Travel<\/title>\n<meta name=\"description\" content=\"Conhece a hist\u00f3ria da bandeira do Chile, o significado das suas cores e porque \u00e9 que alguns a confundem com a do Texas.\" \/>\n<meta name=\"robots\" content=\"index, follow, max-snippet:-1, max-image-preview:large, max-video-preview:-1\" \/>\n<link rel=\"canonical\" href=\"https:\/\/chile.travel\/pt-br\/blog\/nada-a-ver-com-o-texas-5-curiosidades-sobre-a-bandeira-do-chile\/\" \/>\n<meta property=\"og:locale\" content=\"pt_BR\" \/>\n<meta property=\"og:type\" content=\"article\" \/>\n<meta property=\"og:title\" content=\"Nada a ver com o Texas? 5 curiosidades sobre a bandeira do Chile - Chile Travel\" \/>\n<meta property=\"og:description\" content=\"Conhece a hist\u00f3ria da bandeira do Chile, o significado das suas cores e porque \u00e9 que alguns a confundem com a do Texas.\" \/>\n<meta property=\"og:url\" content=\"https:\/\/chile.travel\/pt-br\/blog\/nada-a-ver-com-o-texas-5-curiosidades-sobre-a-bandeira-do-chile\/\" \/>\n<meta property=\"og:site_name\" content=\"Chile Travel\" \/>\n<meta property=\"article:published_time\" content=\"2026-09-03T19:49:51+00:00\" \/>\n<meta property=\"article:modified_time\" content=\"2026-09-03T19:55:37+00:00\" \/>\n<meta property=\"og:image\" content=\"https:\/\/chile.travel\/wp-content\/uploads\/2026\/09\/db8b52f5-1-bandera-de-chile.jpg\" \/>\n\t<meta property=\"og:image:width\" content=\"1600\" \/>\n\t<meta property=\"og:image:height\" content=\"840\" \/>\n\t<meta property=\"og:image:type\" content=\"image\/jpeg\" \/>\n<meta name=\"author\" content=\"Pedro Cardenas\" \/>\n<meta name=\"twitter:card\" content=\"summary_large_image\" \/>\n<meta name=\"twitter:label1\" content=\"Escrito por\" \/>\n\t<meta name=\"twitter:data1\" content=\"Pedro Cardenas\" \/>\n\t<meta name=\"twitter:label2\" content=\"Est. tempo de leitura\" \/>\n\t<meta name=\"twitter:data2\" content=\"4 minutos\" \/>\n<script type=\"application\/ld+json\" class=\"yoast-schema-graph\">{\"@context\":\"https:\\\/\\\/schema.org\",\"@graph\":[{\"@type\":\"Article\",\"@id\":\"https:\\\/\\\/chile.travel\\\/pt-br\\\/blog\\\/nada-a-ver-com-o-texas-5-curiosidades-sobre-a-bandeira-do-chile\\\/#article\",\"isPartOf\":{\"@id\":\"https:\\\/\\\/chile.travel\\\/pt-br\\\/blog\\\/nada-a-ver-com-o-texas-5-curiosidades-sobre-a-bandeira-do-chile\\\/\"},\"author\":{\"name\":\"Pedro Cardenas\",\"@id\":\"https:\\\/\\\/stg.chile.travel\\\/pt-br\\\/#\\\/schema\\\/person\\\/184e80cef60cf314b5e3b3faaa8eb004\"},\"headline\":\"Nada a ver com o Texas? 5 curiosidades sobre a bandeira do Chile\",\"datePublished\":\"2026-09-03T19:49:51+00:00\",\"dateModified\":\"2026-09-03T19:55:37+00:00\",\"mainEntityOfPage\":{\"@id\":\"https:\\\/\\\/chile.travel\\\/pt-br\\\/blog\\\/nada-a-ver-com-o-texas-5-curiosidades-sobre-a-bandeira-do-chile\\\/\"},\"wordCount\":740,\"publisher\":{\"@id\":\"https:\\\/\\\/stg.chile.travel\\\/pt-br\\\/#organization\"},\"image\":{\"@id\":\"https:\\\/\\\/chile.travel\\\/pt-br\\\/blog\\\/nada-a-ver-com-o-texas-5-curiosidades-sobre-a-bandeira-do-chile\\\/#primaryimage\"},\"thumbnailUrl\":\"https:\\\/\\\/chile.travel\\\/wp-content\\\/uploads\\\/2026\\\/09\\\/db8b52f5-1-bandera-de-chile.jpg\",\"articleSection\":[\"N\u00e3o categorizado\"],\"inLanguage\":\"pt-BR\"},{\"@type\":\"WebPage\",\"@id\":\"https:\\\/\\\/chile.travel\\\/pt-br\\\/blog\\\/nada-a-ver-com-o-texas-5-curiosidades-sobre-a-bandeira-do-chile\\\/\",\"url\":\"https:\\\/\\\/chile.travel\\\/pt-br\\\/blog\\\/nada-a-ver-com-o-texas-5-curiosidades-sobre-a-bandeira-do-chile\\\/\",\"name\":\"Nada a ver com o Texas? 5 curiosidades sobre a bandeira do Chile - Chile Travel\",\"isPartOf\":{\"@id\":\"https:\\\/\\\/stg.chile.travel\\\/pt-br\\\/#website\"},\"primaryImageOfPage\":{\"@id\":\"https:\\\/\\\/chile.travel\\\/pt-br\\\/blog\\\/nada-a-ver-com-o-texas-5-curiosidades-sobre-a-bandeira-do-chile\\\/#primaryimage\"},\"image\":{\"@id\":\"https:\\\/\\\/chile.travel\\\/pt-br\\\/blog\\\/nada-a-ver-com-o-texas-5-curiosidades-sobre-a-bandeira-do-chile\\\/#primaryimage\"},\"thumbnailUrl\":\"https:\\\/\\\/chile.travel\\\/wp-content\\\/uploads\\\/2026\\\/09\\\/db8b52f5-1-bandera-de-chile.jpg\",\"datePublished\":\"2026-09-03T19:49:51+00:00\",\"dateModified\":\"2026-09-03T19:55:37+00:00\",\"description\":\"Conhece a hist\u00f3ria da bandeira do Chile, o significado das suas cores e porque \u00e9 que alguns a confundem com a do Texas.\",\"breadcrumb\":{\"@id\":\"https:\\\/\\\/chile.travel\\\/pt-br\\\/blog\\\/nada-a-ver-com-o-texas-5-curiosidades-sobre-a-bandeira-do-chile\\\/#breadcrumb\"},\"inLanguage\":\"pt-BR\",\"potentialAction\":[{\"@type\":\"ReadAction\",\"target\":[\"https:\\\/\\\/chile.travel\\\/pt-br\\\/blog\\\/nada-a-ver-com-o-texas-5-curiosidades-sobre-a-bandeira-do-chile\\\/\"]}]},{\"@type\":\"ImageObject\",\"inLanguage\":\"pt-BR\",\"@id\":\"https:\\\/\\\/chile.travel\\\/pt-br\\\/blog\\\/nada-a-ver-com-o-texas-5-curiosidades-sobre-a-bandeira-do-chile\\\/#primaryimage\",\"url\":\"https:\\\/\\\/chile.travel\\\/wp-content\\\/uploads\\\/2026\\\/09\\\/db8b52f5-1-bandera-de-chile.jpg\",\"contentUrl\":\"https:\\\/\\\/chile.travel\\\/wp-content\\\/uploads\\\/2026\\\/09\\\/db8b52f5-1-bandera-de-chile.jpg\",\"width\":1600,\"height\":840,\"caption\":\"Bandera de Chile ondeando frente a un volc\u00e1n nevado y un lago, en el sur del pa\u00eds.\"},{\"@type\":\"BreadcrumbList\",\"@id\":\"https:\\\/\\\/chile.travel\\\/pt-br\\\/blog\\\/nada-a-ver-com-o-texas-5-curiosidades-sobre-a-bandeira-do-chile\\\/#breadcrumb\",\"itemListElement\":[{\"@type\":\"ListItem\",\"position\":1,\"name\":\"Portada\",\"item\":\"https:\\\/\\\/stg.chile.travel\\\/pt-br\\\/\"},{\"@type\":\"ListItem\",\"position\":2,\"name\":\"Nada a ver com o Texas? 5 curiosidades sobre a bandeira do Chile\"}]},{\"@type\":\"WebSite\",\"@id\":\"https:\\\/\\\/stg.chile.travel\\\/pt-br\\\/#website\",\"url\":\"https:\\\/\\\/stg.chile.travel\\\/pt-br\\\/\",\"name\":\"Chile Travel\",\"description\":\"\",\"publisher\":{\"@id\":\"https:\\\/\\\/stg.chile.travel\\\/pt-br\\\/#organization\"},\"potentialAction\":[{\"@type\":\"SearchAction\",\"target\":{\"@type\":\"EntryPoint\",\"urlTemplate\":\"https:\\\/\\\/stg.chile.travel\\\/pt-br\\\/?s={search_term_string}\"},\"query-input\":{\"@type\":\"PropertyValueSpecification\",\"valueRequired\":true,\"valueName\":\"search_term_string\"}}],\"inLanguage\":\"pt-BR\"},{\"@type\":\"Organization\",\"@id\":\"https:\\\/\\\/stg.chile.travel\\\/pt-br\\\/#organization\",\"name\":\"Chile Travel\",\"url\":\"https:\\\/\\\/stg.chile.travel\\\/pt-br\\\/\",\"logo\":{\"@type\":\"ImageObject\",\"inLanguage\":\"pt-BR\",\"@id\":\"https:\\\/\\\/stg.chile.travel\\\/pt-br\\\/#\\\/schema\\\/logo\\\/image\\\/\",\"url\":\"https:\\\/\\\/chile.travel\\\/wp-content\\\/uploads\\\/2025\\\/12\\\/84152706-logo-travel.svg\",\"contentUrl\":\"https:\\\/\\\/chile.travel\\\/wp-content\\\/uploads\\\/2025\\\/12\\\/84152706-logo-travel.svg\",\"width\":189,\"height\":225,\"caption\":\"Chile Travel\"},\"image\":{\"@id\":\"https:\\\/\\\/stg.chile.travel\\\/pt-br\\\/#\\\/schema\\\/logo\\\/image\\\/\"}},{\"@type\":\"Person\",\"@id\":\"https:\\\/\\\/stg.chile.travel\\\/pt-br\\\/#\\\/schema\\\/person\\\/184e80cef60cf314b5e3b3faaa8eb004\",\"name\":\"Pedro Cardenas\",\"image\":{\"@type\":\"ImageObject\",\"inLanguage\":\"pt-BR\",\"@id\":\"https:\\\/\\\/secure.gravatar.com\\\/avatar\\\/2fa80188ef443d49c66106474129f40527d7d5272b4087ec3c5894a7a9424f61?s=96&d=mm&r=g\",\"url\":\"https:\\\/\\\/secure.gravatar.com\\\/avatar\\\/2fa80188ef443d49c66106474129f40527d7d5272b4087ec3c5894a7a9424f61?s=96&d=mm&r=g\",\"contentUrl\":\"https:\\\/\\\/secure.gravatar.com\\\/avatar\\\/2fa80188ef443d49c66106474129f40527d7d5272b4087ec3c5894a7a9424f61?s=96&d=mm&r=g\",\"caption\":\"Pedro Cardenas\"},\"url\":\"https:\\\/\\\/chile.travel\\\/pt-br\\\/blog\\\/author\\\/pcardenas\\\/\"}]}<\/script>\n<!-- \/ Yoast SEO plugin. -->","yoast_head_json":{"title":"Nada a ver com o Texas? 5 curiosidades sobre a bandeira do Chile - Chile Travel","description":"Conhece a hist\u00f3ria da bandeira do Chile, o significado das suas cores e porque \u00e9 que alguns a confundem com a do Texas.","robots":{"index":"index","follow":"follow","max-snippet":"max-snippet:-1","max-image-preview":"max-image-preview:large","max-video-preview":"max-video-preview:-1"},"canonical":"https:\/\/chile.travel\/pt-br\/blog\/nada-a-ver-com-o-texas-5-curiosidades-sobre-a-bandeira-do-chile\/","og_locale":"pt_BR","og_type":"article","og_title":"Nada a ver com o Texas? 5 curiosidades sobre a bandeira do Chile - Chile Travel","og_description":"Conhece a hist\u00f3ria da bandeira do Chile, o significado das suas cores e porque \u00e9 que alguns a confundem com a do Texas.","og_url":"https:\/\/chile.travel\/pt-br\/blog\/nada-a-ver-com-o-texas-5-curiosidades-sobre-a-bandeira-do-chile\/","og_site_name":"Chile Travel","article_published_time":"2026-09-03T19:49:51+00:00","article_modified_time":"2026-09-03T19:55:37+00:00","og_image":[{"width":1600,"height":840,"url":"https:\/\/chile.travel\/wp-content\/uploads\/2026\/09\/db8b52f5-1-bandera-de-chile.jpg","type":"image\/jpeg"}],"author":"Pedro Cardenas","twitter_card":"summary_large_image","twitter_misc":{"Escrito por":"Pedro Cardenas","Est. tempo de leitura":"4 minutos"},"schema":{"@context":"https:\/\/schema.org","@graph":[{"@type":"Article","@id":"https:\/\/chile.travel\/pt-br\/blog\/nada-a-ver-com-o-texas-5-curiosidades-sobre-a-bandeira-do-chile\/#article","isPartOf":{"@id":"https:\/\/chile.travel\/pt-br\/blog\/nada-a-ver-com-o-texas-5-curiosidades-sobre-a-bandeira-do-chile\/"},"author":{"name":"Pedro Cardenas","@id":"https:\/\/stg.chile.travel\/pt-br\/#\/schema\/person\/184e80cef60cf314b5e3b3faaa8eb004"},"headline":"Nada a ver com o Texas? 5 curiosidades sobre a bandeira do Chile","datePublished":"2026-09-03T19:49:51+00:00","dateModified":"2026-09-03T19:55:37+00:00","mainEntityOfPage":{"@id":"https:\/\/chile.travel\/pt-br\/blog\/nada-a-ver-com-o-texas-5-curiosidades-sobre-a-bandeira-do-chile\/"},"wordCount":740,"publisher":{"@id":"https:\/\/stg.chile.travel\/pt-br\/#organization"},"image":{"@id":"https:\/\/chile.travel\/pt-br\/blog\/nada-a-ver-com-o-texas-5-curiosidades-sobre-a-bandeira-do-chile\/#primaryimage"},"thumbnailUrl":"https:\/\/chile.travel\/wp-content\/uploads\/2026\/09\/db8b52f5-1-bandera-de-chile.jpg","articleSection":["N\u00e3o categorizado"],"inLanguage":"pt-BR"},{"@type":"WebPage","@id":"https:\/\/chile.travel\/pt-br\/blog\/nada-a-ver-com-o-texas-5-curiosidades-sobre-a-bandeira-do-chile\/","url":"https:\/\/chile.travel\/pt-br\/blog\/nada-a-ver-com-o-texas-5-curiosidades-sobre-a-bandeira-do-chile\/","name":"Nada a ver com o Texas? 5 curiosidades sobre a bandeira do Chile - Chile Travel","isPartOf":{"@id":"https:\/\/stg.chile.travel\/pt-br\/#website"},"primaryImageOfPage":{"@id":"https:\/\/chile.travel\/pt-br\/blog\/nada-a-ver-com-o-texas-5-curiosidades-sobre-a-bandeira-do-chile\/#primaryimage"},"image":{"@id":"https:\/\/chile.travel\/pt-br\/blog\/nada-a-ver-com-o-texas-5-curiosidades-sobre-a-bandeira-do-chile\/#primaryimage"},"thumbnailUrl":"https:\/\/chile.travel\/wp-content\/uploads\/2026\/09\/db8b52f5-1-bandera-de-chile.jpg","datePublished":"2026-09-03T19:49:51+00:00","dateModified":"2026-09-03T19:55:37+00:00","description":"Conhece a hist\u00f3ria da bandeira do Chile, o significado das suas cores e porque \u00e9 que alguns a confundem com a do Texas.","breadcrumb":{"@id":"https:\/\/chile.travel\/pt-br\/blog\/nada-a-ver-com-o-texas-5-curiosidades-sobre-a-bandeira-do-chile\/#breadcrumb"},"inLanguage":"pt-BR","potentialAction":[{"@type":"ReadAction","target":["https:\/\/chile.travel\/pt-br\/blog\/nada-a-ver-com-o-texas-5-curiosidades-sobre-a-bandeira-do-chile\/"]}]},{"@type":"ImageObject","inLanguage":"pt-BR","@id":"https:\/\/chile.travel\/pt-br\/blog\/nada-a-ver-com-o-texas-5-curiosidades-sobre-a-bandeira-do-chile\/#primaryimage","url":"https:\/\/chile.travel\/wp-content\/uploads\/2026\/09\/db8b52f5-1-bandera-de-chile.jpg","contentUrl":"https:\/\/chile.travel\/wp-content\/uploads\/2026\/09\/db8b52f5-1-bandera-de-chile.jpg","width":1600,"height":840,"caption":"Bandera de Chile ondeando frente a un volc\u00e1n nevado y un lago, en el sur del pa\u00eds."},{"@type":"BreadcrumbList","@id":"https:\/\/chile.travel\/pt-br\/blog\/nada-a-ver-com-o-texas-5-curiosidades-sobre-a-bandeira-do-chile\/#breadcrumb","itemListElement":[{"@type":"ListItem","position":1,"name":"Portada","item":"https:\/\/stg.chile.travel\/pt-br\/"},{"@type":"ListItem","position":2,"name":"Nada a ver com o Texas? 5 curiosidades sobre a bandeira do Chile"}]},{"@type":"WebSite","@id":"https:\/\/stg.chile.travel\/pt-br\/#website","url":"https:\/\/stg.chile.travel\/pt-br\/","name":"Chile Travel","description":"","publisher":{"@id":"https:\/\/stg.chile.travel\/pt-br\/#organization"},"potentialAction":[{"@type":"SearchAction","target":{"@type":"EntryPoint","urlTemplate":"https:\/\/stg.chile.travel\/pt-br\/?s={search_term_string}"},"query-input":{"@type":"PropertyValueSpecification","valueRequired":true,"valueName":"search_term_string"}}],"inLanguage":"pt-BR"},{"@type":"Organization","@id":"https:\/\/stg.chile.travel\/pt-br\/#organization","name":"Chile Travel","url":"https:\/\/stg.chile.travel\/pt-br\/","logo":{"@type":"ImageObject","inLanguage":"pt-BR","@id":"https:\/\/stg.chile.travel\/pt-br\/#\/schema\/logo\/image\/","url":"https:\/\/chile.travel\/wp-content\/uploads\/2025\/12\/84152706-logo-travel.svg","contentUrl":"https:\/\/chile.travel\/wp-content\/uploads\/2025\/12\/84152706-logo-travel.svg","width":189,"height":225,"caption":"Chile Travel"},"image":{"@id":"https:\/\/stg.chile.travel\/pt-br\/#\/schema\/logo\/image\/"}},{"@type":"Person","@id":"https:\/\/stg.chile.travel\/pt-br\/#\/schema\/person\/184e80cef60cf314b5e3b3faaa8eb004","name":"Pedro Cardenas","image":{"@type":"ImageObject","inLanguage":"pt-BR","@id":"https:\/\/secure.gravatar.com\/avatar\/2fa80188ef443d49c66106474129f40527d7d5272b4087ec3c5894a7a9424f61?s=96&d=mm&r=g","url":"https:\/\/secure.gravatar.com\/avatar\/2fa80188ef443d49c66106474129f40527d7d5272b4087ec3c5894a7a9424f61?s=96&d=mm&r=g","contentUrl":"https:\/\/secure.gravatar.com\/avatar\/2fa80188ef443d49c66106474129f40527d7d5272b4087ec3c5894a7a9424f61?s=96&d=mm&r=g","caption":"Pedro Cardenas"},"url":"https:\/\/chile.travel\/pt-br\/blog\/author\/pcardenas\/"}]}},"_links":{"self":[{"href":"https:\/\/chile.travel\/pt-br\/wp-json\/wp\/v2\/posts\/101351","targetHints":{"allow":["GET"]}}],"collection":[{"href":"https:\/\/chile.travel\/pt-br\/wp-json\/wp\/v2\/posts"}],"about":[{"href":"https:\/\/chile.travel\/pt-br\/wp-json\/wp\/v2\/types\/post"}],"author":[{"embeddable":true,"href":"https:\/\/chile.travel\/pt-br\/wp-json\/wp\/v2\/users\/26"}],"replies":[{"embeddable":true,"href":"https:\/\/chile.travel\/pt-br\/wp-json\/wp\/v2\/comments?post=101351"}],"version-history":[{"count":1,"href":"https:\/\/chile.travel\/pt-br\/wp-json\/wp\/v2\/posts\/101351\/revisions"}],"predecessor-version":[{"id":101352,"href":"https:\/\/chile.travel\/pt-br\/wp-json\/wp\/v2\/posts\/101351\/revisions\/101352"}],"wp:featuredmedia":[{"embeddable":true,"href":"https:\/\/chile.travel\/pt-br\/wp-json\/wp\/v2\/media\/101333"}],"wp:attachment":[{"href":"https:\/\/chile.travel\/pt-br\/wp-json\/wp\/v2\/media?parent=101351"}],"wp:term":[{"taxonomy":"category","embeddable":true,"href":"https:\/\/chile.travel\/pt-br\/wp-json\/wp\/v2\/categories?post=101351"},{"taxonomy":"post_tag","embeddable":true,"href":"https:\/\/chile.travel\/pt-br\/wp-json\/wp\/v2\/tags?post=101351"},{"taxonomy":"actividad","embeddable":true,"href":"https:\/\/chile.travel\/pt-br\/wp-json\/wp\/v2\/actividad?post=101351"},{"taxonomy":"destacado","embeddable":true,"href":"https:\/\/chile.travel\/pt-br\/wp-json\/wp\/v2\/destacado?post=101351"},{"taxonomy":"paisaje","embeddable":true,"href":"https:\/\/chile.travel\/pt-br\/wp-json\/wp\/v2\/paisaje?post=101351"},{"taxonomy":"region","embeddable":true,"href":"https:\/\/chile.travel\/pt-br\/wp-json\/wp\/v2\/region?post=101351"},{"taxonomy":"zona","embeddable":true,"href":"https:\/\/chile.travel\/pt-br\/wp-json\/wp\/v2\/zona?post=101351"}],"curies":[{"name":"wp","href":"https:\/\/api.w.org\/{rel}","templated":true}]}}