






{"id":96332,"date":"2026-04-28T15:43:02","date_gmt":"2026-04-28T19:43:02","guid":{"rendered":"https:\/\/chile.travel\/blog\/5-raisons-de-voyager-au-chili-et-de-se-deconnecter-dun-monde-frenetique\/"},"modified":"2026-04-28T15:53:03","modified_gmt":"2026-04-28T19:53:03","slug":"5-raisons-de-voyager-au-chili-et-de-se-deconnecter-dun-monde-frenetique","status":"publish","type":"post","link":"https:\/\/chile.travel\/fr\/blog\/5-raisons-de-voyager-au-chili-et-de-se-deconnecter-dun-monde-frenetique\/","title":{"rendered":"5 raisons de voyager au Chili et de se d\u00e9connecter d&rsquo;un monde fr\u00e9n\u00e9tique"},"content":{"rendered":"\n<p>Au Chili, vous trouverez un refuge pour vous d\u00e9connecter, respirer et vivre des exp\u00e9riences authentiques. Un pays extraordinaire vous attend \u00e0 bras ouverts ! <\/p>\n\n<p>Nous vivons une \u00e9poque de changements constants. C&rsquo;est pourquoi de plus en plus de voyageurs recherchent des destinations offrant authenticit\u00e9, tranquillit\u00e9 et une <strong>connexion authentique avec la nature<\/strong>. <\/p>\n\n<p>Le Chili r\u00e9unit tout cela, et bien plus encore. Du <a href=\"https:\/\/chile.travel\/fr\/zones\/desert-atacama-et-altiplano\/\"><strong>d\u00e9sert d&rsquo;Atacama<\/strong><\/a> \u00e0 la <a href=\"https:\/\/chile.travel\/fr\/zones\/patagonie-et-antarctique\/\"><strong>Patagonie<\/strong><\/a>, des paysages uniques sont pr\u00eats pour votre prochaine aventure. <\/p>\n\n<p>Ci-dessous, nous vous donnons <strong>5 raisons<\/strong> pour lesquelles c&rsquo;est le moment id\u00e9al de d\u00e9couvrir notre pays.<\/p>\n\n<figure class=\"wp-block-image size-full\"><img loading=\"lazy\" decoding=\"async\" width=\"884\" height=\"588\" src=\"https:\/\/chile.travel\/wp-content\/uploads\/2026\/04\/8ffa3112-image.jpeg\" alt=\"\" class=\"wp-image-96278\" srcset=\"https:\/\/chile.travel\/wp-content\/uploads\/2026\/04\/8ffa3112-image.jpeg 884w, https:\/\/chile.travel\/wp-content\/uploads\/2026\/04\/8ffa3112-image-300x200.jpeg 300w, https:\/\/chile.travel\/wp-content\/uploads\/2026\/04\/8ffa3112-image-768x511.jpeg 768w\" sizes=\"auto, (max-width: 884px) 100vw, 884px\" \/><figcaption class=\"wp-element-caption\">Photo : Timothy Dhalliene<\/figcaption><\/figure>\n\n<h2 class=\"wp-block-heading\">1. Un havre de paix en des temps incertains<\/h2>\n\n<p><strong>Le Chili<\/strong> est reconnu comme un refuge face \u00e0 l&rsquo;incertitude mondiale. Sa <strong>g\u00e9ographie privil\u00e9gi\u00e9e<\/strong> \u2014 cordill\u00e8re, d\u00e9sert et oc\u00e9an \u2014 associ\u00e9e \u00e0 des institutions solides et une gestion efficace, le positionne comme une <strong>destination qui inspire confiance<\/strong> au moment de planifier un voyage, peu importe ce qui se passe dans le reste du monde. <\/p>\n\n<ul class=\"wp-block-list\">\n<li><a href=\"https:\/\/chile.travel\/fr\/blog\/nous-avons-marque-lhistoire-le-chili-est-elu-meilleure-destination-internationale-par-forbes\/\" target=\"_blank\" rel=\"noreferrer noopener\">D\u00e9couvrez pourquoi nous avons \u00e9t\u00e9 choisis comme meilleure destination aux Forbes Travel Awards.<\/a><\/li>\n<\/ul>\n\n<h2 class=\"wp-block-heading\">2. La protection des Andes<\/h2>\n\n<p>La <strong>cordill\u00e8re des Andes<\/strong> traverse le Chili du nord au sud comme une muraille implacable, offrant une <strong>barri\u00e8re naturelle<\/strong> qui prot\u00e8ge notre biodiversit\u00e9 des fl\u00e9aux externes.<\/p>\n\n<p>Avec ses volcans, ses vall\u00e9es d&rsquo;altitude et ses <strong>itin\u00e9raires de trekking<\/strong> de classe mondiale, ce g\u00e9ant agit comme un r\u00e9gulateur climatique essentiel \u00e0 la vie. De la <a href=\"https:\/\/chile.travel\/fr\/itineraires\/decouvrez-la-magie-de-la-vallee-delqui-lors-de-votre-visite-de-la-region-de-coquimbo\/\" target=\"_blank\" rel=\"noreferrer noopener\"><strong>vall\u00e9e de l&rsquo;Elqui<\/strong><\/a> \u00e0 l&rsquo;<a href=\"https:\/\/chile.travel\/fr\/itineraires\/beautes-de-laraucanie-guide-de-voyage-a-travers-melipeuco-et-villarrica\/\" target=\"_blank\" rel=\"noreferrer noopener\"><strong>Araucanie<\/strong><\/a>, les Andes nous permettent d&rsquo;\u00eatre g\u00e9ographiquement isol\u00e9s et prot\u00e9g\u00e9s. <\/p>\n\n<ul class=\"wp-block-list\">\n<li><a href=\"https:\/\/chile.travel\/fr\/blog\/pourquoi-la-cordillere-des-andes-fait-du-chili-un-refuge-unique\/\" type=\"link\" id=\"https:\/\/chile.travel\/blog\/chile-refugio-natural-cordillera-andes\/\" target=\"_blank\" rel=\"noreferrer noopener\">D\u00e9couvrez comment les Andes prot\u00e8gent notre pays<\/a>.<\/li>\n<\/ul>\n\n<figure class=\"wp-block-image size-full\"><img loading=\"lazy\" decoding=\"async\" width=\"883\" height=\"589\" src=\"https:\/\/chile.travel\/wp-content\/uploads\/2026\/04\/8ffa3112-image-2.jpeg\" alt=\"\" class=\"wp-image-96280\" srcset=\"https:\/\/chile.travel\/wp-content\/uploads\/2026\/04\/8ffa3112-image-2.jpeg 883w, https:\/\/chile.travel\/wp-content\/uploads\/2026\/04\/8ffa3112-image-2-300x200.jpeg 300w, https:\/\/chile.travel\/wp-content\/uploads\/2026\/04\/8ffa3112-image-2-768x512.jpeg 768w\" sizes=\"auto, (max-width: 883px) 100vw, 883px\" \/><figcaption class=\"wp-element-caption\">Photo : Banque audiovisuelle de Sernatur<\/figcaption><\/figure>\n\n<h2 class=\"wp-block-heading\">3. Une \u00e9conomie stable<\/h2>\n\n<p>Le Chili poss\u00e8de l&rsquo;une des <strong>\u00e9conomies les plus stables d&rsquo;Am\u00e9rique du Sud<\/strong>. Cela se traduit par une <strong>infrastructure touristique<\/strong> de premier ordre qui vous permettra de voyager sans impr\u00e9vus : gastronomie de niveau mondial, h\u00f4tels-boutiques et exp\u00e9riences s\u00e9curis\u00e9es. <\/p>\n\n<p>\u00c0 cela s&rsquo;ajoute une <strong>connectivit\u00e9 exceptionnelle<\/strong>, tant a\u00e9rienne que terrestre, qui permet de passer des vall\u00e9es viticoles \u00e0 Torres del Paine en peu de temps.<\/p>\n\n<ul class=\"wp-block-list\">\n<li><a href=\"https:\/\/chile.travel\/fr\/infos-pratiques\/monnaie-et-couts\/\" target=\"_blank\" rel=\"noreferrer noopener\">Trouvez des informations sur les taux de change au Chili.<\/a><\/li>\n<\/ul>\n\n<h2 class=\"wp-block-heading\">4. S\u00e9curit\u00e9 d\u00e8s le premier jour<\/h2>\n\n<p><strong>Le Chili<\/strong> se distingue dans les <strong>indices de s\u00e9curit\u00e9<\/strong> de la r\u00e9gion, et cela se ressent en voyage. Ses principales destinations \u2014 <strong>San Pedro de Atacama<\/strong>, le <strong>lac Llanquihue<\/strong> et <strong>Torres del Paine<\/strong> \u2014 comptent des communaut\u00e9s locales qui font de l&rsquo;hospitalit\u00e9 leur mode de vie. Voyagez seul, en couple ou en famille en <strong>toute tranquillit\u00e9<\/strong>. Car dans notre pays, la s\u00e9curit\u00e9 n&rsquo;est pas un d\u00e9tail, c&rsquo;est une partie de l&rsquo;exp\u00e9rience.   <\/p>\n\n<ul class=\"wp-block-list\">\n<li><a href=\"https:\/\/chile.travel\/fr\/infos-pratiques\/\" target=\"_blank\" rel=\"noreferrer noopener\">Consultez ici des informations utiles pour votre voyage au Chili.<\/a><\/li>\n<\/ul>\n\n<figure class=\"wp-block-image size-full\"><img loading=\"lazy\" decoding=\"async\" width=\"883\" height=\"590\" src=\"https:\/\/chile.travel\/wp-content\/uploads\/2026\/04\/8ffa3112-image-3.jpeg\" alt=\"\" class=\"wp-image-96281\" srcset=\"https:\/\/chile.travel\/wp-content\/uploads\/2026\/04\/8ffa3112-image-3.jpeg 883w, https:\/\/chile.travel\/wp-content\/uploads\/2026\/04\/8ffa3112-image-3-300x200.jpeg 300w, https:\/\/chile.travel\/wp-content\/uploads\/2026\/04\/8ffa3112-image-3-768x513.jpeg 768w\" sizes=\"auto, (max-width: 883px) 100vw, 883px\" \/><figcaption class=\"wp-element-caption\">Photo : Banque audiovisuelle de Sernatur<\/figcaption><\/figure>\n\n<h2 class=\"wp-block-heading\">5. Des paysages uniques<\/h2>\n\n<p>Gr\u00e2ce \u00e0 ses particularit\u00e9s g\u00e9ographiques, <strong>le Chili<\/strong> poss\u00e8de une immense diversit\u00e9 de paysages. Du <strong>d\u00e9sert d&rsquo;Atacama<\/strong>, le plus aride de la plan\u00e8te, aux for\u00eats luxuriantes du sud et \u00e0 la <strong>Patagonie<\/strong>, vous trouverez des \u00e9cosyst\u00e8mes uniques. <\/p>\n\n<p>Vous arriverez sur une \u00eele biographique qui abrite une biodiversit\u00e9 extraordinaire, avec des paysages de r\u00eave et des exp\u00e9riences in\u00e9gal\u00e9es. Un voyage inoubliable vous attend ! <\/p>\n\n<ul class=\"wp-block-list\">\n<li><a href=\"https:\/\/chile.travel\/fr\/blog\/9-lieux-du-chili-qui-semblent-venir-dune-autre-planete\/\" target=\"_blank\" rel=\"noreferrer noopener\">D\u00e9couvrez 9 destinations chiliennes qui semblent venir d&rsquo;une autre plan\u00e8te.<\/a><\/li>\n<\/ul>\n\n<p>Photo de couverture : Timothy Dhalliene<\/p>\n\n<p><\/p>\n","protected":false},"excerpt":{"rendered":"<p>Au Chili, vous trouverez un refuge pour vous d\u00e9connecter, respirer et vivre des exp\u00e9riences authentiques. Un pays extraordinaire vous attend \u00e0 bras ouverts ! Nous vivons une \u00e9poque de changements constants. C&rsquo;est pourquoi de plus en plus de voyageurs recherchent des destinations offrant authenticit\u00e9, tranquillit\u00e9 et une connexion authentique avec la nature. Le Chili r\u00e9unit [&hellip;]<\/p>\n","protected":false},"author":26,"featured_media":96296,"comment_status":"closed","ping_status":"closed","sticky":false,"template":"","format":"standard","meta":{"_acf_changed":false,"inline_featured_image":false,"powered_cache_disable_cache":false,"powered_cache_disable_lazyload":false,"powered_cache_disable_js_optimization":false,"footnotes":""},"categories":[2309],"tags":[],"actividad":[2586,2591],"destacado":[],"paisaje":[2581,2601],"region":[],"zona":[2576,2577,2573,2574],"class_list":["post-96332","post","type-post","status-publish","format-standard","has-post-thumbnail","hentry","category-non-categorise","actividad-aventure-et-sport","actividad-tourisme-urbain","paisaje-villes","paisaje-patagonie","zona-forets-lacs-et-volcans","zona-patagonie-et-antarctique","zona-desert-atacama-et-altiplano","zona-santiago-valparaiso-et-vallees-viticoles"],"acf":[],"yoast_head":"<!-- This site is optimized with the Yoast SEO plugin v27.5 - https:\/\/yoast.com\/product\/yoast-seo-wordpress\/ -->\n<title>5 raisons de voyager au Chili et de se d\u00e9connecter du monde fr\u00e9n\u00e9tique<\/title>\n<meta name=\"description\" content=\"Nous vous pr\u00e9sentons cinq raisons de voyager au Chili : de sa s\u00e9curit\u00e9 \u00e0 la protection qu&#039;offrent les Andes.\" \/>\n<meta name=\"robots\" content=\"index, follow, max-snippet:-1, max-image-preview:large, max-video-preview:-1\" \/>\n<link rel=\"canonical\" href=\"https:\/\/chile.travel\/fr\/blog\/5-raisons-de-voyager-au-chili-et-de-se-deconnecter-dun-monde-frenetique\/\" \/>\n<meta property=\"og:locale\" content=\"fr_FR\" \/>\n<meta property=\"og:type\" content=\"article\" \/>\n<meta property=\"og:title\" content=\"5 raisons de voyager au Chili et de se d\u00e9connecter du monde fr\u00e9n\u00e9tique\" \/>\n<meta property=\"og:description\" content=\"Nous vous pr\u00e9sentons cinq raisons de voyager au Chili : de sa s\u00e9curit\u00e9 \u00e0 la protection qu&#039;offrent les Andes.\" \/>\n<meta property=\"og:url\" content=\"https:\/\/chile.travel\/fr\/blog\/5-raisons-de-voyager-au-chili-et-de-se-deconnecter-dun-monde-frenetique\/\" \/>\n<meta property=\"og:site_name\" content=\"Chile Travel\" \/>\n<meta property=\"article:published_time\" content=\"2026-04-28T19:43:02+00:00\" \/>\n<meta property=\"article:modified_time\" content=\"2026-04-28T19:53:03+00:00\" \/>\n<meta property=\"og:image\" content=\"https:\/\/chile.travel\/wp-content\/uploads\/2026\/04\/09257883-bases-las-torres_cfd3485-aclarada-media-1024x680.jpg\" \/>\n\t<meta property=\"og:image:width\" content=\"1024\" \/>\n\t<meta property=\"og:image:height\" content=\"680\" \/>\n\t<meta property=\"og:image:type\" content=\"image\/jpeg\" \/>\n<meta name=\"author\" content=\"Pedro Cardenas\" \/>\n<meta name=\"twitter:card\" content=\"summary_large_image\" \/>\n<meta name=\"twitter:label1\" content=\"\u00c9crit par\" \/>\n\t<meta name=\"twitter:data1\" content=\"Pedro Cardenas\" \/>\n\t<meta name=\"twitter:label2\" content=\"Dur\u00e9e de lecture estim\u00e9e\" \/>\n\t<meta name=\"twitter:data2\" content=\"3 minutes\" \/>\n<script type=\"application\/ld+json\" class=\"yoast-schema-graph\">{\"@context\":\"https:\\\/\\\/schema.org\",\"@graph\":[{\"@type\":\"Article\",\"@id\":\"https:\\\/\\\/chile.travel\\\/fr\\\/blog\\\/5-raisons-de-voyager-au-chili-et-de-se-deconnecter-dun-monde-frenetique\\\/#article\",\"isPartOf\":{\"@id\":\"https:\\\/\\\/chile.travel\\\/fr\\\/blog\\\/5-raisons-de-voyager-au-chili-et-de-se-deconnecter-dun-monde-frenetique\\\/\"},\"author\":{\"name\":\"Pedro Cardenas\",\"@id\":\"https:\\\/\\\/stg.chile.travel\\\/fr\\\/#\\\/schema\\\/person\\\/184e80cef60cf314b5e3b3faaa8eb004\"},\"headline\":\"5 raisons de voyager au Chili et de se d\u00e9connecter d&rsquo;un monde fr\u00e9n\u00e9tique\",\"datePublished\":\"2026-04-28T19:43:02+00:00\",\"dateModified\":\"2026-04-28T19:53:03+00:00\",\"mainEntityOfPage\":{\"@id\":\"https:\\\/\\\/chile.travel\\\/fr\\\/blog\\\/5-raisons-de-voyager-au-chili-et-de-se-deconnecter-dun-monde-frenetique\\\/\"},\"wordCount\":575,\"publisher\":{\"@id\":\"https:\\\/\\\/stg.chile.travel\\\/fr\\\/#organization\"},\"image\":{\"@id\":\"https:\\\/\\\/chile.travel\\\/fr\\\/blog\\\/5-raisons-de-voyager-au-chili-et-de-se-deconnecter-dun-monde-frenetique\\\/#primaryimage\"},\"thumbnailUrl\":\"https:\\\/\\\/chile.travel\\\/wp-content\\\/uploads\\\/2026\\\/04\\\/09257883-bases-las-torres_cfd3485-aclarada-media.jpg\",\"articleSection\":[\"Non cat\u00e9goris\u00e9\"],\"inLanguage\":\"fr-FR\"},{\"@type\":\"WebPage\",\"@id\":\"https:\\\/\\\/chile.travel\\\/fr\\\/blog\\\/5-raisons-de-voyager-au-chili-et-de-se-deconnecter-dun-monde-frenetique\\\/\",\"url\":\"https:\\\/\\\/chile.travel\\\/fr\\\/blog\\\/5-raisons-de-voyager-au-chili-et-de-se-deconnecter-dun-monde-frenetique\\\/\",\"name\":\"5 raisons de voyager au Chili et de se d\u00e9connecter du monde fr\u00e9n\u00e9tique\",\"isPartOf\":{\"@id\":\"https:\\\/\\\/stg.chile.travel\\\/fr\\\/#website\"},\"primaryImageOfPage\":{\"@id\":\"https:\\\/\\\/chile.travel\\\/fr\\\/blog\\\/5-raisons-de-voyager-au-chili-et-de-se-deconnecter-dun-monde-frenetique\\\/#primaryimage\"},\"image\":{\"@id\":\"https:\\\/\\\/chile.travel\\\/fr\\\/blog\\\/5-raisons-de-voyager-au-chili-et-de-se-deconnecter-dun-monde-frenetique\\\/#primaryimage\"},\"thumbnailUrl\":\"https:\\\/\\\/chile.travel\\\/wp-content\\\/uploads\\\/2026\\\/04\\\/09257883-bases-las-torres_cfd3485-aclarada-media.jpg\",\"datePublished\":\"2026-04-28T19:43:02+00:00\",\"dateModified\":\"2026-04-28T19:53:03+00:00\",\"description\":\"Nous vous pr\u00e9sentons cinq raisons de voyager au Chili : de sa s\u00e9curit\u00e9 \u00e0 la protection qu'offrent les Andes.\",\"breadcrumb\":{\"@id\":\"https:\\\/\\\/chile.travel\\\/fr\\\/blog\\\/5-raisons-de-voyager-au-chili-et-de-se-deconnecter-dun-monde-frenetique\\\/#breadcrumb\"},\"inLanguage\":\"fr-FR\",\"potentialAction\":[{\"@type\":\"ReadAction\",\"target\":[\"https:\\\/\\\/chile.travel\\\/fr\\\/blog\\\/5-raisons-de-voyager-au-chili-et-de-se-deconnecter-dun-monde-frenetique\\\/\"]}]},{\"@type\":\"ImageObject\",\"inLanguage\":\"fr-FR\",\"@id\":\"https:\\\/\\\/chile.travel\\\/fr\\\/blog\\\/5-raisons-de-voyager-au-chili-et-de-se-deconnecter-dun-monde-frenetique\\\/#primaryimage\",\"url\":\"https:\\\/\\\/chile.travel\\\/wp-content\\\/uploads\\\/2026\\\/04\\\/09257883-bases-las-torres_cfd3485-aclarada-media.jpg\",\"contentUrl\":\"https:\\\/\\\/chile.travel\\\/wp-content\\\/uploads\\\/2026\\\/04\\\/09257883-bases-las-torres_cfd3485-aclarada-media.jpg\",\"width\":2067,\"height\":1373},{\"@type\":\"BreadcrumbList\",\"@id\":\"https:\\\/\\\/chile.travel\\\/fr\\\/blog\\\/5-raisons-de-voyager-au-chili-et-de-se-deconnecter-dun-monde-frenetique\\\/#breadcrumb\",\"itemListElement\":[{\"@type\":\"ListItem\",\"position\":1,\"name\":\"Portada\",\"item\":\"https:\\\/\\\/stg.chile.travel\\\/fr\\\/\"},{\"@type\":\"ListItem\",\"position\":2,\"name\":\"5 raisons de voyager au Chili et de se d\u00e9connecter d&rsquo;un monde fr\u00e9n\u00e9tique\"}]},{\"@type\":\"WebSite\",\"@id\":\"https:\\\/\\\/stg.chile.travel\\\/fr\\\/#website\",\"url\":\"https:\\\/\\\/stg.chile.travel\\\/fr\\\/\",\"name\":\"Chile Travel\",\"description\":\"\",\"publisher\":{\"@id\":\"https:\\\/\\\/stg.chile.travel\\\/fr\\\/#organization\"},\"potentialAction\":[{\"@type\":\"SearchAction\",\"target\":{\"@type\":\"EntryPoint\",\"urlTemplate\":\"https:\\\/\\\/stg.chile.travel\\\/fr\\\/?s={search_term_string}\"},\"query-input\":{\"@type\":\"PropertyValueSpecification\",\"valueRequired\":true,\"valueName\":\"search_term_string\"}}],\"inLanguage\":\"fr-FR\"},{\"@type\":\"Organization\",\"@id\":\"https:\\\/\\\/stg.chile.travel\\\/fr\\\/#organization\",\"name\":\"Chile Travel\",\"url\":\"https:\\\/\\\/stg.chile.travel\\\/fr\\\/\",\"logo\":{\"@type\":\"ImageObject\",\"inLanguage\":\"fr-FR\",\"@id\":\"https:\\\/\\\/stg.chile.travel\\\/fr\\\/#\\\/schema\\\/logo\\\/image\\\/\",\"url\":\"https:\\\/\\\/chile.travel\\\/wp-content\\\/uploads\\\/2025\\\/12\\\/84152706-logo-travel.svg\",\"contentUrl\":\"https:\\\/\\\/chile.travel\\\/wp-content\\\/uploads\\\/2025\\\/12\\\/84152706-logo-travel.svg\",\"width\":189,\"height\":225,\"caption\":\"Chile Travel\"},\"image\":{\"@id\":\"https:\\\/\\\/stg.chile.travel\\\/fr\\\/#\\\/schema\\\/logo\\\/image\\\/\"}},{\"@type\":\"Person\",\"@id\":\"https:\\\/\\\/stg.chile.travel\\\/fr\\\/#\\\/schema\\\/person\\\/184e80cef60cf314b5e3b3faaa8eb004\",\"name\":\"Pedro Cardenas\",\"image\":{\"@type\":\"ImageObject\",\"inLanguage\":\"fr-FR\",\"@id\":\"https:\\\/\\\/secure.gravatar.com\\\/avatar\\\/2fa80188ef443d49c66106474129f40527d7d5272b4087ec3c5894a7a9424f61?s=96&d=mm&r=g\",\"url\":\"https:\\\/\\\/secure.gravatar.com\\\/avatar\\\/2fa80188ef443d49c66106474129f40527d7d5272b4087ec3c5894a7a9424f61?s=96&d=mm&r=g\",\"contentUrl\":\"https:\\\/\\\/secure.gravatar.com\\\/avatar\\\/2fa80188ef443d49c66106474129f40527d7d5272b4087ec3c5894a7a9424f61?s=96&d=mm&r=g\",\"caption\":\"Pedro Cardenas\"},\"url\":\"https:\\\/\\\/chile.travel\\\/fr\\\/blog\\\/author\\\/pcardenas\\\/\"}]}<\/script>\n<!-- \/ Yoast SEO plugin. -->","yoast_head_json":{"title":"5 raisons de voyager au Chili et de se d\u00e9connecter du monde fr\u00e9n\u00e9tique","description":"Nous vous pr\u00e9sentons cinq raisons de voyager au Chili : de sa s\u00e9curit\u00e9 \u00e0 la protection qu'offrent les Andes.","robots":{"index":"index","follow":"follow","max-snippet":"max-snippet:-1","max-image-preview":"max-image-preview:large","max-video-preview":"max-video-preview:-1"},"canonical":"https:\/\/chile.travel\/fr\/blog\/5-raisons-de-voyager-au-chili-et-de-se-deconnecter-dun-monde-frenetique\/","og_locale":"fr_FR","og_type":"article","og_title":"5 raisons de voyager au Chili et de se d\u00e9connecter du monde fr\u00e9n\u00e9tique","og_description":"Nous vous pr\u00e9sentons cinq raisons de voyager au Chili : de sa s\u00e9curit\u00e9 \u00e0 la protection qu'offrent les Andes.","og_url":"https:\/\/chile.travel\/fr\/blog\/5-raisons-de-voyager-au-chili-et-de-se-deconnecter-dun-monde-frenetique\/","og_site_name":"Chile Travel","article_published_time":"2026-04-28T19:43:02+00:00","article_modified_time":"2026-04-28T19:53:03+00:00","og_image":[{"width":1024,"height":680,"url":"https:\/\/chile.travel\/wp-content\/uploads\/2026\/04\/09257883-bases-las-torres_cfd3485-aclarada-media-1024x680.jpg","type":"image\/jpeg"}],"author":"Pedro Cardenas","twitter_card":"summary_large_image","twitter_misc":{"\u00c9crit par":"Pedro Cardenas","Dur\u00e9e de lecture estim\u00e9e":"3 minutes"},"schema":{"@context":"https:\/\/schema.org","@graph":[{"@type":"Article","@id":"https:\/\/chile.travel\/fr\/blog\/5-raisons-de-voyager-au-chili-et-de-se-deconnecter-dun-monde-frenetique\/#article","isPartOf":{"@id":"https:\/\/chile.travel\/fr\/blog\/5-raisons-de-voyager-au-chili-et-de-se-deconnecter-dun-monde-frenetique\/"},"author":{"name":"Pedro Cardenas","@id":"https:\/\/stg.chile.travel\/fr\/#\/schema\/person\/184e80cef60cf314b5e3b3faaa8eb004"},"headline":"5 raisons de voyager au Chili et de se d\u00e9connecter d&rsquo;un monde fr\u00e9n\u00e9tique","datePublished":"2026-04-28T19:43:02+00:00","dateModified":"2026-04-28T19:53:03+00:00","mainEntityOfPage":{"@id":"https:\/\/chile.travel\/fr\/blog\/5-raisons-de-voyager-au-chili-et-de-se-deconnecter-dun-monde-frenetique\/"},"wordCount":575,"publisher":{"@id":"https:\/\/stg.chile.travel\/fr\/#organization"},"image":{"@id":"https:\/\/chile.travel\/fr\/blog\/5-raisons-de-voyager-au-chili-et-de-se-deconnecter-dun-monde-frenetique\/#primaryimage"},"thumbnailUrl":"https:\/\/chile.travel\/wp-content\/uploads\/2026\/04\/09257883-bases-las-torres_cfd3485-aclarada-media.jpg","articleSection":["Non cat\u00e9goris\u00e9"],"inLanguage":"fr-FR"},{"@type":"WebPage","@id":"https:\/\/chile.travel\/fr\/blog\/5-raisons-de-voyager-au-chili-et-de-se-deconnecter-dun-monde-frenetique\/","url":"https:\/\/chile.travel\/fr\/blog\/5-raisons-de-voyager-au-chili-et-de-se-deconnecter-dun-monde-frenetique\/","name":"5 raisons de voyager au Chili et de se d\u00e9connecter du monde fr\u00e9n\u00e9tique","isPartOf":{"@id":"https:\/\/stg.chile.travel\/fr\/#website"},"primaryImageOfPage":{"@id":"https:\/\/chile.travel\/fr\/blog\/5-raisons-de-voyager-au-chili-et-de-se-deconnecter-dun-monde-frenetique\/#primaryimage"},"image":{"@id":"https:\/\/chile.travel\/fr\/blog\/5-raisons-de-voyager-au-chili-et-de-se-deconnecter-dun-monde-frenetique\/#primaryimage"},"thumbnailUrl":"https:\/\/chile.travel\/wp-content\/uploads\/2026\/04\/09257883-bases-las-torres_cfd3485-aclarada-media.jpg","datePublished":"2026-04-28T19:43:02+00:00","dateModified":"2026-04-28T19:53:03+00:00","description":"Nous vous pr\u00e9sentons cinq raisons de voyager au Chili : de sa s\u00e9curit\u00e9 \u00e0 la protection qu'offrent les Andes.","breadcrumb":{"@id":"https:\/\/chile.travel\/fr\/blog\/5-raisons-de-voyager-au-chili-et-de-se-deconnecter-dun-monde-frenetique\/#breadcrumb"},"inLanguage":"fr-FR","potentialAction":[{"@type":"ReadAction","target":["https:\/\/chile.travel\/fr\/blog\/5-raisons-de-voyager-au-chili-et-de-se-deconnecter-dun-monde-frenetique\/"]}]},{"@type":"ImageObject","inLanguage":"fr-FR","@id":"https:\/\/chile.travel\/fr\/blog\/5-raisons-de-voyager-au-chili-et-de-se-deconnecter-dun-monde-frenetique\/#primaryimage","url":"https:\/\/chile.travel\/wp-content\/uploads\/2026\/04\/09257883-bases-las-torres_cfd3485-aclarada-media.jpg","contentUrl":"https:\/\/chile.travel\/wp-content\/uploads\/2026\/04\/09257883-bases-las-torres_cfd3485-aclarada-media.jpg","width":2067,"height":1373},{"@type":"BreadcrumbList","@id":"https:\/\/chile.travel\/fr\/blog\/5-raisons-de-voyager-au-chili-et-de-se-deconnecter-dun-monde-frenetique\/#breadcrumb","itemListElement":[{"@type":"ListItem","position":1,"name":"Portada","item":"https:\/\/stg.chile.travel\/fr\/"},{"@type":"ListItem","position":2,"name":"5 raisons de voyager au Chili et de se d\u00e9connecter d&rsquo;un monde fr\u00e9n\u00e9tique"}]},{"@type":"WebSite","@id":"https:\/\/stg.chile.travel\/fr\/#website","url":"https:\/\/stg.chile.travel\/fr\/","name":"Chile Travel","description":"","publisher":{"@id":"https:\/\/stg.chile.travel\/fr\/#organization"},"potentialAction":[{"@type":"SearchAction","target":{"@type":"EntryPoint","urlTemplate":"https:\/\/stg.chile.travel\/fr\/?s={search_term_string}"},"query-input":{"@type":"PropertyValueSpecification","valueRequired":true,"valueName":"search_term_string"}}],"inLanguage":"fr-FR"},{"@type":"Organization","@id":"https:\/\/stg.chile.travel\/fr\/#organization","name":"Chile Travel","url":"https:\/\/stg.chile.travel\/fr\/","logo":{"@type":"ImageObject","inLanguage":"fr-FR","@id":"https:\/\/stg.chile.travel\/fr\/#\/schema\/logo\/image\/","url":"https:\/\/chile.travel\/wp-content\/uploads\/2025\/12\/84152706-logo-travel.svg","contentUrl":"https:\/\/chile.travel\/wp-content\/uploads\/2025\/12\/84152706-logo-travel.svg","width":189,"height":225,"caption":"Chile Travel"},"image":{"@id":"https:\/\/stg.chile.travel\/fr\/#\/schema\/logo\/image\/"}},{"@type":"Person","@id":"https:\/\/stg.chile.travel\/fr\/#\/schema\/person\/184e80cef60cf314b5e3b3faaa8eb004","name":"Pedro Cardenas","image":{"@type":"ImageObject","inLanguage":"fr-FR","@id":"https:\/\/secure.gravatar.com\/avatar\/2fa80188ef443d49c66106474129f40527d7d5272b4087ec3c5894a7a9424f61?s=96&d=mm&r=g","url":"https:\/\/secure.gravatar.com\/avatar\/2fa80188ef443d49c66106474129f40527d7d5272b4087ec3c5894a7a9424f61?s=96&d=mm&r=g","contentUrl":"https:\/\/secure.gravatar.com\/avatar\/2fa80188ef443d49c66106474129f40527d7d5272b4087ec3c5894a7a9424f61?s=96&d=mm&r=g","caption":"Pedro Cardenas"},"url":"https:\/\/chile.travel\/fr\/blog\/author\/pcardenas\/"}]}},"_links":{"self":[{"href":"https:\/\/chile.travel\/fr\/wp-json\/wp\/v2\/posts\/96332","targetHints":{"allow":["GET"]}}],"collection":[{"href":"https:\/\/chile.travel\/fr\/wp-json\/wp\/v2\/posts"}],"about":[{"href":"https:\/\/chile.travel\/fr\/wp-json\/wp\/v2\/types\/post"}],"author":[{"embeddable":true,"href":"https:\/\/chile.travel\/fr\/wp-json\/wp\/v2\/users\/26"}],"replies":[{"embeddable":true,"href":"https:\/\/chile.travel\/fr\/wp-json\/wp\/v2\/comments?post=96332"}],"version-history":[{"count":2,"href":"https:\/\/chile.travel\/fr\/wp-json\/wp\/v2\/posts\/96332\/revisions"}],"predecessor-version":[{"id":96336,"href":"https:\/\/chile.travel\/fr\/wp-json\/wp\/v2\/posts\/96332\/revisions\/96336"}],"wp:featuredmedia":[{"embeddable":true,"href":"https:\/\/chile.travel\/fr\/wp-json\/wp\/v2\/media\/96296"}],"wp:attachment":[{"href":"https:\/\/chile.travel\/fr\/wp-json\/wp\/v2\/media?parent=96332"}],"wp:term":[{"taxonomy":"category","embeddable":true,"href":"https:\/\/chile.travel\/fr\/wp-json\/wp\/v2\/categories?post=96332"},{"taxonomy":"post_tag","embeddable":true,"href":"https:\/\/chile.travel\/fr\/wp-json\/wp\/v2\/tags?post=96332"},{"taxonomy":"actividad","embeddable":true,"href":"https:\/\/chile.travel\/fr\/wp-json\/wp\/v2\/actividad?post=96332"},{"taxonomy":"destacado","embeddable":true,"href":"https:\/\/chile.travel\/fr\/wp-json\/wp\/v2\/destacado?post=96332"},{"taxonomy":"paisaje","embeddable":true,"href":"https:\/\/chile.travel\/fr\/wp-json\/wp\/v2\/paisaje?post=96332"},{"taxonomy":"region","embeddable":true,"href":"https:\/\/chile.travel\/fr\/wp-json\/wp\/v2\/region?post=96332"},{"taxonomy":"zona","embeddable":true,"href":"https:\/\/chile.travel\/fr\/wp-json\/wp\/v2\/zona?post=96332"}],"curies":[{"name":"wp","href":"https:\/\/api.w.org\/{rel}","templated":true}]}}