


{"id":92121,"date":"2021-08-27T18:00:17","date_gmt":"2021-08-27T22:00:17","guid":{"rendered":"https:\/\/chile.travel\/blog\/decouvrez-les-principales-curiosites-de-la-legendaire-ville-de-sewell\/"},"modified":"2026-01-19T17:33:38","modified_gmt":"2026-01-19T20:33:38","slug":"decouvrez-les-principales-curiosites-de-la-legendaire-ville-de-sewell","status":"publish","type":"post","link":"https:\/\/chile.travel\/fr\/blog\/decouvrez-les-principales-curiosites-de-la-legendaire-ville-de-sewell\/","title":{"rendered":"D\u00e9couvrez les principales curiosit\u00e9s de la l\u00e9gendaire ville de Sewell"},"content":{"rendered":"\n<p>Sur le flanc du Cerro Negro, dans la cordill\u00e8re des Andes, juste en face de la ville de <strong>Rancagua<\/strong> et \u00e0 plus de 2\u00a0100\u00a0m\u00e8tres d\u2019altitude, on peut voir la l\u00e9gendaire <strong>ville mini\u00e8re de Sewell<\/strong>, construite en\u00a01905 par la soci\u00e9t\u00e9 am\u00e9ricaine Braden Copper, pour h\u00e9berger les travailleurs de la mine de cuivre \u00ab\u00a0El Teniente\u00a0\u00bb.<\/p>\n\n<p>L\u2019\u00e9tonnant camp minier, fort de plus de 100\u00a0ans d\u2019histoire, se trouve \u00e0 seulement 150\u00a0kilom\u00e8tres de Santiago. Sa tradition est une histoire d\u2019un int\u00e9r\u00eat \u00e9norme et, dans une ville comme <strong>Sewell, ses curiosit\u00e9s<\/strong> sont innombrables. <\/p>\n\n<p>Les traces laiss\u00e9es par les mineurs et les b\u00e2timents de cette ville sont un attrait si pr\u00e9cieux qu\u2019elle a \u00e9t\u00e9 d\u00e9clar\u00e9e monument national en\u00a01998 et, en\u00a02006, <a href=\"https:\/\/chile.travel\/fr\/activites\/culture-et-patrimoine\/patrimoines-de-lhumanite\/\" target=\"_blank\" rel=\"noreferrer noopener\">site du patrimoine mondial<\/a> pour son mod\u00e8le exceptionnel de ville industrielle du XXe\u00a0si\u00e8cle.<\/p>\n\n<figure class=\"wp-block-image\"><img decoding=\"async\" src=\"https:\/\/storage.googleapis.com\/chile-travel-static-content\/2020\/05\/ciudad-ladera.jpg\" alt=\"\" class=\"wp-image-56851\"\/><\/figure>\n\n<p><\/p>\n\n<p>L\u2019une des <strong>caract\u00e9ristiques<\/strong> de <strong>Sewell<\/strong> est que l\u2019on ne peut pas circuler en voiture dans toute la ville, car sa construction est bas\u00e9e uniquement sur des escaliers. Au d\u00e9but du camp, les maisons et les bureaux se sont d\u00e9velopp\u00e9s de mani\u00e8re d\u00e9sordonn\u00e9e dans le secteur, pour ensuite implanter une planification urbaine con\u00e7ue \u00e0 New\u00a0York, dans laquelle les ing\u00e9nieurs ont dispos\u00e9 les b\u00e2timents autour d\u2019un axe principal\u00a0: l\u2019Escalier central, d\u2019o\u00f9 provenaient une s\u00e9rie d\u2019escaliers secondaires. C\u2019est pourquoi on l\u2019appelle la \u00ab\u00a0ville des escaliers\u00a0\u00bb.  <\/p>\n\n<p>Une autre grande curiosit\u00e9 de <strong>Sewell<\/strong> est que cette ville mini\u00e8re est devenue, au XXe\u00a0si\u00e8cle, le gisement de cuivre le plus important au monde, avec plus de 6\u00a0000\u00a0km de tunnels souterrains. Actuellement, la mine \u00ab\u00a0El Teniente\u00a0\u00bb est toujours en activit\u00e9, elle est exploit\u00e9e par l\u2019entreprise publique Codelco et compte plus de 3\u00a0000\u00a0km de galeries souterraines, \u00e9tant toujours la plus grande mine au monde. <\/p>\n\n<figure class=\"wp-block-image\"><img decoding=\"async\" src=\"https:\/\/storage.googleapis.com\/chile-travel-static-content\/2020\/05\/escalera.jpg\" alt=\"\" class=\"wp-image-56857\"\/><\/figure>\n\n<p><\/p>\n\n<p>Notre troisi\u00e8me <strong>curiosit\u00e9 de Sewell<\/strong> concerne les moments de loisirs particuliers dans la ville. Les mineurs, en vivant dans cette ville, utilisaient \u00e9galement leur temps libre pour \u00eatre avec leurs familles, participer \u00e0 la premi\u00e8re brigade de Boy\u00a0Scouts du pays, qui a \u00e9t\u00e9 form\u00e9e en\u00a01915, et organiser des comp\u00e9titions de quilles dans le premier terrain du Chili et o\u00f9 s\u2019est d\u00e9roul\u00e9 le premier championnat national en\u00a01963. De m\u00eame, la population am\u00e9ricaine avait l\u2019habitude d\u2019assister au club exclusif El\u00a0Teniente pour jouer au billard ou allait au th\u00e9\u00e2tre de la ville.  <\/p>\n\n<p>Mais toujours contr\u00f4l\u00e9s par la \u00ab\u00a0Police de la morale\u00a0\u00bb, une autre <strong>curiosit\u00e9 de la ville de Sewell<\/strong>, car dans le campement, il existait une police charg\u00e9e de sauvegarder la morale des travailleurs. Ils se trouvaient l\u00e0 o\u00f9 se d\u00e9roulaient des f\u00eates clandestines, attendant cach\u00e9s que des couples sortent pour s\u2019amuser. Les policiers les arr\u00eataient en leur demandant s\u2019ils avaient l\u2019intention de se marier. S\u2019ils disaient non, il \u00e9tait possible que l\u2019homme perde son travail dans la mine, de sorte que la plupart de ceux qui \u00e9taient captur\u00e9s disaient oui, ce qui fait que la police leur donnait le jour et l\u2019heure de leur mariage dans l\u2019\u00e9glise du campement.   <\/p>\n\n<figure class=\"wp-block-image\"><img decoding=\"async\" src=\"https:\/\/storage.googleapis.com\/chile-travel-static-content\/2020\/05\/casas-sewell-2.jpg\" alt=\"\" class=\"wp-image-56954\"\/><\/figure>\n\n<p><\/p>\n\n<p>En raison de son emplacement sur les flancs de la cordill\u00e8re des Andes, les mineurs et leurs familles ont d\u00fb faire face \u00e0 une topographie et \u00e0 un climat difficiles, en particulier en hiver lorsqu\u2019elle \u00e9tait couverte de neige. Des trag\u00e9dies telles que la grande avalanche de\u00a01944, o\u00f9 125\u00a0personnes sont mortes, et les d\u00e9raillements des chemins de fer, faisaient partie de l\u2019histoire de ce village. <\/p>\n\n<p>Une autre grande trag\u00e9die, consid\u00e9r\u00e9e comme le plus grand accident survenu dans une mine m\u00e9tallif\u00e8re au niveau mondial, a \u00e9t\u00e9 \u00ab\u00a0El Humo\u00a0\u00bb. L\u2019accident s\u2019est produit le 19\u00a0juin\u00a01945 et plus de 355\u00a0travailleurs sont d\u00e9c\u00e9d\u00e9s, en raison d\u2019\u00e9manations de monoxyde de carbone qui ont provoqu\u00e9 l\u2019asphyxie des mineurs. Cet accident a marqu\u00e9 une \u00e9tape importante dans la l\u00e9gislation du travail chilienne, car c\u2019est \u00e0 partir de ce moment-l\u00e0 que l\u2019on a commenc\u00e9 \u00e0 d\u00e9velopper la l\u00e9gislation moderne sur l\u2019hygi\u00e8ne industrielle et la pr\u00e9vention des risques.  <\/p>\n\n<p>Et si l\u2019on ne pouvait pas circuler en voiture dans cette \u00ab\u00a0ville des escaliers\u00a0\u00bb, comment les travailleurs arrivaient-ils \u00e0 Sewell depuis la mine\u00a0? Eh bien, une autre des <strong>curiosit\u00e9s de Sewell<\/strong> est qu\u2019en\u00a01911, un autorail a \u00e9t\u00e9 inaugur\u00e9 pour relier la ville de Rancagua et Sewell. Son principal objectif \u00e9tait le transport de min\u00e9raux et de fournitures, mais aussi d\u2019employ\u00e9s publics, ce qui \u00e9tait un moyen plus facile d\u2019arriver \u00e0 la mine. En\u00a01978, ce moyen de transport a cess\u00e9 d\u2019\u00eatre utilis\u00e9.   <\/p>\n\n<figure class=\"wp-block-image\"><img decoding=\"async\" src=\"https:\/\/storage.googleapis.com\/chile-travel-static-content\/2020\/05\/escalera-2.jpg\" alt=\"\" class=\"wp-image-56875\"\/><\/figure>\n\n<p><\/p>\n\n<p>\u00c0 Sewell, l\u2019\u00e9ducation, la sant\u00e9 et le logement \u00e9taient gratuits, et la population \u00e9tait fortement divis\u00e9e entre Nord-Am\u00e9ricains et Chiliens, mari\u00e9s et c\u00e9libataires. Cette division n\u2019a cependant pas perturb\u00e9 les relations dans le village et la soci\u00e9t\u00e9 s\u2019est d\u00e9velopp\u00e9e sans incidents. <\/p>\n\n<p>Comme <strong>fait curieux<\/strong>, \u00e0 Sewell, il existait le \u00ab\u00a0Guachuchero\u00a0\u00bb, un personnage folklorique de la ville, car il \u00e9tait le vendeur clandestin d\u2019alcool. Il transportait les boissons \u00e0 l\u2019int\u00e9rieur d\u2019une peau de chevreau, \u00e0 l\u2019\u00e9poque o\u00f9 la consommation d\u2019alcool dans la mine \u00e9tait interdite, en raison de l\u2019influence de la loi s\u00e8che des \u00c9tats-Unis. <\/p>\n\n<p>Au fil des ans, Sewell a tellement grandi que la ville a fini par avoir un h\u00f4pital\u00a0\u2014\u00a0le plus moderne d\u2019Am\u00e9rique du Sud \u00e0 son \u00e9poque\u00a0\u2014, des pompiers, des \u00e9quipements sportifs, des clubs sociaux, un cin\u00e9ma, trois \u00e9coles industrielles, une \u00e9glise, un bowling et une piscine chauff\u00e9e, comptant plus de 15\u00a0000\u00a0habitants dans les ann\u00e9es\u00a060.<\/p>\n\n<figure class=\"wp-block-image\"><img decoding=\"async\" src=\"https:\/\/storage.googleapis.com\/chile-travel-static-content\/2020\/05\/iglesia.jpg\" alt=\"\" class=\"wp-image-56863\"\/><\/figure>\n\n<p><\/p>\n\n<h2 class=\"wp-block-heading\"><strong>La ville des escaliers aujourd\u2019hui<\/strong><\/h2>\n\n<p>Apr\u00e8s l\u2019\u00e9norme apog\u00e9e de la ville de Sewell, en\u00a01967, elle a d\u00fb \u00eatre \u00e9vacu\u00e9e en raison de la contamination par des substances toxiques que le traitement du cuivre a lib\u00e9r\u00e9es. De m\u00eame, cette ann\u00e9e-l\u00e0, a commenc\u00e9 dans le pays le processus de chil\u00e9nisation du cuivre, o\u00f9 une grande partie de la compagnie a \u00e9t\u00e9 achet\u00e9e et a commenc\u00e9 l\u2019\u00ab\u00a0Op\u00e9ration Vall\u00e9e\u00a0\u00bb, qui a transf\u00e9r\u00e9 les habitants \u00e0 Rancagua, laissant ainsi la ville abandonn\u00e9e. <\/p>\n\n<p>Du village original, il ne reste actuellement que le centre de la ville, car une grande partie a \u00e9t\u00e9 d\u00e9mantel\u00e9e et d\u00e9molie au d\u00e9but des ann\u00e9es\u00a01980. Cependant, une cinquantaine de b\u00e2timents originaux sont encore debout et sont en cours de restauration. Aujourd\u2019hui, il existe le Mus\u00e9e de la Grande Mine de Cuivre, un parcours \u00e0 travers l\u2019importance historique, sociale et \u00e9conomique de ce qu\u2019a \u00e9t\u00e9 l\u2019industrie du cuivre entre les ann\u00e9es\u00a030 et\u00a060, avec une exposition de photographies, de documents, de cartes, de mat\u00e9riaux g\u00e9ologiques et d\u2019instruments. <\/p>\n\n<p>Si vous voulez d\u00e9couvrir ce qu\u2019\u00e9tait le plus grand camp minier qui regorge de curiosit\u00e9s, il est possible de le visiter lors de circuits qui partent de Rancagua, ville situ\u00e9e \u00e0 60\u00a0kilom\u00e8tres de la l\u00e9gendaire ville de <strong>Sewell<\/strong>.<\/p>\n\n<figure class=\"wp-block-image\"><img decoding=\"async\" src=\"https:\/\/storage.googleapis.com\/chile-travel-static-content\/2020\/05\/museo-actualidad.jpg\" alt=\"\" class=\"wp-image-56869\"\/><\/figure>\n\n<p><\/p>\n","protected":false},"excerpt":{"rendered":"<p>Sur le flanc du Cerro Negro, dans la cordill\u00e8re des Andes, juste en face de la ville de Rancagua et \u00e0 plus de 2\u00a0100\u00a0m\u00e8tres d\u2019altitude, on peut voir la l\u00e9gendaire ville mini\u00e8re de Sewell, construite en\u00a01905 par la soci\u00e9t\u00e9 am\u00e9ricaine Braden Copper, pour h\u00e9berger les travailleurs de la mine de cuivre \u00ab\u00a0El Teniente\u00a0\u00bb. L\u2019\u00e9tonnant camp [&hellip;]<\/p>\n","protected":false},"author":7,"featured_media":84634,"comment_status":"closed","ping_status":"closed","sticky":false,"template":"","format":"standard","meta":{"_acf_changed":false,"inline_featured_image":false,"powered_cache_disable_cache":false,"powered_cache_disable_lazyload":false,"powered_cache_disable_js_optimization":false,"footnotes":""},"categories":[2941,2771],"tags":[],"actividad":[2588,2591,2613,2619],"destacado":[],"paisaje":[2579,2581],"region":[],"zona":[2574],"class_list":["post-92121","post","type-post","status-publish","format-standard","has-post-thumbnail","hentry","category-journal-de-voyage","category-blog","actividad-culture-et-patrimoine","actividad-tourisme-urbain","actividad-patrimoines-de-lhumanite","actividad-city-tour","paisaje-montagne-et-neige","paisaje-villes","zona-santiago-valparaiso-et-vallees-viticoles"],"acf":[],"yoast_head":"<!-- This site is optimized with the Yoast SEO plugin v27.4 - https:\/\/yoast.com\/product\/yoast-seo-wordpress\/ -->\n<title>D\u00e9couvrez les principales curiosit\u00e9s de la l\u00e9gendaire ville de Sewell - Chile Travel<\/title>\n<meta name=\"description\" content=\"D\u00e9couvrez la l\u00e9gendaire ville de Sewell, la \u00ab\u00a0ville des escaliers\u00a0\u00bb. D\u00e9couvrez son histoire en tant que site du patrimoine mondial, ses mythes miniers et comment visiter ce tr\u00e9sor dans la cordill\u00e8re.\" \/>\n<meta name=\"robots\" content=\"index, follow, max-snippet:-1, max-image-preview:large, max-video-preview:-1\" \/>\n<link rel=\"canonical\" href=\"https:\/\/chile.travel\/fr\/blog\/decouvrez-les-principales-curiosites-de-la-legendaire-ville-de-sewell\/\" \/>\n<meta property=\"og:locale\" content=\"fr_FR\" \/>\n<meta property=\"og:type\" content=\"article\" \/>\n<meta property=\"og:title\" content=\"D\u00e9couvrez les principales curiosit\u00e9s de la l\u00e9gendaire ville de Sewell - Chile Travel\" \/>\n<meta property=\"og:description\" content=\"D\u00e9couvrez la l\u00e9gendaire ville de Sewell, la \u00ab\u00a0ville des escaliers\u00a0\u00bb. D\u00e9couvrez son histoire en tant que site du patrimoine mondial, ses mythes miniers et comment visiter ce tr\u00e9sor dans la cordill\u00e8re.\" \/>\n<meta property=\"og:url\" content=\"https:\/\/chile.travel\/fr\/blog\/decouvrez-les-principales-curiosites-de-la-legendaire-ville-de-sewell\/\" \/>\n<meta property=\"og:site_name\" content=\"Chile Travel\" \/>\n<meta property=\"article:published_time\" content=\"2021-08-27T22:00:17+00:00\" \/>\n<meta property=\"article:modified_time\" content=\"2026-01-19T20:33:38+00:00\" \/>\n<meta property=\"og:image\" content=\"https:\/\/chile.travel\/wp-content\/uploads\/2021\/08\/d9b713ee-sewell-2.-loreto-ramirez.-1024x768-1.jpg\" \/>\n\t<meta property=\"og:image:width\" content=\"1600\" \/>\n\t<meta property=\"og:image:height\" content=\"1200\" \/>\n\t<meta property=\"og:image:type\" content=\"image\/jpeg\" \/>\n<meta name=\"author\" content=\"Chile Travel\" \/>\n<meta name=\"twitter:card\" content=\"summary_large_image\" \/>\n<meta name=\"twitter:label1\" content=\"\u00c9crit par\" \/>\n\t<meta name=\"twitter:data1\" content=\"Chile Travel\" \/>\n\t<meta name=\"twitter:label2\" content=\"Dur\u00e9e de lecture estim\u00e9e\" \/>\n\t<meta name=\"twitter:data2\" content=\"6 minutes\" \/>\n<script type=\"application\/ld+json\" class=\"yoast-schema-graph\">{\"@context\":\"https:\\\/\\\/schema.org\",\"@graph\":[{\"@type\":\"Article\",\"@id\":\"https:\\\/\\\/chile.travel\\\/fr\\\/blog\\\/decouvrez-les-principales-curiosites-de-la-legendaire-ville-de-sewell\\\/#article\",\"isPartOf\":{\"@id\":\"https:\\\/\\\/chile.travel\\\/fr\\\/blog\\\/decouvrez-les-principales-curiosites-de-la-legendaire-ville-de-sewell\\\/\"},\"author\":{\"name\":\"Chile Travel\",\"@id\":\"https:\\\/\\\/stg.chile.travel\\\/fr\\\/#\\\/schema\\\/person\\\/adef05c2290968e039544d0021ebe979\"},\"headline\":\"D\u00e9couvrez les principales curiosit\u00e9s de la l\u00e9gendaire ville de Sewell\",\"datePublished\":\"2021-08-27T22:00:17+00:00\",\"dateModified\":\"2026-01-19T20:33:38+00:00\",\"mainEntityOfPage\":{\"@id\":\"https:\\\/\\\/chile.travel\\\/fr\\\/blog\\\/decouvrez-les-principales-curiosites-de-la-legendaire-ville-de-sewell\\\/\"},\"wordCount\":1213,\"publisher\":{\"@id\":\"https:\\\/\\\/stg.chile.travel\\\/fr\\\/#organization\"},\"image\":{\"@id\":\"https:\\\/\\\/chile.travel\\\/fr\\\/blog\\\/decouvrez-les-principales-curiosites-de-la-legendaire-ville-de-sewell\\\/#primaryimage\"},\"thumbnailUrl\":\"https:\\\/\\\/chile.travel\\\/wp-content\\\/uploads\\\/2021\\\/08\\\/d9b713ee-sewell-2.-loreto-ramirez.-1024x768-1.jpg\",\"articleSection\":[\"Journal de voyage\",\"Blog\"],\"inLanguage\":\"fr-FR\"},{\"@type\":\"WebPage\",\"@id\":\"https:\\\/\\\/chile.travel\\\/fr\\\/blog\\\/decouvrez-les-principales-curiosites-de-la-legendaire-ville-de-sewell\\\/\",\"url\":\"https:\\\/\\\/chile.travel\\\/fr\\\/blog\\\/decouvrez-les-principales-curiosites-de-la-legendaire-ville-de-sewell\\\/\",\"name\":\"D\u00e9couvrez les principales curiosit\u00e9s de la l\u00e9gendaire ville de Sewell - Chile Travel\",\"isPartOf\":{\"@id\":\"https:\\\/\\\/stg.chile.travel\\\/fr\\\/#website\"},\"primaryImageOfPage\":{\"@id\":\"https:\\\/\\\/chile.travel\\\/fr\\\/blog\\\/decouvrez-les-principales-curiosites-de-la-legendaire-ville-de-sewell\\\/#primaryimage\"},\"image\":{\"@id\":\"https:\\\/\\\/chile.travel\\\/fr\\\/blog\\\/decouvrez-les-principales-curiosites-de-la-legendaire-ville-de-sewell\\\/#primaryimage\"},\"thumbnailUrl\":\"https:\\\/\\\/chile.travel\\\/wp-content\\\/uploads\\\/2021\\\/08\\\/d9b713ee-sewell-2.-loreto-ramirez.-1024x768-1.jpg\",\"datePublished\":\"2021-08-27T22:00:17+00:00\",\"dateModified\":\"2026-01-19T20:33:38+00:00\",\"description\":\"D\u00e9couvrez la l\u00e9gendaire ville de Sewell, la \u00ab\u00a0ville des escaliers\u00a0\u00bb. D\u00e9couvrez son histoire en tant que site du patrimoine mondial, ses mythes miniers et comment visiter ce tr\u00e9sor dans la cordill\u00e8re.\",\"breadcrumb\":{\"@id\":\"https:\\\/\\\/chile.travel\\\/fr\\\/blog\\\/decouvrez-les-principales-curiosites-de-la-legendaire-ville-de-sewell\\\/#breadcrumb\"},\"inLanguage\":\"fr-FR\",\"potentialAction\":[{\"@type\":\"ReadAction\",\"target\":[\"https:\\\/\\\/chile.travel\\\/fr\\\/blog\\\/decouvrez-les-principales-curiosites-de-la-legendaire-ville-de-sewell\\\/\"]}]},{\"@type\":\"ImageObject\",\"inLanguage\":\"fr-FR\",\"@id\":\"https:\\\/\\\/chile.travel\\\/fr\\\/blog\\\/decouvrez-les-principales-curiosites-de-la-legendaire-ville-de-sewell\\\/#primaryimage\",\"url\":\"https:\\\/\\\/chile.travel\\\/wp-content\\\/uploads\\\/2021\\\/08\\\/d9b713ee-sewell-2.-loreto-ramirez.-1024x768-1.jpg\",\"contentUrl\":\"https:\\\/\\\/chile.travel\\\/wp-content\\\/uploads\\\/2021\\\/08\\\/d9b713ee-sewell-2.-loreto-ramirez.-1024x768-1.jpg\",\"width\":1600,\"height\":1200},{\"@type\":\"BreadcrumbList\",\"@id\":\"https:\\\/\\\/chile.travel\\\/fr\\\/blog\\\/decouvrez-les-principales-curiosites-de-la-legendaire-ville-de-sewell\\\/#breadcrumb\",\"itemListElement\":[{\"@type\":\"ListItem\",\"position\":1,\"name\":\"Portada\",\"item\":\"https:\\\/\\\/stg.chile.travel\\\/fr\\\/\"},{\"@type\":\"ListItem\",\"position\":2,\"name\":\"D\u00e9couvrez les principales curiosit\u00e9s de la l\u00e9gendaire ville de Sewell\"}]},{\"@type\":\"WebSite\",\"@id\":\"https:\\\/\\\/stg.chile.travel\\\/fr\\\/#website\",\"url\":\"https:\\\/\\\/stg.chile.travel\\\/fr\\\/\",\"name\":\"Chile Travel\",\"description\":\"\",\"publisher\":{\"@id\":\"https:\\\/\\\/stg.chile.travel\\\/fr\\\/#organization\"},\"potentialAction\":[{\"@type\":\"SearchAction\",\"target\":{\"@type\":\"EntryPoint\",\"urlTemplate\":\"https:\\\/\\\/stg.chile.travel\\\/fr\\\/?s={search_term_string}\"},\"query-input\":{\"@type\":\"PropertyValueSpecification\",\"valueRequired\":true,\"valueName\":\"search_term_string\"}}],\"inLanguage\":\"fr-FR\"},{\"@type\":\"Organization\",\"@id\":\"https:\\\/\\\/stg.chile.travel\\\/fr\\\/#organization\",\"name\":\"Chile Travel\",\"url\":\"https:\\\/\\\/stg.chile.travel\\\/fr\\\/\",\"logo\":{\"@type\":\"ImageObject\",\"inLanguage\":\"fr-FR\",\"@id\":\"https:\\\/\\\/stg.chile.travel\\\/fr\\\/#\\\/schema\\\/logo\\\/image\\\/\",\"url\":\"https:\\\/\\\/chile.travel\\\/wp-content\\\/uploads\\\/2025\\\/12\\\/84152706-logo-travel.svg\",\"contentUrl\":\"https:\\\/\\\/chile.travel\\\/wp-content\\\/uploads\\\/2025\\\/12\\\/84152706-logo-travel.svg\",\"width\":189,\"height\":225,\"caption\":\"Chile Travel\"},\"image\":{\"@id\":\"https:\\\/\\\/stg.chile.travel\\\/fr\\\/#\\\/schema\\\/logo\\\/image\\\/\"}},{\"@type\":\"Person\",\"@id\":\"https:\\\/\\\/stg.chile.travel\\\/fr\\\/#\\\/schema\\\/person\\\/adef05c2290968e039544d0021ebe979\",\"name\":\"Chile Travel\",\"image\":{\"@type\":\"ImageObject\",\"inLanguage\":\"fr-FR\",\"@id\":\"https:\\\/\\\/secure.gravatar.com\\\/avatar\\\/e6cf183c64cbeb317bf1e1e418c8b09fbeb17850109d2beb91182ce8400ff0eb?s=96&d=mm&r=g\",\"url\":\"https:\\\/\\\/secure.gravatar.com\\\/avatar\\\/e6cf183c64cbeb317bf1e1e418c8b09fbeb17850109d2beb91182ce8400ff0eb?s=96&d=mm&r=g\",\"contentUrl\":\"https:\\\/\\\/secure.gravatar.com\\\/avatar\\\/e6cf183c64cbeb317bf1e1e418c8b09fbeb17850109d2beb91182ce8400ff0eb?s=96&d=mm&r=g\",\"caption\":\"Chile Travel\"},\"sameAs\":[\"https:\\\/\\\/chile.travel\"],\"url\":\"https:\\\/\\\/chile.travel\\\/fr\\\/blog\\\/author\\\/chile-travel\\\/\"}]}<\/script>\n<!-- \/ Yoast SEO plugin. -->","yoast_head_json":{"title":"D\u00e9couvrez les principales curiosit\u00e9s de la l\u00e9gendaire ville de Sewell - Chile Travel","description":"D\u00e9couvrez la l\u00e9gendaire ville de Sewell, la \u00ab\u00a0ville des escaliers\u00a0\u00bb. D\u00e9couvrez son histoire en tant que site du patrimoine mondial, ses mythes miniers et comment visiter ce tr\u00e9sor dans la cordill\u00e8re.","robots":{"index":"index","follow":"follow","max-snippet":"max-snippet:-1","max-image-preview":"max-image-preview:large","max-video-preview":"max-video-preview:-1"},"canonical":"https:\/\/chile.travel\/fr\/blog\/decouvrez-les-principales-curiosites-de-la-legendaire-ville-de-sewell\/","og_locale":"fr_FR","og_type":"article","og_title":"D\u00e9couvrez les principales curiosit\u00e9s de la l\u00e9gendaire ville de Sewell - Chile Travel","og_description":"D\u00e9couvrez la l\u00e9gendaire ville de Sewell, la \u00ab\u00a0ville des escaliers\u00a0\u00bb. D\u00e9couvrez son histoire en tant que site du patrimoine mondial, ses mythes miniers et comment visiter ce tr\u00e9sor dans la cordill\u00e8re.","og_url":"https:\/\/chile.travel\/fr\/blog\/decouvrez-les-principales-curiosites-de-la-legendaire-ville-de-sewell\/","og_site_name":"Chile Travel","article_published_time":"2021-08-27T22:00:17+00:00","article_modified_time":"2026-01-19T20:33:38+00:00","og_image":[{"width":1600,"height":1200,"url":"https:\/\/chile.travel\/wp-content\/uploads\/2021\/08\/d9b713ee-sewell-2.-loreto-ramirez.-1024x768-1.jpg","type":"image\/jpeg"}],"author":"Chile Travel","twitter_card":"summary_large_image","twitter_misc":{"\u00c9crit par":"Chile Travel","Dur\u00e9e de lecture estim\u00e9e":"6 minutes"},"schema":{"@context":"https:\/\/schema.org","@graph":[{"@type":"Article","@id":"https:\/\/chile.travel\/fr\/blog\/decouvrez-les-principales-curiosites-de-la-legendaire-ville-de-sewell\/#article","isPartOf":{"@id":"https:\/\/chile.travel\/fr\/blog\/decouvrez-les-principales-curiosites-de-la-legendaire-ville-de-sewell\/"},"author":{"name":"Chile Travel","@id":"https:\/\/stg.chile.travel\/fr\/#\/schema\/person\/adef05c2290968e039544d0021ebe979"},"headline":"D\u00e9couvrez les principales curiosit\u00e9s de la l\u00e9gendaire ville de Sewell","datePublished":"2021-08-27T22:00:17+00:00","dateModified":"2026-01-19T20:33:38+00:00","mainEntityOfPage":{"@id":"https:\/\/chile.travel\/fr\/blog\/decouvrez-les-principales-curiosites-de-la-legendaire-ville-de-sewell\/"},"wordCount":1213,"publisher":{"@id":"https:\/\/stg.chile.travel\/fr\/#organization"},"image":{"@id":"https:\/\/chile.travel\/fr\/blog\/decouvrez-les-principales-curiosites-de-la-legendaire-ville-de-sewell\/#primaryimage"},"thumbnailUrl":"https:\/\/chile.travel\/wp-content\/uploads\/2021\/08\/d9b713ee-sewell-2.-loreto-ramirez.-1024x768-1.jpg","articleSection":["Journal de voyage","Blog"],"inLanguage":"fr-FR"},{"@type":"WebPage","@id":"https:\/\/chile.travel\/fr\/blog\/decouvrez-les-principales-curiosites-de-la-legendaire-ville-de-sewell\/","url":"https:\/\/chile.travel\/fr\/blog\/decouvrez-les-principales-curiosites-de-la-legendaire-ville-de-sewell\/","name":"D\u00e9couvrez les principales curiosit\u00e9s de la l\u00e9gendaire ville de Sewell - Chile Travel","isPartOf":{"@id":"https:\/\/stg.chile.travel\/fr\/#website"},"primaryImageOfPage":{"@id":"https:\/\/chile.travel\/fr\/blog\/decouvrez-les-principales-curiosites-de-la-legendaire-ville-de-sewell\/#primaryimage"},"image":{"@id":"https:\/\/chile.travel\/fr\/blog\/decouvrez-les-principales-curiosites-de-la-legendaire-ville-de-sewell\/#primaryimage"},"thumbnailUrl":"https:\/\/chile.travel\/wp-content\/uploads\/2021\/08\/d9b713ee-sewell-2.-loreto-ramirez.-1024x768-1.jpg","datePublished":"2021-08-27T22:00:17+00:00","dateModified":"2026-01-19T20:33:38+00:00","description":"D\u00e9couvrez la l\u00e9gendaire ville de Sewell, la \u00ab\u00a0ville des escaliers\u00a0\u00bb. D\u00e9couvrez son histoire en tant que site du patrimoine mondial, ses mythes miniers et comment visiter ce tr\u00e9sor dans la cordill\u00e8re.","breadcrumb":{"@id":"https:\/\/chile.travel\/fr\/blog\/decouvrez-les-principales-curiosites-de-la-legendaire-ville-de-sewell\/#breadcrumb"},"inLanguage":"fr-FR","potentialAction":[{"@type":"ReadAction","target":["https:\/\/chile.travel\/fr\/blog\/decouvrez-les-principales-curiosites-de-la-legendaire-ville-de-sewell\/"]}]},{"@type":"ImageObject","inLanguage":"fr-FR","@id":"https:\/\/chile.travel\/fr\/blog\/decouvrez-les-principales-curiosites-de-la-legendaire-ville-de-sewell\/#primaryimage","url":"https:\/\/chile.travel\/wp-content\/uploads\/2021\/08\/d9b713ee-sewell-2.-loreto-ramirez.-1024x768-1.jpg","contentUrl":"https:\/\/chile.travel\/wp-content\/uploads\/2021\/08\/d9b713ee-sewell-2.-loreto-ramirez.-1024x768-1.jpg","width":1600,"height":1200},{"@type":"BreadcrumbList","@id":"https:\/\/chile.travel\/fr\/blog\/decouvrez-les-principales-curiosites-de-la-legendaire-ville-de-sewell\/#breadcrumb","itemListElement":[{"@type":"ListItem","position":1,"name":"Portada","item":"https:\/\/stg.chile.travel\/fr\/"},{"@type":"ListItem","position":2,"name":"D\u00e9couvrez les principales curiosit\u00e9s de la l\u00e9gendaire ville de Sewell"}]},{"@type":"WebSite","@id":"https:\/\/stg.chile.travel\/fr\/#website","url":"https:\/\/stg.chile.travel\/fr\/","name":"Chile Travel","description":"","publisher":{"@id":"https:\/\/stg.chile.travel\/fr\/#organization"},"potentialAction":[{"@type":"SearchAction","target":{"@type":"EntryPoint","urlTemplate":"https:\/\/stg.chile.travel\/fr\/?s={search_term_string}"},"query-input":{"@type":"PropertyValueSpecification","valueRequired":true,"valueName":"search_term_string"}}],"inLanguage":"fr-FR"},{"@type":"Organization","@id":"https:\/\/stg.chile.travel\/fr\/#organization","name":"Chile Travel","url":"https:\/\/stg.chile.travel\/fr\/","logo":{"@type":"ImageObject","inLanguage":"fr-FR","@id":"https:\/\/stg.chile.travel\/fr\/#\/schema\/logo\/image\/","url":"https:\/\/chile.travel\/wp-content\/uploads\/2025\/12\/84152706-logo-travel.svg","contentUrl":"https:\/\/chile.travel\/wp-content\/uploads\/2025\/12\/84152706-logo-travel.svg","width":189,"height":225,"caption":"Chile Travel"},"image":{"@id":"https:\/\/stg.chile.travel\/fr\/#\/schema\/logo\/image\/"}},{"@type":"Person","@id":"https:\/\/stg.chile.travel\/fr\/#\/schema\/person\/adef05c2290968e039544d0021ebe979","name":"Chile Travel","image":{"@type":"ImageObject","inLanguage":"fr-FR","@id":"https:\/\/secure.gravatar.com\/avatar\/e6cf183c64cbeb317bf1e1e418c8b09fbeb17850109d2beb91182ce8400ff0eb?s=96&d=mm&r=g","url":"https:\/\/secure.gravatar.com\/avatar\/e6cf183c64cbeb317bf1e1e418c8b09fbeb17850109d2beb91182ce8400ff0eb?s=96&d=mm&r=g","contentUrl":"https:\/\/secure.gravatar.com\/avatar\/e6cf183c64cbeb317bf1e1e418c8b09fbeb17850109d2beb91182ce8400ff0eb?s=96&d=mm&r=g","caption":"Chile Travel"},"sameAs":["https:\/\/chile.travel"],"url":"https:\/\/chile.travel\/fr\/blog\/author\/chile-travel\/"}]}},"_links":{"self":[{"href":"https:\/\/chile.travel\/fr\/wp-json\/wp\/v2\/posts\/92121","targetHints":{"allow":["GET"]}}],"collection":[{"href":"https:\/\/chile.travel\/fr\/wp-json\/wp\/v2\/posts"}],"about":[{"href":"https:\/\/chile.travel\/fr\/wp-json\/wp\/v2\/types\/post"}],"author":[{"embeddable":true,"href":"https:\/\/chile.travel\/fr\/wp-json\/wp\/v2\/users\/7"}],"replies":[{"embeddable":true,"href":"https:\/\/chile.travel\/fr\/wp-json\/wp\/v2\/comments?post=92121"}],"version-history":[{"count":1,"href":"https:\/\/chile.travel\/fr\/wp-json\/wp\/v2\/posts\/92121\/revisions"}],"predecessor-version":[{"id":92122,"href":"https:\/\/chile.travel\/fr\/wp-json\/wp\/v2\/posts\/92121\/revisions\/92122"}],"wp:featuredmedia":[{"embeddable":true,"href":"https:\/\/chile.travel\/fr\/wp-json\/wp\/v2\/media\/84634"}],"wp:attachment":[{"href":"https:\/\/chile.travel\/fr\/wp-json\/wp\/v2\/media?parent=92121"}],"wp:term":[{"taxonomy":"category","embeddable":true,"href":"https:\/\/chile.travel\/fr\/wp-json\/wp\/v2\/categories?post=92121"},{"taxonomy":"post_tag","embeddable":true,"href":"https:\/\/chile.travel\/fr\/wp-json\/wp\/v2\/tags?post=92121"},{"taxonomy":"actividad","embeddable":true,"href":"https:\/\/chile.travel\/fr\/wp-json\/wp\/v2\/actividad?post=92121"},{"taxonomy":"destacado","embeddable":true,"href":"https:\/\/chile.travel\/fr\/wp-json\/wp\/v2\/destacado?post=92121"},{"taxonomy":"paisaje","embeddable":true,"href":"https:\/\/chile.travel\/fr\/wp-json\/wp\/v2\/paisaje?post=92121"},{"taxonomy":"region","embeddable":true,"href":"https:\/\/chile.travel\/fr\/wp-json\/wp\/v2\/region?post=92121"},{"taxonomy":"zona","embeddable":true,"href":"https:\/\/chile.travel\/fr\/wp-json\/wp\/v2\/zona?post=92121"}],"curies":[{"name":"wp","href":"https:\/\/api.w.org\/{rel}","templated":true}]}}