


{"id":91731,"date":"2024-02-14T12:43:06","date_gmt":"2024-02-14T15:43:06","guid":{"rendered":"https:\/\/chile.travel\/blog\/pachi-valenzuela-les-montagnes-sont-toujours-la-pour-etre-gravies-admirees-et-soignees\/"},"modified":"2026-01-20T12:56:48","modified_gmt":"2026-01-20T15:56:48","slug":"pachi-valenzuela-les-montagnes-sont-toujours-la-pour-etre-gravies-admirees-et-soignees","status":"publish","type":"post","link":"https:\/\/chile.travel\/fr\/blog\/pachi-valenzuela-les-montagnes-sont-toujours-la-pour-etre-gravies-admirees-et-soignees\/","title":{"rendered":"Mar\u00eda Paz Valenzuela\u00a0: \u00ab\u00a0Les montagnes sont toujours l\u00e0, pour \u00eatre gravies, admir\u00e9es et soign\u00e9es\u00a0\u00bb"},"content":{"rendered":"\n<p><strong>Dans Extremas, la c\u00e9l\u00e8bre alpiniste Mar\u00eda Paz Valenzuela a de nouveau gravi le Cerro San Jos\u00e9 (<\/strong><a href=\"https:\/\/chile.travel\/fr\/destinations\/cajon-del-maipo\/\" target=\"_blank\" rel=\"noreferrer noopener\"><strong>Caj\u00f3n del Maipo<\/strong><\/a><strong>) apr\u00e8s 40&nbsp;ans. Elle nous parle ici de ses sentiments apr\u00e8s \u00eatre retourn\u00e9e \u00e0 l\u2019un des sommets o\u00f9 elle a commenc\u00e9 sa carri\u00e8re et livre une r\u00e9flexion sur la protection de la nature. <\/strong><\/p>\n\n\n\n<p>En mai&nbsp;2018, Mar\u00eda Paz Valenzuela a marqu\u00e9 l\u2019histoire apr\u00e8s avoir atteint le sommet du mont Everest, le plus haut sommet du monde avec ses 8&nbsp;848&nbsp;m\u00e8tres au-dessus du niveau de la mer (msnm). L\u2019<a href=\"https:\/\/chile.travel\/fr\/activites\/aventure-et-sport\/experiences-de-montagne\/\" target=\"_blank\" rel=\"noreferrer noopener\">alpiniste<\/a> l\u2019a fait avec un objectif clair&nbsp;: <b style=\"font-weight: 400;\">apr\u00e8s s\u2019\u00eatre remise d\u2019un cancer du sein, chercher \u00e0 envoyer un message sur l\u2019<\/b><b>importance<\/b><b style=\"font-weight: 400;\"> du d\u00e9pistage pr\u00e9coce de cette maladie.<\/b> <\/p>\n\n\n\n<p>Protagoniste de la web-s\u00e9rie Extremas, Mar\u00eda Paz Valenzuela raconte dans cet entretien comment s\u2019est pass\u00e9 son retour au Cerro San Jos\u00e9 apr\u00e8s 40&nbsp;ans et a soulign\u00e9 <strong>l\u2019importance de l\u2019\u00e9ducation<\/strong> dans la protection de nos montagnes.<\/p>\n\n\n\n<p>Extremas est la nouvelle web-s\u00e9rie de Chile Travel, o\u00f9 des sportives chiliennes racontent leurs histoires d\u2019efforts apr\u00e8s d\u2019importantes r\u00e9alisations dans des disciplines sportives et comment elles se connectent avec certaines destinations et territoires du Chili.<\/p>\n\n\n\n<p><strong>Comment s\u2019est pass\u00e9 votre retour au Cerro San Jos\u00e9 apr\u00e8s 40&nbsp;ans&nbsp;?<\/strong><\/p>\n\n\n\n<p>Ce fut une exp\u00e9rience tr\u00e8s forte, car je l\u2019ai fait au d\u00e9but de ma carri\u00e8re d\u2019alpiniste et je n\u2019y \u00e9tais pas retourn\u00e9e jusqu\u2019\u00e0 pr\u00e9sent. Tant de choses se sont pass\u00e9es pendant ces 40&nbsp;ans, mais <strong>les montagnes sont toujours l\u00e0, pour \u00eatre gravies, admir\u00e9es et soign\u00e9es.<\/strong> <\/p>\n\n\n\n<p>C\u2019est \u00e0 nous de nous adapter \u00e0 la montagne. Et 40&nbsp;ans plus tard, tout est tr\u00e8s diff\u00e9rent, <strong>le corps fonctionne diff\u00e9remment.<\/strong> Vous avez beaucoup plus d\u2019exp\u00e9rience, ce qui vous permet de vous d\u00e9placer plus sereinement sur le cerro, avec une bien meilleure fa\u00e7on de vous comporter, mais le passage des ann\u00e9es se fait sentir. <\/p>\n\n\n\n<p>Pour moi, ce fut une tr\u00e8s belle exp\u00e9rience de pouvoir clore un chapitre. Je l\u2019ai fait avec d\u2019autres grands cerros que j\u2019ai gravis il y a 40&nbsp;ans pour, disons, <strong>boucler ce cercle de cerros,<\/strong> en y retournant apr\u00e8s plusieurs d\u00e9cennies. <\/p>\n\n\n\n<p><strong>Comment s\u2019est d\u00e9roul\u00e9 l\u2019enregistrement d\u2019Extremas&nbsp;? <\/strong><\/p>\n\n\n\n<p>Nous l\u2019avons bien planifi\u00e9. \u00c9tant un 6000 (msnm), c\u2019est un cerro qui est important par son altitude, ce qui n\u00e9cessite tous les d\u00e9tails et <strong>tous les pr\u00e9paratifs de toute grande exp\u00e9dition.<\/strong> <\/p>\n\n\n\n<p>C\u2019\u00e9tait tr\u00e8s beau. Nous avons eu un tr\u00e8s beau temps et l\u2019\u00e9quipe d\u2019enregistrement \u00e9tait spectaculaire, car ce n\u2019est pas facile. C\u2019\u00e9tait quatre jours sur le terrain, ce qui est difficile pour quelqu\u2019un qui n\u2019est pas habitu\u00e9 \u00e0 avoir cette routine et qui doit en plus enregistrer tout le processus.  <\/p>\n\n\n\n<p><strong>Comment pensez-vous que nous pouvons am\u00e9liorer la protection de nos montagnes au Chili&nbsp;?<\/strong><\/p>\n\n\n\n<p><strong>Le plus important, je crois, c\u2019est l\u2019\u00e9ducation.<\/strong> Nous avons une cordill\u00e8re de bout en bout, d\u2019un extr\u00eame \u00e0 l\u2019autre, et avec des caract\u00e9ristiques diff\u00e9rentes&nbsp;: <a href=\"https:\/\/chile.travel\/fr\/destinations\/route-des-six-mille\/\" target=\"_blank\" rel=\"noreferrer noopener\">nous avons des volcans, des six mille, presque un sept mille<\/a> et des temp\u00e9ratures extr\u00eames. Il y a beaucoup de diversit\u00e9 dans notre cordill\u00e8re des Andes, ce qui est un luxe.<\/p>\n\n\n\n<p>Et je crois que la seule fa\u00e7on de prot\u00e9ger les montagnes est l\u2019\u00e9ducation. Je crois que nous devons \u00e9duquer nos enfants principalement, toute notre population, tous nos gens, \u00e0 aller \u00e0 la montagne, \u00e0 prendre soin de la montagne et \u00e0 \u00e9voluer dans cet environnement en toute s\u00e9curit\u00e9. <\/p>\n\n\n\n<p><strong>Que diriez-vous \u00e0 ceux qui veulent pratiquer l\u2019alpinisme&nbsp;?<\/strong><\/p>\n\n\n\n<p>Il y a des montagnes pour tous les go\u00fbts, <a href=\"https:\/\/chile.travel\/fr\/attractions\/centre-historique\/\" target=\"_blank\" rel=\"noreferrer noopener\">en commen\u00e7ant par le Santa Luc\u00eda.<\/a> Il n\u2019y a donc aucune excuse pour ne pas aller \u00e0 la montagne, ou au moins pour ne pas sortir en plein air. Il n\u2019est pas forc\u00e9ment n\u00e9cessaire de gravir une montagne pendant plusieurs jours, <strong>il y a des montagnes pour tous,<\/strong> et vous pouvez vous adapter \u00e0 un type d\u2019activit\u00e9.<\/p>\n\n\n\n<p>Le plus important est d\u2019avoir l\u2019\u00e9quipement ad\u00e9quat, d\u2019\u00eatre inform\u00e9 de ce que signifie aller \u00e0 la montagne. <strong>Id\u00e9alement, suivre des cours<\/strong> ou avoir des activit\u00e9s de montagne, ne jamais y aller seul car \u00e0 la montagne, on y va en groupe.<\/p>\n\n\n\n<p><strong>Du moins, notre cordill\u00e8re n\u2019est pas faite pour y aller en solitaire,<\/strong> car c\u2019est extr\u00eamement risqu\u00e9. \u00catre inform\u00e9 fait partie de l\u2019\u00e9ducation \u00e0 la montagne. <\/p>\n\n\n\n<p><strong>Comment s\u2019est pass\u00e9 pour vous le fait d\u2019avoir gravi l\u2019Everest apr\u00e8s avoir vaincu un cancer&nbsp;?<\/strong><\/p>\n\n\n\n<p><strong>L\u2019Everest a \u00e9t\u00e9 un cadeau que m\u2019a fait le cancer.<\/strong> Je me suis propos\u00e9 de gravir l\u2019Everest parce que je cherchais \u00e0 transmettre l\u2019importance du d\u00e9pistage pr\u00e9coce du cancer du sein. Et \u00e9tant alpiniste, la seule fa\u00e7on pour moi d\u2019attirer l\u2019attention avec ce message \u00e9tait de gravir la plus haute montagne du monde.  <\/p>\n\n\n\n<p>C\u2019\u00e9tait mon d\u00e9fi, pas de monter exactement au sommet, car on ne sait jamais si on va faire le sommet, mais de l\u2019essayer. Et de pouvoir transmettre le message du d\u00e9pistage pr\u00e9coce du cancer du sein, qui vous permet de continuer votre vie.  <strong>Que le diagnostic d\u2019un cancer n\u2019est pas synonyme de mort si on le d\u00e9tecte \u00e0 temps.<\/strong><\/p>\n\n\n\n<p><strong>Que peut attendre le public d\u2019Extremas&nbsp;?<\/strong><\/p>\n\n\n\n<p>Que de beaut\u00e9s. J\u2019aime beaucoup le projet, comment il a \u00e9t\u00e9 mis en place et comment il s\u2019est d\u00e9roul\u00e9. Et les sportives qui font partie de cette s\u00e9rie sont incroyables.  <\/p>\n\n\n\n<p>J\u2019aime aussi la diversit\u00e9 qu\u2019il a, il est super large. Des sports extr\u00eames &#8211; ou pas si extr\u00eames &#8211; en plein air dans notre pays, avec des femmes et de diff\u00e9rents \u00e2ges. Je crois que c\u2019est super important, comme si cela englobait tout notre spectre.   <strong>Cette s\u00e9rie va \u00eatre une belle surprise pour tous.<\/strong><\/p>\n\n\n\n<p><a href=\"https:\/\/youtu.be\/qblQHPmBR60\">Regardez l\u2019\u00e9pisode complet sur Youtube<\/a><\/p>\n\n\n\n<figure class=\"wp-block-embed is-type-video is-provider-youtube wp-block-embed-youtube wp-embed-aspect-16-9 wp-has-aspect-ratio\"><div class=\"wp-block-embed__wrapper\">\n<iframe loading=\"lazy\" title=\"Volc\u00e1n San Jos\u00e9, el trekking m\u00e1s desafiante del Caj\u00f3n del Maipo con Pachi Valenzuela\" width=\"500\" height=\"281\" src=\"https:\/\/www.youtube.com\/embed\/qblQHPmBR60?feature=oembed\" frameborder=\"0\" allow=\"accelerometer; autoplay; clipboard-write; encrypted-media; gyroscope; picture-in-picture; web-share\" referrerpolicy=\"strict-origin-when-cross-origin\" allowfullscreen><\/iframe>\n<\/div><\/figure>\n","protected":false},"excerpt":{"rendered":"<p>Dans Extremas, la c\u00e9l\u00e8bre alpiniste Mar\u00eda Paz Valenzuela a de nouveau gravi le Cerro San Jos\u00e9 (Caj\u00f3n del Maipo) apr\u00e8s 40&nbsp;ans. Elle nous parle ici de ses sentiments apr\u00e8s \u00eatre retourn\u00e9e \u00e0 l\u2019un des sommets o\u00f9 elle a commenc\u00e9 sa carri\u00e8re et livre une r\u00e9flexion sur la protection de la nature. En mai&nbsp;2018, Mar\u00eda Paz [&hellip;]<\/p>\n","protected":false},"author":12,"featured_media":91732,"comment_status":"closed","ping_status":"closed","sticky":false,"template":"","format":"standard","meta":{"_acf_changed":false,"inline_featured_image":false,"powered_cache_disable_cache":false,"powered_cache_disable_lazyload":false,"powered_cache_disable_js_optimization":false,"footnotes":""},"categories":[2941],"tags":[],"actividad":[2586,2616],"destacado":[],"paisaje":[2579],"region":[2583],"zona":[2573,2574],"class_list":["post-91731","post","type-post","status-publish","format-standard","has-post-thumbnail","hentry","category-journal-de-voyage","actividad-aventure-et-sport","actividad-experiences-de-montagne","paisaje-montagne-et-neige","region-metropolitana","zona-desert-atacama-et-altiplano","zona-santiago-valparaiso-et-vallees-viticoles"],"acf":[],"yoast_head":"<!-- This site is optimized with the Yoast SEO plugin v27.4 - https:\/\/yoast.com\/product\/yoast-seo-wordpress\/ -->\n<title>Entretien avec Mar\u00eda Paz Valenzuela, protagoniste d\u2019Extremas<\/title>\n<meta name=\"description\" content=\"Dans la web-s\u00e9rie Extremas, l\u2019alpiniste Mar\u00eda Paz Valenzuela a de nouveau gravi le Cerro San Jos\u00e9 apr\u00e8s 40\u00a0ans.\" \/>\n<meta name=\"robots\" content=\"index, follow, max-snippet:-1, max-image-preview:large, max-video-preview:-1\" \/>\n<link rel=\"canonical\" href=\"https:\/\/chile.travel\/fr\/blog\/pachi-valenzuela-les-montagnes-sont-toujours-la-pour-etre-gravies-admirees-et-soignees\/\" \/>\n<meta property=\"og:locale\" content=\"fr_FR\" \/>\n<meta property=\"og:type\" content=\"article\" \/>\n<meta property=\"og:title\" content=\"Entretien avec Mar\u00eda Paz Valenzuela, protagoniste d\u2019Extremas\" \/>\n<meta property=\"og:description\" content=\"Dans la web-s\u00e9rie Extremas, l\u2019alpiniste Mar\u00eda Paz Valenzuela a de nouveau gravi le Cerro San Jos\u00e9 apr\u00e8s 40\u00a0ans.\" \/>\n<meta property=\"og:url\" content=\"https:\/\/chile.travel\/fr\/blog\/pachi-valenzuela-les-montagnes-sont-toujours-la-pour-etre-gravies-admirees-et-soignees\/\" \/>\n<meta property=\"og:site_name\" content=\"Chile Travel\" \/>\n<meta property=\"article:published_time\" content=\"2024-02-14T15:43:06+00:00\" \/>\n<meta property=\"article:modified_time\" content=\"2026-01-20T15:56:48+00:00\" \/>\n<meta property=\"og:image\" content=\"https:\/\/chile.travel\/wp-content\/uploads\/2024\/10\/398995dd-pachi-valenzuela.png\" \/>\n\t<meta property=\"og:image:width\" content=\"1024\" \/>\n\t<meta property=\"og:image:height\" content=\"1024\" \/>\n\t<meta property=\"og:image:type\" content=\"image\/png\" \/>\n<meta name=\"author\" content=\"Hernan Claro\" \/>\n<meta name=\"twitter:card\" content=\"summary_large_image\" \/>\n<meta name=\"twitter:label1\" content=\"\u00c9crit par\" \/>\n\t<meta name=\"twitter:data1\" content=\"Hernan Claro\" \/>\n\t<meta name=\"twitter:label2\" content=\"Dur\u00e9e de lecture estim\u00e9e\" \/>\n\t<meta name=\"twitter:data2\" content=\"5 minutes\" \/>\n<script type=\"application\/ld+json\" class=\"yoast-schema-graph\">{\"@context\":\"https:\\\/\\\/schema.org\",\"@graph\":[{\"@type\":\"Article\",\"@id\":\"https:\\\/\\\/chile.travel\\\/fr\\\/blog\\\/pachi-valenzuela-les-montagnes-sont-toujours-la-pour-etre-gravies-admirees-et-soignees\\\/#article\",\"isPartOf\":{\"@id\":\"https:\\\/\\\/chile.travel\\\/fr\\\/blog\\\/pachi-valenzuela-les-montagnes-sont-toujours-la-pour-etre-gravies-admirees-et-soignees\\\/\"},\"author\":{\"name\":\"Hernan Claro\",\"@id\":\"https:\\\/\\\/stg.chile.travel\\\/fr\\\/#\\\/schema\\\/person\\\/b23fcf822acc3d71261e32defe64dd14\"},\"headline\":\"Mar\u00eda Paz Valenzuela\u00a0: \u00ab\u00a0Les montagnes sont toujours l\u00e0, pour \u00eatre gravies, admir\u00e9es et soign\u00e9es\u00a0\u00bb\",\"datePublished\":\"2024-02-14T15:43:06+00:00\",\"dateModified\":\"2026-01-20T15:56:48+00:00\",\"mainEntityOfPage\":{\"@id\":\"https:\\\/\\\/chile.travel\\\/fr\\\/blog\\\/pachi-valenzuela-les-montagnes-sont-toujours-la-pour-etre-gravies-admirees-et-soignees\\\/\"},\"wordCount\":1069,\"publisher\":{\"@id\":\"https:\\\/\\\/stg.chile.travel\\\/fr\\\/#organization\"},\"image\":{\"@id\":\"https:\\\/\\\/chile.travel\\\/fr\\\/blog\\\/pachi-valenzuela-les-montagnes-sont-toujours-la-pour-etre-gravies-admirees-et-soignees\\\/#primaryimage\"},\"thumbnailUrl\":\"https:\\\/\\\/chile.travel\\\/wp-content\\\/uploads\\\/2024\\\/10\\\/398995dd-pachi-valenzuela.png\",\"articleSection\":[\"Journal de voyage\"],\"inLanguage\":\"fr-FR\"},{\"@type\":\"WebPage\",\"@id\":\"https:\\\/\\\/chile.travel\\\/fr\\\/blog\\\/pachi-valenzuela-les-montagnes-sont-toujours-la-pour-etre-gravies-admirees-et-soignees\\\/\",\"url\":\"https:\\\/\\\/chile.travel\\\/fr\\\/blog\\\/pachi-valenzuela-les-montagnes-sont-toujours-la-pour-etre-gravies-admirees-et-soignees\\\/\",\"name\":\"Entretien avec Mar\u00eda Paz Valenzuela, protagoniste d\u2019Extremas\",\"isPartOf\":{\"@id\":\"https:\\\/\\\/stg.chile.travel\\\/fr\\\/#website\"},\"primaryImageOfPage\":{\"@id\":\"https:\\\/\\\/chile.travel\\\/fr\\\/blog\\\/pachi-valenzuela-les-montagnes-sont-toujours-la-pour-etre-gravies-admirees-et-soignees\\\/#primaryimage\"},\"image\":{\"@id\":\"https:\\\/\\\/chile.travel\\\/fr\\\/blog\\\/pachi-valenzuela-les-montagnes-sont-toujours-la-pour-etre-gravies-admirees-et-soignees\\\/#primaryimage\"},\"thumbnailUrl\":\"https:\\\/\\\/chile.travel\\\/wp-content\\\/uploads\\\/2024\\\/10\\\/398995dd-pachi-valenzuela.png\",\"datePublished\":\"2024-02-14T15:43:06+00:00\",\"dateModified\":\"2026-01-20T15:56:48+00:00\",\"description\":\"Dans la web-s\u00e9rie Extremas, l\u2019alpiniste Mar\u00eda Paz Valenzuela a de nouveau gravi le Cerro San Jos\u00e9 apr\u00e8s 40\u00a0ans.\",\"breadcrumb\":{\"@id\":\"https:\\\/\\\/chile.travel\\\/fr\\\/blog\\\/pachi-valenzuela-les-montagnes-sont-toujours-la-pour-etre-gravies-admirees-et-soignees\\\/#breadcrumb\"},\"inLanguage\":\"fr-FR\",\"potentialAction\":[{\"@type\":\"ReadAction\",\"target\":[\"https:\\\/\\\/chile.travel\\\/fr\\\/blog\\\/pachi-valenzuela-les-montagnes-sont-toujours-la-pour-etre-gravies-admirees-et-soignees\\\/\"]}]},{\"@type\":\"ImageObject\",\"inLanguage\":\"fr-FR\",\"@id\":\"https:\\\/\\\/chile.travel\\\/fr\\\/blog\\\/pachi-valenzuela-les-montagnes-sont-toujours-la-pour-etre-gravies-admirees-et-soignees\\\/#primaryimage\",\"url\":\"https:\\\/\\\/chile.travel\\\/wp-content\\\/uploads\\\/2024\\\/10\\\/398995dd-pachi-valenzuela.png\",\"contentUrl\":\"https:\\\/\\\/chile.travel\\\/wp-content\\\/uploads\\\/2024\\\/10\\\/398995dd-pachi-valenzuela.png\",\"width\":2246,\"height\":2246},{\"@type\":\"BreadcrumbList\",\"@id\":\"https:\\\/\\\/chile.travel\\\/fr\\\/blog\\\/pachi-valenzuela-les-montagnes-sont-toujours-la-pour-etre-gravies-admirees-et-soignees\\\/#breadcrumb\",\"itemListElement\":[{\"@type\":\"ListItem\",\"position\":1,\"name\":\"Portada\",\"item\":\"https:\\\/\\\/stg.chile.travel\\\/fr\\\/\"},{\"@type\":\"ListItem\",\"position\":2,\"name\":\"Mar\u00eda Paz Valenzuela\u00a0: \u00ab\u00a0Les montagnes sont toujours l\u00e0, pour \u00eatre gravies, admir\u00e9es et soign\u00e9es\u00a0\u00bb\"}]},{\"@type\":\"WebSite\",\"@id\":\"https:\\\/\\\/stg.chile.travel\\\/fr\\\/#website\",\"url\":\"https:\\\/\\\/stg.chile.travel\\\/fr\\\/\",\"name\":\"Chile Travel\",\"description\":\"\",\"publisher\":{\"@id\":\"https:\\\/\\\/stg.chile.travel\\\/fr\\\/#organization\"},\"potentialAction\":[{\"@type\":\"SearchAction\",\"target\":{\"@type\":\"EntryPoint\",\"urlTemplate\":\"https:\\\/\\\/stg.chile.travel\\\/fr\\\/?s={search_term_string}\"},\"query-input\":{\"@type\":\"PropertyValueSpecification\",\"valueRequired\":true,\"valueName\":\"search_term_string\"}}],\"inLanguage\":\"fr-FR\"},{\"@type\":\"Organization\",\"@id\":\"https:\\\/\\\/stg.chile.travel\\\/fr\\\/#organization\",\"name\":\"Chile Travel\",\"url\":\"https:\\\/\\\/stg.chile.travel\\\/fr\\\/\",\"logo\":{\"@type\":\"ImageObject\",\"inLanguage\":\"fr-FR\",\"@id\":\"https:\\\/\\\/stg.chile.travel\\\/fr\\\/#\\\/schema\\\/logo\\\/image\\\/\",\"url\":\"https:\\\/\\\/chile.travel\\\/wp-content\\\/uploads\\\/2025\\\/12\\\/84152706-logo-travel.svg\",\"contentUrl\":\"https:\\\/\\\/chile.travel\\\/wp-content\\\/uploads\\\/2025\\\/12\\\/84152706-logo-travel.svg\",\"width\":189,\"height\":225,\"caption\":\"Chile Travel\"},\"image\":{\"@id\":\"https:\\\/\\\/stg.chile.travel\\\/fr\\\/#\\\/schema\\\/logo\\\/image\\\/\"}},{\"@type\":\"Person\",\"@id\":\"https:\\\/\\\/stg.chile.travel\\\/fr\\\/#\\\/schema\\\/person\\\/b23fcf822acc3d71261e32defe64dd14\",\"name\":\"Hernan Claro\",\"image\":{\"@type\":\"ImageObject\",\"inLanguage\":\"fr-FR\",\"@id\":\"https:\\\/\\\/secure.gravatar.com\\\/avatar\\\/d37398fde8a90031b777a6517db2c2895d6e6a2b3edd4dce1b9e70eaf6c524ca?s=96&d=mm&r=g\",\"url\":\"https:\\\/\\\/secure.gravatar.com\\\/avatar\\\/d37398fde8a90031b777a6517db2c2895d6e6a2b3edd4dce1b9e70eaf6c524ca?s=96&d=mm&r=g\",\"contentUrl\":\"https:\\\/\\\/secure.gravatar.com\\\/avatar\\\/d37398fde8a90031b777a6517db2c2895d6e6a2b3edd4dce1b9e70eaf6c524ca?s=96&d=mm&r=g\",\"caption\":\"Hernan Claro\"},\"url\":\"https:\\\/\\\/chile.travel\\\/fr\\\/blog\\\/author\\\/hclaro\\\/\"}]}<\/script>\n<!-- \/ Yoast SEO plugin. -->","yoast_head_json":{"title":"Entretien avec Mar\u00eda Paz Valenzuela, protagoniste d\u2019Extremas","description":"Dans la web-s\u00e9rie Extremas, l\u2019alpiniste Mar\u00eda Paz Valenzuela a de nouveau gravi le Cerro San Jos\u00e9 apr\u00e8s 40\u00a0ans.","robots":{"index":"index","follow":"follow","max-snippet":"max-snippet:-1","max-image-preview":"max-image-preview:large","max-video-preview":"max-video-preview:-1"},"canonical":"https:\/\/chile.travel\/fr\/blog\/pachi-valenzuela-les-montagnes-sont-toujours-la-pour-etre-gravies-admirees-et-soignees\/","og_locale":"fr_FR","og_type":"article","og_title":"Entretien avec Mar\u00eda Paz Valenzuela, protagoniste d\u2019Extremas","og_description":"Dans la web-s\u00e9rie Extremas, l\u2019alpiniste Mar\u00eda Paz Valenzuela a de nouveau gravi le Cerro San Jos\u00e9 apr\u00e8s 40\u00a0ans.","og_url":"https:\/\/chile.travel\/fr\/blog\/pachi-valenzuela-les-montagnes-sont-toujours-la-pour-etre-gravies-admirees-et-soignees\/","og_site_name":"Chile Travel","article_published_time":"2024-02-14T15:43:06+00:00","article_modified_time":"2026-01-20T15:56:48+00:00","og_image":[{"url":"https:\/\/chile.travel\/wp-content\/uploads\/2024\/10\/398995dd-pachi-valenzuela.png","width":1024,"height":1024,"type":"image\/png"}],"author":"Hernan Claro","twitter_card":"summary_large_image","twitter_misc":{"\u00c9crit par":"Hernan Claro","Dur\u00e9e de lecture estim\u00e9e":"5 minutes"},"schema":{"@context":"https:\/\/schema.org","@graph":[{"@type":"Article","@id":"https:\/\/chile.travel\/fr\/blog\/pachi-valenzuela-les-montagnes-sont-toujours-la-pour-etre-gravies-admirees-et-soignees\/#article","isPartOf":{"@id":"https:\/\/chile.travel\/fr\/blog\/pachi-valenzuela-les-montagnes-sont-toujours-la-pour-etre-gravies-admirees-et-soignees\/"},"author":{"name":"Hernan Claro","@id":"https:\/\/stg.chile.travel\/fr\/#\/schema\/person\/b23fcf822acc3d71261e32defe64dd14"},"headline":"Mar\u00eda Paz Valenzuela\u00a0: \u00ab\u00a0Les montagnes sont toujours l\u00e0, pour \u00eatre gravies, admir\u00e9es et soign\u00e9es\u00a0\u00bb","datePublished":"2024-02-14T15:43:06+00:00","dateModified":"2026-01-20T15:56:48+00:00","mainEntityOfPage":{"@id":"https:\/\/chile.travel\/fr\/blog\/pachi-valenzuela-les-montagnes-sont-toujours-la-pour-etre-gravies-admirees-et-soignees\/"},"wordCount":1069,"publisher":{"@id":"https:\/\/stg.chile.travel\/fr\/#organization"},"image":{"@id":"https:\/\/chile.travel\/fr\/blog\/pachi-valenzuela-les-montagnes-sont-toujours-la-pour-etre-gravies-admirees-et-soignees\/#primaryimage"},"thumbnailUrl":"https:\/\/chile.travel\/wp-content\/uploads\/2024\/10\/398995dd-pachi-valenzuela.png","articleSection":["Journal de voyage"],"inLanguage":"fr-FR"},{"@type":"WebPage","@id":"https:\/\/chile.travel\/fr\/blog\/pachi-valenzuela-les-montagnes-sont-toujours-la-pour-etre-gravies-admirees-et-soignees\/","url":"https:\/\/chile.travel\/fr\/blog\/pachi-valenzuela-les-montagnes-sont-toujours-la-pour-etre-gravies-admirees-et-soignees\/","name":"Entretien avec Mar\u00eda Paz Valenzuela, protagoniste d\u2019Extremas","isPartOf":{"@id":"https:\/\/stg.chile.travel\/fr\/#website"},"primaryImageOfPage":{"@id":"https:\/\/chile.travel\/fr\/blog\/pachi-valenzuela-les-montagnes-sont-toujours-la-pour-etre-gravies-admirees-et-soignees\/#primaryimage"},"image":{"@id":"https:\/\/chile.travel\/fr\/blog\/pachi-valenzuela-les-montagnes-sont-toujours-la-pour-etre-gravies-admirees-et-soignees\/#primaryimage"},"thumbnailUrl":"https:\/\/chile.travel\/wp-content\/uploads\/2024\/10\/398995dd-pachi-valenzuela.png","datePublished":"2024-02-14T15:43:06+00:00","dateModified":"2026-01-20T15:56:48+00:00","description":"Dans la web-s\u00e9rie Extremas, l\u2019alpiniste Mar\u00eda Paz Valenzuela a de nouveau gravi le Cerro San Jos\u00e9 apr\u00e8s 40\u00a0ans.","breadcrumb":{"@id":"https:\/\/chile.travel\/fr\/blog\/pachi-valenzuela-les-montagnes-sont-toujours-la-pour-etre-gravies-admirees-et-soignees\/#breadcrumb"},"inLanguage":"fr-FR","potentialAction":[{"@type":"ReadAction","target":["https:\/\/chile.travel\/fr\/blog\/pachi-valenzuela-les-montagnes-sont-toujours-la-pour-etre-gravies-admirees-et-soignees\/"]}]},{"@type":"ImageObject","inLanguage":"fr-FR","@id":"https:\/\/chile.travel\/fr\/blog\/pachi-valenzuela-les-montagnes-sont-toujours-la-pour-etre-gravies-admirees-et-soignees\/#primaryimage","url":"https:\/\/chile.travel\/wp-content\/uploads\/2024\/10\/398995dd-pachi-valenzuela.png","contentUrl":"https:\/\/chile.travel\/wp-content\/uploads\/2024\/10\/398995dd-pachi-valenzuela.png","width":2246,"height":2246},{"@type":"BreadcrumbList","@id":"https:\/\/chile.travel\/fr\/blog\/pachi-valenzuela-les-montagnes-sont-toujours-la-pour-etre-gravies-admirees-et-soignees\/#breadcrumb","itemListElement":[{"@type":"ListItem","position":1,"name":"Portada","item":"https:\/\/stg.chile.travel\/fr\/"},{"@type":"ListItem","position":2,"name":"Mar\u00eda Paz Valenzuela\u00a0: \u00ab\u00a0Les montagnes sont toujours l\u00e0, pour \u00eatre gravies, admir\u00e9es et soign\u00e9es\u00a0\u00bb"}]},{"@type":"WebSite","@id":"https:\/\/stg.chile.travel\/fr\/#website","url":"https:\/\/stg.chile.travel\/fr\/","name":"Chile Travel","description":"","publisher":{"@id":"https:\/\/stg.chile.travel\/fr\/#organization"},"potentialAction":[{"@type":"SearchAction","target":{"@type":"EntryPoint","urlTemplate":"https:\/\/stg.chile.travel\/fr\/?s={search_term_string}"},"query-input":{"@type":"PropertyValueSpecification","valueRequired":true,"valueName":"search_term_string"}}],"inLanguage":"fr-FR"},{"@type":"Organization","@id":"https:\/\/stg.chile.travel\/fr\/#organization","name":"Chile Travel","url":"https:\/\/stg.chile.travel\/fr\/","logo":{"@type":"ImageObject","inLanguage":"fr-FR","@id":"https:\/\/stg.chile.travel\/fr\/#\/schema\/logo\/image\/","url":"https:\/\/chile.travel\/wp-content\/uploads\/2025\/12\/84152706-logo-travel.svg","contentUrl":"https:\/\/chile.travel\/wp-content\/uploads\/2025\/12\/84152706-logo-travel.svg","width":189,"height":225,"caption":"Chile Travel"},"image":{"@id":"https:\/\/stg.chile.travel\/fr\/#\/schema\/logo\/image\/"}},{"@type":"Person","@id":"https:\/\/stg.chile.travel\/fr\/#\/schema\/person\/b23fcf822acc3d71261e32defe64dd14","name":"Hernan Claro","image":{"@type":"ImageObject","inLanguage":"fr-FR","@id":"https:\/\/secure.gravatar.com\/avatar\/d37398fde8a90031b777a6517db2c2895d6e6a2b3edd4dce1b9e70eaf6c524ca?s=96&d=mm&r=g","url":"https:\/\/secure.gravatar.com\/avatar\/d37398fde8a90031b777a6517db2c2895d6e6a2b3edd4dce1b9e70eaf6c524ca?s=96&d=mm&r=g","contentUrl":"https:\/\/secure.gravatar.com\/avatar\/d37398fde8a90031b777a6517db2c2895d6e6a2b3edd4dce1b9e70eaf6c524ca?s=96&d=mm&r=g","caption":"Hernan Claro"},"url":"https:\/\/chile.travel\/fr\/blog\/author\/hclaro\/"}]}},"_links":{"self":[{"href":"https:\/\/chile.travel\/fr\/wp-json\/wp\/v2\/posts\/91731","targetHints":{"allow":["GET"]}}],"collection":[{"href":"https:\/\/chile.travel\/fr\/wp-json\/wp\/v2\/posts"}],"about":[{"href":"https:\/\/chile.travel\/fr\/wp-json\/wp\/v2\/types\/post"}],"author":[{"embeddable":true,"href":"https:\/\/chile.travel\/fr\/wp-json\/wp\/v2\/users\/12"}],"replies":[{"embeddable":true,"href":"https:\/\/chile.travel\/fr\/wp-json\/wp\/v2\/comments?post=91731"}],"version-history":[{"count":3,"href":"https:\/\/chile.travel\/fr\/wp-json\/wp\/v2\/posts\/91731\/revisions"}],"predecessor-version":[{"id":92244,"href":"https:\/\/chile.travel\/fr\/wp-json\/wp\/v2\/posts\/91731\/revisions\/92244"}],"wp:featuredmedia":[{"embeddable":true,"href":"https:\/\/chile.travel\/fr\/wp-json\/wp\/v2\/media\/91732"}],"wp:attachment":[{"href":"https:\/\/chile.travel\/fr\/wp-json\/wp\/v2\/media?parent=91731"}],"wp:term":[{"taxonomy":"category","embeddable":true,"href":"https:\/\/chile.travel\/fr\/wp-json\/wp\/v2\/categories?post=91731"},{"taxonomy":"post_tag","embeddable":true,"href":"https:\/\/chile.travel\/fr\/wp-json\/wp\/v2\/tags?post=91731"},{"taxonomy":"actividad","embeddable":true,"href":"https:\/\/chile.travel\/fr\/wp-json\/wp\/v2\/actividad?post=91731"},{"taxonomy":"destacado","embeddable":true,"href":"https:\/\/chile.travel\/fr\/wp-json\/wp\/v2\/destacado?post=91731"},{"taxonomy":"paisaje","embeddable":true,"href":"https:\/\/chile.travel\/fr\/wp-json\/wp\/v2\/paisaje?post=91731"},{"taxonomy":"region","embeddable":true,"href":"https:\/\/chile.travel\/fr\/wp-json\/wp\/v2\/region?post=91731"},{"taxonomy":"zona","embeddable":true,"href":"https:\/\/chile.travel\/fr\/wp-json\/wp\/v2\/zona?post=91731"}],"curies":[{"name":"wp","href":"https:\/\/api.w.org\/{rel}","templated":true}]}}