


{"id":91725,"date":"2024-02-14T13:02:00","date_gmt":"2024-02-14T16:02:00","guid":{"rendered":"https:\/\/chile.travel\/blog\/lorena-fica-championne-de-surf-a-plusieurs-reprises-arica-a-un-potentiel-enorme\/"},"modified":"2026-01-20T12:52:09","modified_gmt":"2026-01-20T15:52:09","slug":"lorena-fica-championne-de-surf-a-plusieurs-reprises-arica-a-un-potentiel-enorme","status":"publish","type":"post","link":"https:\/\/chile.travel\/fr\/blog\/lorena-fica-championne-de-surf-a-plusieurs-reprises-arica-a-un-potentiel-enorme\/","title":{"rendered":"Lorena Fica, championne de surf \u00e0 plusieurs reprises&nbsp;: \u00ab&nbsp;Arica a un potentiel \u00e9norme&nbsp;\u00bb"},"content":{"rendered":"\n<p><strong>L\u2019une des vedettes de la s\u00e9rie Web Extremas, Lorena Fica, a soulign\u00e9 que les plages d\u2019Arica sont parfaites pour le surf. De plus, elle a donn\u00e9 des conseils \u00e0 ceux qui veulent pratiquer ce sport. <\/strong><\/p>\n\n\n\n<p>\u00c0 11&nbsp;ans, Lorena Fica a pris une planche de surf et ne l\u2019a plus jamais l\u00e2ch\u00e9e. Six fois championne nationale, l\u2019Aricaine est devenue l\u2019une des principales repr\u00e9sentantes de la discipline au Chili et a affront\u00e9 des vagues du monde entier. <\/p>\n\n\n\n<p>Apr\u00e8s avoir particip\u00e9 \u00e0 la s\u00e9rie Web Extremas, <strong>Lorena Fica nous a expliqu\u00e9 pourquoi sa ville natale est un paradis du surf et a donn\u00e9 des conseils \u00e0 ceux qui veulent pratiquer cette activit\u00e9<\/strong>.<\/p>\n\n\n\n<p>Extremas est la nouvelle s\u00e9rie Web de Chile Travel, o\u00f9 des athl\u00e8tes chiliennes racontent leurs histoires d\u2019efforts apr\u00e8s d\u2019importants succ\u00e8s obtenus dans des disciplines sportives et comment elles se connectent avec certaines destinations et certains territoires du Chili.<\/p>\n\n\n\n<p><strong>Que peut attendre le public d\u2019Extremas&nbsp;?<\/strong><\/p>\n\n\n\n<p>Quelque chose de totalement diff\u00e9rent d\u2019une publicit\u00e9 touristique conventionnelle. Ce sont des paysages pr\u00e9sent\u00e9s par des personnes qui ont exploit\u00e9 leur potentiel sans les envahir ni les contaminer. <\/p>\n\n\n\n<p>Dans les beaux endroits, nous \u00e9tions g\u00e9n\u00e9ralement plus habitu\u00e9s \u00e0 mettre un h\u00f4tel ou une maison et \u00e0 envahir l\u2019espace. Mais dans cette s\u00e9rie, <strong>il s\u2019agit de profiter au maximum de la nature elle-m\u00eame,<\/strong> des vagues, des montagnes, de la neige, en pratiquant diff\u00e9rents types de sports. <\/p>\n\n\n\n<p><strong>Comment vous pr\u00e9parez-vous mentalement avant d\u2019affronter les vagues&nbsp;?<\/strong><\/p>\n\n\n\n<p>Lors d\u2019une journ\u00e9e normale, il s\u2019agit de m\u2019\u00e9chapper un peu de la routine, du t\u00e9l\u00e9phone ou de la chaise. C\u2019est quelque chose qui me fait me sentir bien au quotidien. <\/p>\n\n\n\n<p>Mais si c\u2019est une grosse vague ou une journ\u00e9e de houle, <strong>il y a une pr\u00e9paration mentale&nbsp;:<\/strong> bien \u00e9valuer la situation, quel est le risque que je cours et si j\u2019ai les capacit\u00e9s suffisantes pour ce type de brisants ou de vagues. Aussi si je connais bien l\u2019endroit et si je suis avec les bonnes personnes ou le bon \u00e9quipement. <\/p>\n\n\n\n<p>D\u00e9j\u00e0 dans la mer, comme je suis une athl\u00e8te, je ne sais pas tr\u00e8s bien mesurer les d\u00e9cisions<strong>. Souvent, l\u2019adr\u00e9naline me prend une fois que je suis d\u00e9j\u00e0 dans l\u2019eau, <\/strong>et je veux prendre la plus grosse vague ou prendre de plus en plus de risques. Et c\u2019est pourquoi, ce qui m\u2019a le plus servi, c\u2019est de tout mesurer avant d\u2019entrer dans la mer.  <strong>Parce que d\u00e9j\u00e0 dans la mer, c\u2019est comme s\u2019il n\u2019y avait pas de limites.<\/strong><\/p>\n\n\n\n<p><strong>Qu\u2019est-ce qui diff\u00e9rencie Arica des autres plages pour le surf&nbsp;?<\/strong><\/p>\n\n\n\n<p><strong>Arica est un paradis, car nous avons diff\u00e9rents types de brisants.<\/strong>  D\u2019une part, nous avons un beach break comme Las Machas, o\u00f9 du d\u00e9butant au professionnel peut profiter de la plage. Nous avons \u00e9galement des vagues pour les niveaux interm\u00e9diaires dans l\u2019<strong>Ex-Isla del Alacr\u00e1n. <\/strong>Et pour les avanc\u00e9s, nous avons <strong>El Gringo,<\/strong> qui est un brisant tubulaire. <\/p>\n\n\n\n<p>La pratique des tubes n\u00e9cessite beaucoup de connaissances, de brisants, de mar\u00e9es et de technique, il y a donc tout pour passer au niveau sup\u00e9rieur. <strong>Et puis nous avons El Buey, qui peut atteindre 12&nbsp;m\u00e8tres. <\/strong><\/p>\n\n\n\n<p><a href=\"https:\/\/chile.travel\/blog\/surf-en-chile-7-destinos-con-olas-perfectas\/\" target=\"_blank\" rel=\"noreferrer noopener\">Dans sa culture du surf, le Chili se distingue par sa mer de grandes vagues<\/a>. Il y a beaucoup de r\u00e9f\u00e9rences chiliennes qui nous ont amen\u00e9s au niveau international, car ils ont attrap\u00e9 d\u2019\u00e9normes vagues, comme Ram\u00f3n (Navarro) ou comme (Cristian) Merello. <\/p>\n\n\n\n<p>Et nous avons El Rancio, le secteur d\u2019Arenillas Negras, <strong>qui est occup\u00e9 par les bodyboard,<\/strong> o\u00f9 Arica se distingue \u00e9galement beaucoup au niveau international. Donc, je pense que toute cette vari\u00e9t\u00e9 de vagues <strong>devrait davantage faire partie de notre tourisme, de notre culture et de notre \u00e9ducation.<\/strong> <\/p>\n\n\n\n<p><strong>Que diriez-vous \u00e0 ceux qui veulent faire du surf&nbsp;?<\/strong><\/p>\n\n\n\n<p><a href=\"https:\/\/chile.travel\/fr\/paysages\/plage\/\" target=\"_blank\" rel=\"noreferrer noopener\">Nous sommes dans l\u2019oc\u00e9an Pacifique<\/a>, l\u2019une des mers les plus fortes qui existent au monde, et au Chili, plusieurs plages sont tr\u00e8s expos\u00e9es.<\/p>\n\n\n\n<p>\u00c0 ceux qui ont peur, que ce soit \u00e0 cause de ce qu\u2019ils croient qu\u2019il peut arriver ou parce qu\u2019ils ne savent pas comment contr\u00f4ler les situations, <strong>je dirais que le surf aide \u00e0 contr\u00f4ler cela.<\/strong> \u00c0 apprendre des brisants, des courants, dans quels endroits je peux me baigner, dans lesquels je peux surfer ou comment sortir un baigneur de la mer.<\/p>\n\n\n\n<p>Aussi comment \u00e9duquer la famille. Par exemple, aux personnes qui ont des enfants et des neveux<strong>, comment leur enseigner d\u00e8s leur plus jeune \u00e2ge que nous sommes dans une ville c\u00f4ti\u00e8re. <\/strong>Il est si important que cela devrait m\u00eame \u00eatre enseign\u00e9 dans les \u00e9coles, au moins conna\u00eetre les courants. <\/p>\n\n\n\n<p><strong>Comment pourrions-nous progresser dans l\u2019inclusion des femmes dans le sport&nbsp;?<\/strong><\/p>\n\n\n\n<p>Aux Panam\u00e9ricains, nous avons r\u00e9alis\u00e9 la qualit\u00e9 des <a href=\"https:\/\/chile.travel\/blog\/recorre-las-vinas-de-chile-durante-los-juegos-panamericanos-2023\/\" target=\"_blank\" rel=\"noreferrer noopener\">athl\u00e8tes<\/a>que nous avons au Chili. Pour une fille, il est inspirant de voir qu\u2019une femme a bien r\u00e9ussi, alors je pense que cela motive beaucoup de femmes \u00e0 pratiquer un sport.<\/p>\n\n\n\n<p><strong>Et je pense qu\u2019il est super important que cela soit encourag\u00e9 dans les \u00e9coles. <\/strong>Si nous faisons une analyse simple des pays d\u00e9velopp\u00e9s, je pense que <strong>le d\u00e9veloppement g\u00e9n\u00e9ral va de pair avec le d\u00e9veloppement du sport. <\/strong>Mettre plus d\u2019accent sur le sport et le m\u00e9langer \u00e0 l\u2019\u00e9ducation nous donnera une meilleure qualit\u00e9 de soci\u00e9t\u00e9.<\/p>\n\n\n\n<p><strong>Comment s\u2019est pass\u00e9 l\u2019enregistrement d\u2019Extremas&nbsp;?<\/strong><\/p>\n\n\n\n<p>Je me suis sentie tr\u00e8s \u00e0 l\u2019aise. J\u2019aime faire ce type de projets et montrer ma ville. <strong>Arica a un potentiel \u00e9norme<\/strong>, mais cela, je le sais, moi qui vis ici, et je sens que tr\u00e8s peu de gens, m\u00eame dans la m\u00eame ville, le savent. <\/p>\n\n\n\n<p>Ce n\u2019est que r\u00e9cemment que l\u2019on discute des <a href=\"https:\/\/chile.travel\/fr\/attractions\/momies-chinchorro\/\" target=\"_blank\" rel=\"noreferrer noopener\">momies chinchorro<\/a> ou des Cuevas de Anzota. M\u00eame pas beaucoup de gens savent ce qu\u2019est la cath\u00e9drale San Marcos, qui a \u00e9t\u00e9 con\u00e7ue par Eiffel et qu\u2019il y a des gens d\u2019Europe qui viennent la voir.<\/p>\n\n\n\n<p>J\u2019aimerais qu\u2019\u00e0 part l\u2019agronomie, <strong>\u00e0 Arica, la principale ressource \u00e9conomique soit le tourisme. <\/strong>Nous avons encore beaucoup \u00e0 exploiter.<\/p>\n\n\n\n<p><a href=\"https:\/\/youtu.be\/4UKpcvaJ9aQ\">Regardez l\u2019\u00e9pisode complet sur Youtube<\/a><\/p>\n\n\n\n<p><iframe loading=\"lazy\" src=\"https:\/\/www.youtube.com\/embed\/4UKpcvaJ9aQ?si=3FOLFQub2s0TKkAZ\" width=\"560\" height=\"315\" frameborder=\"0\" allowfullscreen=\"allowfullscreen\"><\/iframe><\/p>\n","protected":false},"excerpt":{"rendered":"<p>Vedette de la s\u00e9rie Extremas, la championne Lorena Fica a soulign\u00e9 qu\u2019Arica poss\u00e8de des plages parfaites pour le surf.<\/p>\n","protected":false},"author":12,"featured_media":91726,"comment_status":"closed","ping_status":"closed","sticky":false,"template":"","format":"standard","meta":{"_acf_changed":false,"inline_featured_image":false,"powered_cache_disable_cache":false,"powered_cache_disable_lazyload":false,"powered_cache_disable_js_optimization":false,"footnotes":""},"categories":[2941,2771],"tags":[3042,3043,2774],"actividad":[2586,2639],"destacado":[],"paisaje":[2578],"region":[2593],"zona":[2573],"class_list":["post-91725","post","type-post","status-publish","format-standard","has-post-thumbnail","hentry","category-journal-de-voyage","category-blog","tag-extremas","tag-lorena-fica","tag-arica","actividad-aventure-et-sport","actividad-plus-daventure","paisaje-plage","region-arica-et-parinacota","zona-desert-atacama-et-altiplano"],"acf":[],"yoast_head":"<!-- This site is optimized with the Yoast SEO plugin v27.4 - https:\/\/yoast.com\/product\/yoast-seo-wordpress\/ -->\n<title>Lorena Fica dans Extremas\u00a0: \u00ab\u00a0Arica a un potentiel \u00e9norme\u00a0\u00bb<\/title>\n<meta name=\"description\" content=\"Vedette de la s\u00e9rie Extremas, la championne Lorena Fica a soulign\u00e9 qu\u2019Arica poss\u00e8de des plages parfaites pour le surf.\" \/>\n<meta name=\"robots\" content=\"index, follow, max-snippet:-1, max-image-preview:large, max-video-preview:-1\" \/>\n<link rel=\"canonical\" href=\"https:\/\/chile.travel\/fr\/blog\/lorena-fica-championne-de-surf-a-plusieurs-reprises-arica-a-un-potentiel-enorme\/\" \/>\n<meta property=\"og:locale\" content=\"fr_FR\" \/>\n<meta property=\"og:type\" content=\"article\" \/>\n<meta property=\"og:title\" content=\"Lorena Fica dans Extremas\u00a0: \u00ab\u00a0Arica a un potentiel \u00e9norme\u00a0\u00bb\" \/>\n<meta property=\"og:description\" content=\"Vedette de la s\u00e9rie Extremas, la championne Lorena Fica a soulign\u00e9 qu\u2019Arica poss\u00e8de des plages parfaites pour le surf.\" \/>\n<meta property=\"og:url\" content=\"https:\/\/chile.travel\/fr\/blog\/lorena-fica-championne-de-surf-a-plusieurs-reprises-arica-a-un-potentiel-enorme\/\" \/>\n<meta property=\"og:site_name\" content=\"Chile Travel\" \/>\n<meta property=\"article:published_time\" content=\"2024-02-14T16:02:00+00:00\" \/>\n<meta property=\"article:modified_time\" content=\"2026-01-20T15:52:09+00:00\" \/>\n<meta property=\"og:image\" content=\"https:\/\/chile.travel\/wp-content\/uploads\/2024\/10\/1983756e-lorena-fica.jpg\" \/>\n\t<meta property=\"og:image:width\" content=\"1920\" \/>\n\t<meta property=\"og:image:height\" content=\"1080\" \/>\n\t<meta property=\"og:image:type\" content=\"image\/jpeg\" \/>\n<meta name=\"author\" content=\"Hernan Claro\" \/>\n<meta name=\"twitter:card\" content=\"summary_large_image\" \/>\n<meta name=\"twitter:label1\" content=\"\u00c9crit par\" \/>\n\t<meta name=\"twitter:data1\" content=\"Hernan Claro\" \/>\n\t<meta name=\"twitter:label2\" content=\"Dur\u00e9e de lecture estim\u00e9e\" \/>\n\t<meta name=\"twitter:data2\" content=\"5 minutes\" \/>\n<script type=\"application\/ld+json\" class=\"yoast-schema-graph\">{\"@context\":\"https:\\\/\\\/schema.org\",\"@graph\":[{\"@type\":\"Article\",\"@id\":\"https:\\\/\\\/chile.travel\\\/fr\\\/blog\\\/lorena-fica-championne-de-surf-a-plusieurs-reprises-arica-a-un-potentiel-enorme\\\/#article\",\"isPartOf\":{\"@id\":\"https:\\\/\\\/chile.travel\\\/fr\\\/blog\\\/lorena-fica-championne-de-surf-a-plusieurs-reprises-arica-a-un-potentiel-enorme\\\/\"},\"author\":{\"name\":\"Hernan Claro\",\"@id\":\"https:\\\/\\\/stg.chile.travel\\\/fr\\\/#\\\/schema\\\/person\\\/b23fcf822acc3d71261e32defe64dd14\"},\"headline\":\"Lorena Fica, championne de surf \u00e0 plusieurs reprises&nbsp;: \u00ab&nbsp;Arica a un potentiel \u00e9norme&nbsp;\u00bb\",\"datePublished\":\"2024-02-14T16:02:00+00:00\",\"dateModified\":\"2026-01-20T15:52:09+00:00\",\"mainEntityOfPage\":{\"@id\":\"https:\\\/\\\/chile.travel\\\/fr\\\/blog\\\/lorena-fica-championne-de-surf-a-plusieurs-reprises-arica-a-un-potentiel-enorme\\\/\"},\"wordCount\":1104,\"publisher\":{\"@id\":\"https:\\\/\\\/stg.chile.travel\\\/fr\\\/#organization\"},\"image\":{\"@id\":\"https:\\\/\\\/chile.travel\\\/fr\\\/blog\\\/lorena-fica-championne-de-surf-a-plusieurs-reprises-arica-a-un-potentiel-enorme\\\/#primaryimage\"},\"thumbnailUrl\":\"https:\\\/\\\/chile.travel\\\/wp-content\\\/uploads\\\/2024\\\/10\\\/1983756e-lorena-fica.jpg\",\"keywords\":[\"Extremas\",\"Lorena Fica\",\"Arica\"],\"articleSection\":[\"Journal de voyage\",\"Blog\"],\"inLanguage\":\"fr-FR\"},{\"@type\":\"WebPage\",\"@id\":\"https:\\\/\\\/chile.travel\\\/fr\\\/blog\\\/lorena-fica-championne-de-surf-a-plusieurs-reprises-arica-a-un-potentiel-enorme\\\/\",\"url\":\"https:\\\/\\\/chile.travel\\\/fr\\\/blog\\\/lorena-fica-championne-de-surf-a-plusieurs-reprises-arica-a-un-potentiel-enorme\\\/\",\"name\":\"Lorena Fica dans Extremas\u00a0: \u00ab\u00a0Arica a un potentiel \u00e9norme\u00a0\u00bb\",\"isPartOf\":{\"@id\":\"https:\\\/\\\/stg.chile.travel\\\/fr\\\/#website\"},\"primaryImageOfPage\":{\"@id\":\"https:\\\/\\\/chile.travel\\\/fr\\\/blog\\\/lorena-fica-championne-de-surf-a-plusieurs-reprises-arica-a-un-potentiel-enorme\\\/#primaryimage\"},\"image\":{\"@id\":\"https:\\\/\\\/chile.travel\\\/fr\\\/blog\\\/lorena-fica-championne-de-surf-a-plusieurs-reprises-arica-a-un-potentiel-enorme\\\/#primaryimage\"},\"thumbnailUrl\":\"https:\\\/\\\/chile.travel\\\/wp-content\\\/uploads\\\/2024\\\/10\\\/1983756e-lorena-fica.jpg\",\"datePublished\":\"2024-02-14T16:02:00+00:00\",\"dateModified\":\"2026-01-20T15:52:09+00:00\",\"description\":\"Vedette de la s\u00e9rie Extremas, la championne Lorena Fica a soulign\u00e9 qu\u2019Arica poss\u00e8de des plages parfaites pour le surf.\",\"breadcrumb\":{\"@id\":\"https:\\\/\\\/chile.travel\\\/fr\\\/blog\\\/lorena-fica-championne-de-surf-a-plusieurs-reprises-arica-a-un-potentiel-enorme\\\/#breadcrumb\"},\"inLanguage\":\"fr-FR\",\"potentialAction\":[{\"@type\":\"ReadAction\",\"target\":[\"https:\\\/\\\/chile.travel\\\/fr\\\/blog\\\/lorena-fica-championne-de-surf-a-plusieurs-reprises-arica-a-un-potentiel-enorme\\\/\"]}]},{\"@type\":\"ImageObject\",\"inLanguage\":\"fr-FR\",\"@id\":\"https:\\\/\\\/chile.travel\\\/fr\\\/blog\\\/lorena-fica-championne-de-surf-a-plusieurs-reprises-arica-a-un-potentiel-enorme\\\/#primaryimage\",\"url\":\"https:\\\/\\\/chile.travel\\\/wp-content\\\/uploads\\\/2024\\\/10\\\/1983756e-lorena-fica.jpg\",\"contentUrl\":\"https:\\\/\\\/chile.travel\\\/wp-content\\\/uploads\\\/2024\\\/10\\\/1983756e-lorena-fica.jpg\",\"width\":1920,\"height\":1080},{\"@type\":\"BreadcrumbList\",\"@id\":\"https:\\\/\\\/chile.travel\\\/fr\\\/blog\\\/lorena-fica-championne-de-surf-a-plusieurs-reprises-arica-a-un-potentiel-enorme\\\/#breadcrumb\",\"itemListElement\":[{\"@type\":\"ListItem\",\"position\":1,\"name\":\"Portada\",\"item\":\"https:\\\/\\\/stg.chile.travel\\\/fr\\\/\"},{\"@type\":\"ListItem\",\"position\":2,\"name\":\"Lorena Fica, championne de surf \u00e0 plusieurs reprises&nbsp;: \u00ab&nbsp;Arica a un potentiel \u00e9norme&nbsp;\u00bb\"}]},{\"@type\":\"WebSite\",\"@id\":\"https:\\\/\\\/stg.chile.travel\\\/fr\\\/#website\",\"url\":\"https:\\\/\\\/stg.chile.travel\\\/fr\\\/\",\"name\":\"Chile Travel\",\"description\":\"\",\"publisher\":{\"@id\":\"https:\\\/\\\/stg.chile.travel\\\/fr\\\/#organization\"},\"potentialAction\":[{\"@type\":\"SearchAction\",\"target\":{\"@type\":\"EntryPoint\",\"urlTemplate\":\"https:\\\/\\\/stg.chile.travel\\\/fr\\\/?s={search_term_string}\"},\"query-input\":{\"@type\":\"PropertyValueSpecification\",\"valueRequired\":true,\"valueName\":\"search_term_string\"}}],\"inLanguage\":\"fr-FR\"},{\"@type\":\"Organization\",\"@id\":\"https:\\\/\\\/stg.chile.travel\\\/fr\\\/#organization\",\"name\":\"Chile Travel\",\"url\":\"https:\\\/\\\/stg.chile.travel\\\/fr\\\/\",\"logo\":{\"@type\":\"ImageObject\",\"inLanguage\":\"fr-FR\",\"@id\":\"https:\\\/\\\/stg.chile.travel\\\/fr\\\/#\\\/schema\\\/logo\\\/image\\\/\",\"url\":\"https:\\\/\\\/chile.travel\\\/wp-content\\\/uploads\\\/2025\\\/12\\\/84152706-logo-travel.svg\",\"contentUrl\":\"https:\\\/\\\/chile.travel\\\/wp-content\\\/uploads\\\/2025\\\/12\\\/84152706-logo-travel.svg\",\"width\":189,\"height\":225,\"caption\":\"Chile Travel\"},\"image\":{\"@id\":\"https:\\\/\\\/stg.chile.travel\\\/fr\\\/#\\\/schema\\\/logo\\\/image\\\/\"}},{\"@type\":\"Person\",\"@id\":\"https:\\\/\\\/stg.chile.travel\\\/fr\\\/#\\\/schema\\\/person\\\/b23fcf822acc3d71261e32defe64dd14\",\"name\":\"Hernan Claro\",\"image\":{\"@type\":\"ImageObject\",\"inLanguage\":\"fr-FR\",\"@id\":\"https:\\\/\\\/secure.gravatar.com\\\/avatar\\\/d37398fde8a90031b777a6517db2c2895d6e6a2b3edd4dce1b9e70eaf6c524ca?s=96&d=mm&r=g\",\"url\":\"https:\\\/\\\/secure.gravatar.com\\\/avatar\\\/d37398fde8a90031b777a6517db2c2895d6e6a2b3edd4dce1b9e70eaf6c524ca?s=96&d=mm&r=g\",\"contentUrl\":\"https:\\\/\\\/secure.gravatar.com\\\/avatar\\\/d37398fde8a90031b777a6517db2c2895d6e6a2b3edd4dce1b9e70eaf6c524ca?s=96&d=mm&r=g\",\"caption\":\"Hernan Claro\"},\"url\":\"https:\\\/\\\/chile.travel\\\/fr\\\/blog\\\/author\\\/hclaro\\\/\"}]}<\/script>\n<!-- \/ Yoast SEO plugin. -->","yoast_head_json":{"title":"Lorena Fica dans Extremas\u00a0: \u00ab\u00a0Arica a un potentiel \u00e9norme\u00a0\u00bb","description":"Vedette de la s\u00e9rie Extremas, la championne Lorena Fica a soulign\u00e9 qu\u2019Arica poss\u00e8de des plages parfaites pour le surf.","robots":{"index":"index","follow":"follow","max-snippet":"max-snippet:-1","max-image-preview":"max-image-preview:large","max-video-preview":"max-video-preview:-1"},"canonical":"https:\/\/chile.travel\/fr\/blog\/lorena-fica-championne-de-surf-a-plusieurs-reprises-arica-a-un-potentiel-enorme\/","og_locale":"fr_FR","og_type":"article","og_title":"Lorena Fica dans Extremas\u00a0: \u00ab\u00a0Arica a un potentiel \u00e9norme\u00a0\u00bb","og_description":"Vedette de la s\u00e9rie Extremas, la championne Lorena Fica a soulign\u00e9 qu\u2019Arica poss\u00e8de des plages parfaites pour le surf.","og_url":"https:\/\/chile.travel\/fr\/blog\/lorena-fica-championne-de-surf-a-plusieurs-reprises-arica-a-un-potentiel-enorme\/","og_site_name":"Chile Travel","article_published_time":"2024-02-14T16:02:00+00:00","article_modified_time":"2026-01-20T15:52:09+00:00","og_image":[{"width":1920,"height":1080,"url":"https:\/\/chile.travel\/wp-content\/uploads\/2024\/10\/1983756e-lorena-fica.jpg","type":"image\/jpeg"}],"author":"Hernan Claro","twitter_card":"summary_large_image","twitter_misc":{"\u00c9crit par":"Hernan Claro","Dur\u00e9e de lecture estim\u00e9e":"5 minutes"},"schema":{"@context":"https:\/\/schema.org","@graph":[{"@type":"Article","@id":"https:\/\/chile.travel\/fr\/blog\/lorena-fica-championne-de-surf-a-plusieurs-reprises-arica-a-un-potentiel-enorme\/#article","isPartOf":{"@id":"https:\/\/chile.travel\/fr\/blog\/lorena-fica-championne-de-surf-a-plusieurs-reprises-arica-a-un-potentiel-enorme\/"},"author":{"name":"Hernan Claro","@id":"https:\/\/stg.chile.travel\/fr\/#\/schema\/person\/b23fcf822acc3d71261e32defe64dd14"},"headline":"Lorena Fica, championne de surf \u00e0 plusieurs reprises&nbsp;: \u00ab&nbsp;Arica a un potentiel \u00e9norme&nbsp;\u00bb","datePublished":"2024-02-14T16:02:00+00:00","dateModified":"2026-01-20T15:52:09+00:00","mainEntityOfPage":{"@id":"https:\/\/chile.travel\/fr\/blog\/lorena-fica-championne-de-surf-a-plusieurs-reprises-arica-a-un-potentiel-enorme\/"},"wordCount":1104,"publisher":{"@id":"https:\/\/stg.chile.travel\/fr\/#organization"},"image":{"@id":"https:\/\/chile.travel\/fr\/blog\/lorena-fica-championne-de-surf-a-plusieurs-reprises-arica-a-un-potentiel-enorme\/#primaryimage"},"thumbnailUrl":"https:\/\/chile.travel\/wp-content\/uploads\/2024\/10\/1983756e-lorena-fica.jpg","keywords":["Extremas","Lorena Fica","Arica"],"articleSection":["Journal de voyage","Blog"],"inLanguage":"fr-FR"},{"@type":"WebPage","@id":"https:\/\/chile.travel\/fr\/blog\/lorena-fica-championne-de-surf-a-plusieurs-reprises-arica-a-un-potentiel-enorme\/","url":"https:\/\/chile.travel\/fr\/blog\/lorena-fica-championne-de-surf-a-plusieurs-reprises-arica-a-un-potentiel-enorme\/","name":"Lorena Fica dans Extremas\u00a0: \u00ab\u00a0Arica a un potentiel \u00e9norme\u00a0\u00bb","isPartOf":{"@id":"https:\/\/stg.chile.travel\/fr\/#website"},"primaryImageOfPage":{"@id":"https:\/\/chile.travel\/fr\/blog\/lorena-fica-championne-de-surf-a-plusieurs-reprises-arica-a-un-potentiel-enorme\/#primaryimage"},"image":{"@id":"https:\/\/chile.travel\/fr\/blog\/lorena-fica-championne-de-surf-a-plusieurs-reprises-arica-a-un-potentiel-enorme\/#primaryimage"},"thumbnailUrl":"https:\/\/chile.travel\/wp-content\/uploads\/2024\/10\/1983756e-lorena-fica.jpg","datePublished":"2024-02-14T16:02:00+00:00","dateModified":"2026-01-20T15:52:09+00:00","description":"Vedette de la s\u00e9rie Extremas, la championne Lorena Fica a soulign\u00e9 qu\u2019Arica poss\u00e8de des plages parfaites pour le surf.","breadcrumb":{"@id":"https:\/\/chile.travel\/fr\/blog\/lorena-fica-championne-de-surf-a-plusieurs-reprises-arica-a-un-potentiel-enorme\/#breadcrumb"},"inLanguage":"fr-FR","potentialAction":[{"@type":"ReadAction","target":["https:\/\/chile.travel\/fr\/blog\/lorena-fica-championne-de-surf-a-plusieurs-reprises-arica-a-un-potentiel-enorme\/"]}]},{"@type":"ImageObject","inLanguage":"fr-FR","@id":"https:\/\/chile.travel\/fr\/blog\/lorena-fica-championne-de-surf-a-plusieurs-reprises-arica-a-un-potentiel-enorme\/#primaryimage","url":"https:\/\/chile.travel\/wp-content\/uploads\/2024\/10\/1983756e-lorena-fica.jpg","contentUrl":"https:\/\/chile.travel\/wp-content\/uploads\/2024\/10\/1983756e-lorena-fica.jpg","width":1920,"height":1080},{"@type":"BreadcrumbList","@id":"https:\/\/chile.travel\/fr\/blog\/lorena-fica-championne-de-surf-a-plusieurs-reprises-arica-a-un-potentiel-enorme\/#breadcrumb","itemListElement":[{"@type":"ListItem","position":1,"name":"Portada","item":"https:\/\/stg.chile.travel\/fr\/"},{"@type":"ListItem","position":2,"name":"Lorena Fica, championne de surf \u00e0 plusieurs reprises&nbsp;: \u00ab&nbsp;Arica a un potentiel \u00e9norme&nbsp;\u00bb"}]},{"@type":"WebSite","@id":"https:\/\/stg.chile.travel\/fr\/#website","url":"https:\/\/stg.chile.travel\/fr\/","name":"Chile Travel","description":"","publisher":{"@id":"https:\/\/stg.chile.travel\/fr\/#organization"},"potentialAction":[{"@type":"SearchAction","target":{"@type":"EntryPoint","urlTemplate":"https:\/\/stg.chile.travel\/fr\/?s={search_term_string}"},"query-input":{"@type":"PropertyValueSpecification","valueRequired":true,"valueName":"search_term_string"}}],"inLanguage":"fr-FR"},{"@type":"Organization","@id":"https:\/\/stg.chile.travel\/fr\/#organization","name":"Chile Travel","url":"https:\/\/stg.chile.travel\/fr\/","logo":{"@type":"ImageObject","inLanguage":"fr-FR","@id":"https:\/\/stg.chile.travel\/fr\/#\/schema\/logo\/image\/","url":"https:\/\/chile.travel\/wp-content\/uploads\/2025\/12\/84152706-logo-travel.svg","contentUrl":"https:\/\/chile.travel\/wp-content\/uploads\/2025\/12\/84152706-logo-travel.svg","width":189,"height":225,"caption":"Chile Travel"},"image":{"@id":"https:\/\/stg.chile.travel\/fr\/#\/schema\/logo\/image\/"}},{"@type":"Person","@id":"https:\/\/stg.chile.travel\/fr\/#\/schema\/person\/b23fcf822acc3d71261e32defe64dd14","name":"Hernan Claro","image":{"@type":"ImageObject","inLanguage":"fr-FR","@id":"https:\/\/secure.gravatar.com\/avatar\/d37398fde8a90031b777a6517db2c2895d6e6a2b3edd4dce1b9e70eaf6c524ca?s=96&d=mm&r=g","url":"https:\/\/secure.gravatar.com\/avatar\/d37398fde8a90031b777a6517db2c2895d6e6a2b3edd4dce1b9e70eaf6c524ca?s=96&d=mm&r=g","contentUrl":"https:\/\/secure.gravatar.com\/avatar\/d37398fde8a90031b777a6517db2c2895d6e6a2b3edd4dce1b9e70eaf6c524ca?s=96&d=mm&r=g","caption":"Hernan Claro"},"url":"https:\/\/chile.travel\/fr\/blog\/author\/hclaro\/"}]}},"_links":{"self":[{"href":"https:\/\/chile.travel\/fr\/wp-json\/wp\/v2\/posts\/91725","targetHints":{"allow":["GET"]}}],"collection":[{"href":"https:\/\/chile.travel\/fr\/wp-json\/wp\/v2\/posts"}],"about":[{"href":"https:\/\/chile.travel\/fr\/wp-json\/wp\/v2\/types\/post"}],"author":[{"embeddable":true,"href":"https:\/\/chile.travel\/fr\/wp-json\/wp\/v2\/users\/12"}],"replies":[{"embeddable":true,"href":"https:\/\/chile.travel\/fr\/wp-json\/wp\/v2\/comments?post=91725"}],"version-history":[{"count":3,"href":"https:\/\/chile.travel\/fr\/wp-json\/wp\/v2\/posts\/91725\/revisions"}],"predecessor-version":[{"id":92235,"href":"https:\/\/chile.travel\/fr\/wp-json\/wp\/v2\/posts\/91725\/revisions\/92235"}],"wp:featuredmedia":[{"embeddable":true,"href":"https:\/\/chile.travel\/fr\/wp-json\/wp\/v2\/media\/91726"}],"wp:attachment":[{"href":"https:\/\/chile.travel\/fr\/wp-json\/wp\/v2\/media?parent=91725"}],"wp:term":[{"taxonomy":"category","embeddable":true,"href":"https:\/\/chile.travel\/fr\/wp-json\/wp\/v2\/categories?post=91725"},{"taxonomy":"post_tag","embeddable":true,"href":"https:\/\/chile.travel\/fr\/wp-json\/wp\/v2\/tags?post=91725"},{"taxonomy":"actividad","embeddable":true,"href":"https:\/\/chile.travel\/fr\/wp-json\/wp\/v2\/actividad?post=91725"},{"taxonomy":"destacado","embeddable":true,"href":"https:\/\/chile.travel\/fr\/wp-json\/wp\/v2\/destacado?post=91725"},{"taxonomy":"paisaje","embeddable":true,"href":"https:\/\/chile.travel\/fr\/wp-json\/wp\/v2\/paisaje?post=91725"},{"taxonomy":"region","embeddable":true,"href":"https:\/\/chile.travel\/fr\/wp-json\/wp\/v2\/region?post=91725"},{"taxonomy":"zona","embeddable":true,"href":"https:\/\/chile.travel\/fr\/wp-json\/wp\/v2\/zona?post=91725"}],"curies":[{"name":"wp","href":"https:\/\/api.w.org\/{rel}","templated":true}]}}