






{"id":91722,"date":"2024-02-14T12:25:29","date_gmt":"2024-02-14T15:25:29","guid":{"rendered":"https:\/\/chile.travel\/blog\/barbara-hernandez-la-sirene-de-glace-les-gens-vont-prendre-soin-de-ce-quils-ressentent-comme-proche\/"},"modified":"2026-01-20T12:58:54","modified_gmt":"2026-01-20T15:58:54","slug":"barbara-hernandez-la-sirene-de-glace-les-gens-vont-prendre-soin-de-ce-quils-ressentent-comme-proche","status":"publish","type":"post","link":"https:\/\/chile.travel\/fr\/blog\/barbara-hernandez-la-sirene-de-glace-les-gens-vont-prendre-soin-de-ce-quils-ressentent-comme-proche\/","title":{"rendered":"B\u00e1rbara Hern\u00e1ndez, la \u00ab&nbsp;Sir\u00e8ne de glace&nbsp;\u00bb&nbsp;: \u00ab&nbsp;Les gens vont prendre soin de ce qu\u2019ils ressentent comme proche&nbsp;\u00bb"},"content":{"rendered":"\n<p><strong>B\u00e1rbara Hern\u00e1ndez, la \u00ab&nbsp;Sir\u00e8ne de glace&nbsp;\u00bb, a \u00e9t\u00e9 la protagoniste du premier \u00e9pisode d\u2019Extremas, notre web-s\u00e9rie o\u00f9 cinq femmes qui pratiquent des sports \u00e0 haut risque nous parlent de l\u2019effort et de l\u2019amour pour les zones extr\u00eames de notre pays. <\/strong><\/p>\n\n\n\n<p>B\u00e1rbara Hern\u00e1ndez a rempli le Chili de fiert\u00e9. <strong>Nageuse en eaux glac\u00e9es<\/strong>, la \u00ab&nbsp;Sir\u00e8ne de glace&nbsp;\u00bb a \u00e9t\u00e9 num\u00e9ro un au classement mondial de la discipline, a \u00e9t\u00e9 r\u00e9compens\u00e9e deux fois par le Record Guinness et, en 2023, a r\u00e9alis\u00e9 la plus longue nage enregistr\u00e9e en <a href=\"https:\/\/chile.travel\/fr\/zones\/patagonie-et-antarctique\/\" target=\"_blank\" rel=\"noreferrer noopener\">Antarctique<\/a>.<\/p>\n\n\n\n<p>Alors qu\u2019elle se pr\u00e9pare \u00e0 r\u00e9aliser son r\u00eave de nager dans les sept oc\u00e9ans, B\u00e1rbara Hern\u00e1ndez a particip\u00e9 \u00e0 la web-s\u00e9rie de <a href=\"https:\/\/chile.travel\/fr\/\">Chile Travel<\/a> Extremas, o\u00f9 elle est retourn\u00e9e \u00e0 la Laguna San Rafael, dans la r\u00e9gion d\u2019Ays\u00e9n. Dans cette interview, elle nous a parl\u00e9 de son exp\u00e9rience lors du tournage de l\u2019\u00e9pisode et <strong>a soulign\u00e9 l\u2019importance de se connecter avec ses origines pour prendre soin de la nature.<\/strong> <\/p>\n\n\n\n<p>Extremas est la nouvelle web-s\u00e9rie de Chile Travel, o\u00f9 des sportives chiliennes racontent leurs histoires d\u2019efforts apr\u00e8s d\u2019importantes r\u00e9alisations dans des disciplines sportives et comment elles se connectent avec certaines destinations et territoires du Chili.<\/p>\n\n\n\n<p><strong>Qu\u2019avez-vous ressenti en retournant \u00e0 la Laguna San Rafael&nbsp;?<\/strong><\/p>\n\n\n\n<p>Revenir \u00e0 San Rafael (r\u00e9gion d\u2019Ays\u00e9n) <strong>a plusieurs significations pour moi.<\/strong> C\u2019\u00e9tait l\u2019un de mes premiers glaciers, et c\u2019est un endroit o\u00f9 j\u2019ai toujours beaucoup partag\u00e9 avec ma m\u00e8re. En fait, elle fait partie de mon \u00e9quipe et m\u2019a accompagn\u00e9e dans ces nages qui sont tr\u00e8s importantes. <\/p>\n\n\n\n<p>De plus, retourner dans les glaces juste apr\u00e8s l\u2019Antarctique a \u00e9t\u00e9 quelque chose de tr\u00e8s beau et de tr\u00e8s significatif. En fait, je dois mon surnom \u00e0 la r\u00e9gion d\u2019Ays\u00e9n, c\u2019est en nageant dans ces glaciers qu\u2019est n\u00e9e \u00ab&nbsp;la Sir\u00e8ne de glace&nbsp;\u00bb d\u2019une certaine mani\u00e8re. <\/p>\n\n\n\n<p>Le surnom est n\u00e9 vers 2015. Bien que ce soient les journalistes, avant je crois que (c\u2019est n\u00e9 de) les gens<strong>, en sachant qu\u2019il y avait une Chilienne qui nageait dans ces glaciers, faisant la route de la <\/strong><a href=\"https:\/\/chile.travel\/fr\/destinations\/carretera-austral\/\" target=\"_blank\" rel=\"noreferrer noopener\"><strong>Carretera Austral.<\/strong><\/a><\/p>\n\n\n\n<p><strong>Que peut attendre le public de cette web-s\u00e9rie&nbsp;?<\/strong><\/p>\n\n\n\n<p><strong>Le public va rencontrer des histoires de femmes qui vibrent<\/strong>, qui aiment, non seulement ce que signifie le Chili pour chacune d\u2019entre nous, mais aussi comment ces lieux prennent vie. De l\u2019importance pour nous du th\u00e8me des racines et des origines, de la fa\u00e7on dont elles s\u2019entrelacent avec nos histoires vitales. <\/p>\n\n\n\n<p>Alors je crois qu\u2019ils vont aimer. <strong>Ils vont rencontrer beaucoup d\u2019\u00e9motion<\/strong>, avec un Chili qui nous invite \u00e0 en prendre soin, \u00e0 le prot\u00e9ger et \u00e0 le conna\u00eetre.<\/p>\n\n\n\n<p><strong>Cela peut-il aider \u00e0 sensibiliser davantage \u00e0 la nature&nbsp;?<\/strong><\/p>\n\n\n\n<p>Vous pouvez certainement g\u00e9n\u00e9rer une plus grande sensibilisation et un plus grand lien avec la nature. <strong>Les gens vont prendre soin de ce qu\u2019ils connaissent, de ce qu\u2019ils ressentent comme proche, <\/strong>de ce avec quoi ils parviennent \u00e0 s\u2019identifier. Pas seulement parce qu\u2019ils le visitent physiquement, mais aussi en se rendant compte que ce sont des endroits qui sont l\u00e0 et qui nous appartiennent \u00e0 tous. <\/p>\n\n\n\n<p><strong>Comment s\u2019est d\u00e9roul\u00e9 le tournage d\u2019Extremas&nbsp;?<\/strong><\/p>\n\n\n\n<p>Le tournage de l\u2019\u00e9pisode a \u00e9t\u00e9 spectaculaire, \u00eatre avec Dani (Rakos), avec Diego (Astorga), je les ai sentis tr\u00e8s en \u00e9quipe. Et (j\u2019appr\u00e9cie) qu\u2019ils aient compris les difficult\u00e9s de ce sport, <strong>ils ont \u00e9galement \u00e9t\u00e9 super empathiques avec la connexion que j\u2019ai avec cet endroit. <\/strong>  <\/p>\n\n\n\n<p>Nous sommes rest\u00e9s trois ou quatre jours. Nos amis de Laguna San Rafael nous ont \u00e9galement permis de camper et c\u2019\u00e9tait spectaculaire, voir le coucher de soleil, les lumi\u00e8res, tout ce qui est San Rafael, c\u2019\u00e9tait vraiment magique. <\/p>\n\n\n\n<p>Je tiens vraiment \u00e0 remercier l\u2019\u00e9quipe. <strong>Merci pour l\u2019opportunit\u00e9, pour le privil\u00e8ge de pouvoir partager mon histoire <\/strong>et aussi de continuer \u00e0 former cette communaut\u00e9 de personnes qui osent encore r\u00eaver en grand.<\/p>\n\n\n\n<p><strong>Que diriez-vous \u00e0 ceux qui veulent pratiquer la natation en eaux glac\u00e9es&nbsp;?<\/strong><\/p>\n\n\n\n<p><strong>Tout d\u2019abord, apprendre \u00e0 nager<\/strong>, c\u2019est tr\u00e8s important pour s\u2019approcher des eaux vives. \u00catre tr\u00e8s conscient de cela, que ce sont des eaux qui ont de la vie, qui ont des courants avec de la vie \u00e0 l\u2019int\u00e9rieur, et qu\u2019il y a un facteur comme le climat dont nous devons \u00eatre tr\u00e8s respectueux. <\/p>\n\n\n\n<p>Il faut aussi se rapprocher de ces communaut\u00e9s de nageurs en eau libre, qui sont pr\u00e9sentes dans tout le Chili. Notre mer est froide, c\u2019est donc une tr\u00e8s bonne \u00e9tape pour s\u2019approcher de ce sport extr\u00eame. <\/p>\n\n\n\n<p><strong>L\u2019objectif est d\u2019\u00eatre tr\u00e8s responsables <\/strong>et tr\u00e8s respectueux de la nature, mais aussi de sa propre vie et de la s\u00e9curit\u00e9.<\/p>\n\n\n\n<p><a href=\"https:\/\/youtu.be\/EPHw8MBS4mI\" target=\"_blank\" rel=\"noreferrer noopener\">Regardez l\u2019\u00e9pisode complet sur Youtube<\/a><\/p>\n\n\n\n<p><iframe loading=\"lazy\" src=\"https:\/\/www.youtube.com\/embed\/EPHw8MBS4mI?si=cIALbfiy0fG6ooO6\" width=\"560\" height=\"315\" frameborder=\"0\" allowfullscreen=\"allowfullscreen\"><\/iframe><\/p>\n","protected":false},"excerpt":{"rendered":"<p>La \u00ab&nbsp;Sir\u00e8ne de glace&nbsp;\u00bb a \u00e9t\u00e9 la protagoniste du premier \u00e9pisode d\u2019Extremas, notre web-s\u00e9rie o\u00f9 cinq femmes qui pratiquent des sports \u00e0 haut risque nous parlent de l\u2019effort et de l\u2019amour pour les zones extr\u00eames de notre pays.<\/p>\n","protected":false},"author":12,"featured_media":91723,"comment_status":"closed","ping_status":"closed","sticky":false,"template":"","format":"standard","meta":{"_acf_changed":false,"inline_featured_image":false,"powered_cache_disable_cache":false,"powered_cache_disable_lazyload":false,"powered_cache_disable_js_optimization":false,"footnotes":""},"categories":[2941],"tags":[],"actividad":[2639,2586],"destacado":[],"paisaje":[2602],"region":[2603],"zona":[2577],"class_list":["post-91722","post","type-post","status-publish","format-standard","has-post-thumbnail","hentry","category-journal-de-voyage","actividad-plus-daventure","actividad-aventure-et-sport","paisaje-antarctique","region-aysen","zona-patagonie-et-antarctique"],"acf":[],"yoast_head":"<!-- This site is optimized with the Yoast SEO plugin v27.5 - https:\/\/yoast.com\/product\/yoast-seo-wordpress\/ -->\n<title>Entretien avec B\u00e1rbara Hern\u00e1ndez, \u00ab\u00a0la Sir\u00e8ne de glace\u00a0\u00bb<\/title>\n<meta name=\"description\" content=\"B\u00e1rbara Hernandez a \u00e9t\u00e9 la protagoniste du premier \u00e9pisode d\u2019Extremas, une web-s\u00e9rie o\u00f9 cinq femmes sportives nous font d\u00e9couvrir le Chili.\" \/>\n<meta name=\"robots\" content=\"index, follow, max-snippet:-1, max-image-preview:large, max-video-preview:-1\" \/>\n<link rel=\"canonical\" href=\"https:\/\/chile.travel\/fr\/blog\/barbara-hernandez-la-sirene-de-glace-les-gens-vont-prendre-soin-de-ce-quils-ressentent-comme-proche\/\" \/>\n<meta property=\"og:locale\" content=\"fr_FR\" \/>\n<meta property=\"og:type\" content=\"article\" \/>\n<meta property=\"og:title\" content=\"Entretien avec B\u00e1rbara Hern\u00e1ndez, \u00ab\u00a0la Sir\u00e8ne de glace\u00a0\u00bb\" \/>\n<meta property=\"og:description\" content=\"B\u00e1rbara Hernandez a \u00e9t\u00e9 la protagoniste du premier \u00e9pisode d\u2019Extremas, une web-s\u00e9rie o\u00f9 cinq femmes sportives nous font d\u00e9couvrir le Chili.\" \/>\n<meta property=\"og:url\" content=\"https:\/\/chile.travel\/fr\/blog\/barbara-hernandez-la-sirene-de-glace-les-gens-vont-prendre-soin-de-ce-quils-ressentent-comme-proche\/\" \/>\n<meta property=\"og:site_name\" content=\"Chile Travel\" \/>\n<meta property=\"article:published_time\" content=\"2024-02-14T15:25:29+00:00\" \/>\n<meta property=\"article:modified_time\" content=\"2026-01-20T15:58:54+00:00\" \/>\n<meta property=\"og:image\" content=\"https:\/\/chile.travel\/wp-content\/uploads\/2024\/10\/62e98179-barbara-hernandez-scaled-1.jpg\" \/>\n\t<meta property=\"og:image:width\" content=\"1821\" \/>\n\t<meta property=\"og:image:height\" content=\"2560\" \/>\n\t<meta property=\"og:image:type\" content=\"image\/jpeg\" \/>\n<meta name=\"author\" content=\"Hernan Claro\" \/>\n<meta name=\"twitter:card\" content=\"summary_large_image\" \/>\n<meta name=\"twitter:label1\" content=\"\u00c9crit par\" \/>\n\t<meta name=\"twitter:data1\" content=\"Hernan Claro\" \/>\n\t<meta name=\"twitter:label2\" content=\"Dur\u00e9e de lecture estim\u00e9e\" \/>\n\t<meta name=\"twitter:data2\" content=\"4 minutes\" \/>\n<script type=\"application\/ld+json\" class=\"yoast-schema-graph\">{\"@context\":\"https:\\\/\\\/schema.org\",\"@graph\":[{\"@type\":\"Article\",\"@id\":\"https:\\\/\\\/chile.travel\\\/fr\\\/blog\\\/barbara-hernandez-la-sirene-de-glace-les-gens-vont-prendre-soin-de-ce-quils-ressentent-comme-proche\\\/#article\",\"isPartOf\":{\"@id\":\"https:\\\/\\\/chile.travel\\\/fr\\\/blog\\\/barbara-hernandez-la-sirene-de-glace-les-gens-vont-prendre-soin-de-ce-quils-ressentent-comme-proche\\\/\"},\"author\":{\"name\":\"Hernan Claro\",\"@id\":\"https:\\\/\\\/stg.chile.travel\\\/fr\\\/#\\\/schema\\\/person\\\/b23fcf822acc3d71261e32defe64dd14\"},\"headline\":\"B\u00e1rbara Hern\u00e1ndez, la \u00ab&nbsp;Sir\u00e8ne de glace&nbsp;\u00bb&nbsp;: \u00ab&nbsp;Les gens vont prendre soin de ce qu\u2019ils ressentent comme proche&nbsp;\u00bb\",\"datePublished\":\"2024-02-14T15:25:29+00:00\",\"dateModified\":\"2026-01-20T15:58:54+00:00\",\"mainEntityOfPage\":{\"@id\":\"https:\\\/\\\/chile.travel\\\/fr\\\/blog\\\/barbara-hernandez-la-sirene-de-glace-les-gens-vont-prendre-soin-de-ce-quils-ressentent-comme-proche\\\/\"},\"wordCount\":879,\"publisher\":{\"@id\":\"https:\\\/\\\/stg.chile.travel\\\/fr\\\/#organization\"},\"image\":{\"@id\":\"https:\\\/\\\/chile.travel\\\/fr\\\/blog\\\/barbara-hernandez-la-sirene-de-glace-les-gens-vont-prendre-soin-de-ce-quils-ressentent-comme-proche\\\/#primaryimage\"},\"thumbnailUrl\":\"https:\\\/\\\/chile.travel\\\/wp-content\\\/uploads\\\/2024\\\/10\\\/62e98179-barbara-hernandez-scaled-1.jpg\",\"articleSection\":[\"Journal de voyage\"],\"inLanguage\":\"fr-FR\"},{\"@type\":\"WebPage\",\"@id\":\"https:\\\/\\\/chile.travel\\\/fr\\\/blog\\\/barbara-hernandez-la-sirene-de-glace-les-gens-vont-prendre-soin-de-ce-quils-ressentent-comme-proche\\\/\",\"url\":\"https:\\\/\\\/chile.travel\\\/fr\\\/blog\\\/barbara-hernandez-la-sirene-de-glace-les-gens-vont-prendre-soin-de-ce-quils-ressentent-comme-proche\\\/\",\"name\":\"Entretien avec B\u00e1rbara Hern\u00e1ndez, \u00ab\u00a0la Sir\u00e8ne de glace\u00a0\u00bb\",\"isPartOf\":{\"@id\":\"https:\\\/\\\/stg.chile.travel\\\/fr\\\/#website\"},\"primaryImageOfPage\":{\"@id\":\"https:\\\/\\\/chile.travel\\\/fr\\\/blog\\\/barbara-hernandez-la-sirene-de-glace-les-gens-vont-prendre-soin-de-ce-quils-ressentent-comme-proche\\\/#primaryimage\"},\"image\":{\"@id\":\"https:\\\/\\\/chile.travel\\\/fr\\\/blog\\\/barbara-hernandez-la-sirene-de-glace-les-gens-vont-prendre-soin-de-ce-quils-ressentent-comme-proche\\\/#primaryimage\"},\"thumbnailUrl\":\"https:\\\/\\\/chile.travel\\\/wp-content\\\/uploads\\\/2024\\\/10\\\/62e98179-barbara-hernandez-scaled-1.jpg\",\"datePublished\":\"2024-02-14T15:25:29+00:00\",\"dateModified\":\"2026-01-20T15:58:54+00:00\",\"description\":\"B\u00e1rbara Hernandez a \u00e9t\u00e9 la protagoniste du premier \u00e9pisode d\u2019Extremas, une web-s\u00e9rie o\u00f9 cinq femmes sportives nous font d\u00e9couvrir le Chili.\",\"breadcrumb\":{\"@id\":\"https:\\\/\\\/chile.travel\\\/fr\\\/blog\\\/barbara-hernandez-la-sirene-de-glace-les-gens-vont-prendre-soin-de-ce-quils-ressentent-comme-proche\\\/#breadcrumb\"},\"inLanguage\":\"fr-FR\",\"potentialAction\":[{\"@type\":\"ReadAction\",\"target\":[\"https:\\\/\\\/chile.travel\\\/fr\\\/blog\\\/barbara-hernandez-la-sirene-de-glace-les-gens-vont-prendre-soin-de-ce-quils-ressentent-comme-proche\\\/\"]}]},{\"@type\":\"ImageObject\",\"inLanguage\":\"fr-FR\",\"@id\":\"https:\\\/\\\/chile.travel\\\/fr\\\/blog\\\/barbara-hernandez-la-sirene-de-glace-les-gens-vont-prendre-soin-de-ce-quils-ressentent-comme-proche\\\/#primaryimage\",\"url\":\"https:\\\/\\\/chile.travel\\\/wp-content\\\/uploads\\\/2024\\\/10\\\/62e98179-barbara-hernandez-scaled-1.jpg\",\"contentUrl\":\"https:\\\/\\\/chile.travel\\\/wp-content\\\/uploads\\\/2024\\\/10\\\/62e98179-barbara-hernandez-scaled-1.jpg\",\"width\":1821,\"height\":2560},{\"@type\":\"BreadcrumbList\",\"@id\":\"https:\\\/\\\/chile.travel\\\/fr\\\/blog\\\/barbara-hernandez-la-sirene-de-glace-les-gens-vont-prendre-soin-de-ce-quils-ressentent-comme-proche\\\/#breadcrumb\",\"itemListElement\":[{\"@type\":\"ListItem\",\"position\":1,\"name\":\"Portada\",\"item\":\"https:\\\/\\\/stg.chile.travel\\\/fr\\\/\"},{\"@type\":\"ListItem\",\"position\":2,\"name\":\"B\u00e1rbara Hern\u00e1ndez, la \u00ab&nbsp;Sir\u00e8ne de glace&nbsp;\u00bb&nbsp;: \u00ab&nbsp;Les gens vont prendre soin de ce qu\u2019ils ressentent comme proche&nbsp;\u00bb\"}]},{\"@type\":\"WebSite\",\"@id\":\"https:\\\/\\\/stg.chile.travel\\\/fr\\\/#website\",\"url\":\"https:\\\/\\\/stg.chile.travel\\\/fr\\\/\",\"name\":\"Chile Travel\",\"description\":\"\",\"publisher\":{\"@id\":\"https:\\\/\\\/stg.chile.travel\\\/fr\\\/#organization\"},\"potentialAction\":[{\"@type\":\"SearchAction\",\"target\":{\"@type\":\"EntryPoint\",\"urlTemplate\":\"https:\\\/\\\/stg.chile.travel\\\/fr\\\/?s={search_term_string}\"},\"query-input\":{\"@type\":\"PropertyValueSpecification\",\"valueRequired\":true,\"valueName\":\"search_term_string\"}}],\"inLanguage\":\"fr-FR\"},{\"@type\":\"Organization\",\"@id\":\"https:\\\/\\\/stg.chile.travel\\\/fr\\\/#organization\",\"name\":\"Chile Travel\",\"url\":\"https:\\\/\\\/stg.chile.travel\\\/fr\\\/\",\"logo\":{\"@type\":\"ImageObject\",\"inLanguage\":\"fr-FR\",\"@id\":\"https:\\\/\\\/stg.chile.travel\\\/fr\\\/#\\\/schema\\\/logo\\\/image\\\/\",\"url\":\"https:\\\/\\\/chile.travel\\\/wp-content\\\/uploads\\\/2025\\\/12\\\/84152706-logo-travel.svg\",\"contentUrl\":\"https:\\\/\\\/chile.travel\\\/wp-content\\\/uploads\\\/2025\\\/12\\\/84152706-logo-travel.svg\",\"width\":189,\"height\":225,\"caption\":\"Chile Travel\"},\"image\":{\"@id\":\"https:\\\/\\\/stg.chile.travel\\\/fr\\\/#\\\/schema\\\/logo\\\/image\\\/\"}},{\"@type\":\"Person\",\"@id\":\"https:\\\/\\\/stg.chile.travel\\\/fr\\\/#\\\/schema\\\/person\\\/b23fcf822acc3d71261e32defe64dd14\",\"name\":\"Hernan Claro\",\"image\":{\"@type\":\"ImageObject\",\"inLanguage\":\"fr-FR\",\"@id\":\"https:\\\/\\\/secure.gravatar.com\\\/avatar\\\/d37398fde8a90031b777a6517db2c2895d6e6a2b3edd4dce1b9e70eaf6c524ca?s=96&d=mm&r=g\",\"url\":\"https:\\\/\\\/secure.gravatar.com\\\/avatar\\\/d37398fde8a90031b777a6517db2c2895d6e6a2b3edd4dce1b9e70eaf6c524ca?s=96&d=mm&r=g\",\"contentUrl\":\"https:\\\/\\\/secure.gravatar.com\\\/avatar\\\/d37398fde8a90031b777a6517db2c2895d6e6a2b3edd4dce1b9e70eaf6c524ca?s=96&d=mm&r=g\",\"caption\":\"Hernan Claro\"},\"url\":\"https:\\\/\\\/chile.travel\\\/fr\\\/blog\\\/author\\\/hclaro\\\/\"}]}<\/script>\n<!-- \/ Yoast SEO plugin. -->","yoast_head_json":{"title":"Entretien avec B\u00e1rbara Hern\u00e1ndez, \u00ab\u00a0la Sir\u00e8ne de glace\u00a0\u00bb","description":"B\u00e1rbara Hernandez a \u00e9t\u00e9 la protagoniste du premier \u00e9pisode d\u2019Extremas, une web-s\u00e9rie o\u00f9 cinq femmes sportives nous font d\u00e9couvrir le Chili.","robots":{"index":"index","follow":"follow","max-snippet":"max-snippet:-1","max-image-preview":"max-image-preview:large","max-video-preview":"max-video-preview:-1"},"canonical":"https:\/\/chile.travel\/fr\/blog\/barbara-hernandez-la-sirene-de-glace-les-gens-vont-prendre-soin-de-ce-quils-ressentent-comme-proche\/","og_locale":"fr_FR","og_type":"article","og_title":"Entretien avec B\u00e1rbara Hern\u00e1ndez, \u00ab\u00a0la Sir\u00e8ne de glace\u00a0\u00bb","og_description":"B\u00e1rbara Hernandez a \u00e9t\u00e9 la protagoniste du premier \u00e9pisode d\u2019Extremas, une web-s\u00e9rie o\u00f9 cinq femmes sportives nous font d\u00e9couvrir le Chili.","og_url":"https:\/\/chile.travel\/fr\/blog\/barbara-hernandez-la-sirene-de-glace-les-gens-vont-prendre-soin-de-ce-quils-ressentent-comme-proche\/","og_site_name":"Chile Travel","article_published_time":"2024-02-14T15:25:29+00:00","article_modified_time":"2026-01-20T15:58:54+00:00","og_image":[{"width":1821,"height":2560,"url":"https:\/\/chile.travel\/wp-content\/uploads\/2024\/10\/62e98179-barbara-hernandez-scaled-1.jpg","type":"image\/jpeg"}],"author":"Hernan Claro","twitter_card":"summary_large_image","twitter_misc":{"\u00c9crit par":"Hernan Claro","Dur\u00e9e de lecture estim\u00e9e":"4 minutes"},"schema":{"@context":"https:\/\/schema.org","@graph":[{"@type":"Article","@id":"https:\/\/chile.travel\/fr\/blog\/barbara-hernandez-la-sirene-de-glace-les-gens-vont-prendre-soin-de-ce-quils-ressentent-comme-proche\/#article","isPartOf":{"@id":"https:\/\/chile.travel\/fr\/blog\/barbara-hernandez-la-sirene-de-glace-les-gens-vont-prendre-soin-de-ce-quils-ressentent-comme-proche\/"},"author":{"name":"Hernan Claro","@id":"https:\/\/stg.chile.travel\/fr\/#\/schema\/person\/b23fcf822acc3d71261e32defe64dd14"},"headline":"B\u00e1rbara Hern\u00e1ndez, la \u00ab&nbsp;Sir\u00e8ne de glace&nbsp;\u00bb&nbsp;: \u00ab&nbsp;Les gens vont prendre soin de ce qu\u2019ils ressentent comme proche&nbsp;\u00bb","datePublished":"2024-02-14T15:25:29+00:00","dateModified":"2026-01-20T15:58:54+00:00","mainEntityOfPage":{"@id":"https:\/\/chile.travel\/fr\/blog\/barbara-hernandez-la-sirene-de-glace-les-gens-vont-prendre-soin-de-ce-quils-ressentent-comme-proche\/"},"wordCount":879,"publisher":{"@id":"https:\/\/stg.chile.travel\/fr\/#organization"},"image":{"@id":"https:\/\/chile.travel\/fr\/blog\/barbara-hernandez-la-sirene-de-glace-les-gens-vont-prendre-soin-de-ce-quils-ressentent-comme-proche\/#primaryimage"},"thumbnailUrl":"https:\/\/chile.travel\/wp-content\/uploads\/2024\/10\/62e98179-barbara-hernandez-scaled-1.jpg","articleSection":["Journal de voyage"],"inLanguage":"fr-FR"},{"@type":"WebPage","@id":"https:\/\/chile.travel\/fr\/blog\/barbara-hernandez-la-sirene-de-glace-les-gens-vont-prendre-soin-de-ce-quils-ressentent-comme-proche\/","url":"https:\/\/chile.travel\/fr\/blog\/barbara-hernandez-la-sirene-de-glace-les-gens-vont-prendre-soin-de-ce-quils-ressentent-comme-proche\/","name":"Entretien avec B\u00e1rbara Hern\u00e1ndez, \u00ab\u00a0la Sir\u00e8ne de glace\u00a0\u00bb","isPartOf":{"@id":"https:\/\/stg.chile.travel\/fr\/#website"},"primaryImageOfPage":{"@id":"https:\/\/chile.travel\/fr\/blog\/barbara-hernandez-la-sirene-de-glace-les-gens-vont-prendre-soin-de-ce-quils-ressentent-comme-proche\/#primaryimage"},"image":{"@id":"https:\/\/chile.travel\/fr\/blog\/barbara-hernandez-la-sirene-de-glace-les-gens-vont-prendre-soin-de-ce-quils-ressentent-comme-proche\/#primaryimage"},"thumbnailUrl":"https:\/\/chile.travel\/wp-content\/uploads\/2024\/10\/62e98179-barbara-hernandez-scaled-1.jpg","datePublished":"2024-02-14T15:25:29+00:00","dateModified":"2026-01-20T15:58:54+00:00","description":"B\u00e1rbara Hernandez a \u00e9t\u00e9 la protagoniste du premier \u00e9pisode d\u2019Extremas, une web-s\u00e9rie o\u00f9 cinq femmes sportives nous font d\u00e9couvrir le Chili.","breadcrumb":{"@id":"https:\/\/chile.travel\/fr\/blog\/barbara-hernandez-la-sirene-de-glace-les-gens-vont-prendre-soin-de-ce-quils-ressentent-comme-proche\/#breadcrumb"},"inLanguage":"fr-FR","potentialAction":[{"@type":"ReadAction","target":["https:\/\/chile.travel\/fr\/blog\/barbara-hernandez-la-sirene-de-glace-les-gens-vont-prendre-soin-de-ce-quils-ressentent-comme-proche\/"]}]},{"@type":"ImageObject","inLanguage":"fr-FR","@id":"https:\/\/chile.travel\/fr\/blog\/barbara-hernandez-la-sirene-de-glace-les-gens-vont-prendre-soin-de-ce-quils-ressentent-comme-proche\/#primaryimage","url":"https:\/\/chile.travel\/wp-content\/uploads\/2024\/10\/62e98179-barbara-hernandez-scaled-1.jpg","contentUrl":"https:\/\/chile.travel\/wp-content\/uploads\/2024\/10\/62e98179-barbara-hernandez-scaled-1.jpg","width":1821,"height":2560},{"@type":"BreadcrumbList","@id":"https:\/\/chile.travel\/fr\/blog\/barbara-hernandez-la-sirene-de-glace-les-gens-vont-prendre-soin-de-ce-quils-ressentent-comme-proche\/#breadcrumb","itemListElement":[{"@type":"ListItem","position":1,"name":"Portada","item":"https:\/\/stg.chile.travel\/fr\/"},{"@type":"ListItem","position":2,"name":"B\u00e1rbara Hern\u00e1ndez, la \u00ab&nbsp;Sir\u00e8ne de glace&nbsp;\u00bb&nbsp;: \u00ab&nbsp;Les gens vont prendre soin de ce qu\u2019ils ressentent comme proche&nbsp;\u00bb"}]},{"@type":"WebSite","@id":"https:\/\/stg.chile.travel\/fr\/#website","url":"https:\/\/stg.chile.travel\/fr\/","name":"Chile Travel","description":"","publisher":{"@id":"https:\/\/stg.chile.travel\/fr\/#organization"},"potentialAction":[{"@type":"SearchAction","target":{"@type":"EntryPoint","urlTemplate":"https:\/\/stg.chile.travel\/fr\/?s={search_term_string}"},"query-input":{"@type":"PropertyValueSpecification","valueRequired":true,"valueName":"search_term_string"}}],"inLanguage":"fr-FR"},{"@type":"Organization","@id":"https:\/\/stg.chile.travel\/fr\/#organization","name":"Chile Travel","url":"https:\/\/stg.chile.travel\/fr\/","logo":{"@type":"ImageObject","inLanguage":"fr-FR","@id":"https:\/\/stg.chile.travel\/fr\/#\/schema\/logo\/image\/","url":"https:\/\/chile.travel\/wp-content\/uploads\/2025\/12\/84152706-logo-travel.svg","contentUrl":"https:\/\/chile.travel\/wp-content\/uploads\/2025\/12\/84152706-logo-travel.svg","width":189,"height":225,"caption":"Chile Travel"},"image":{"@id":"https:\/\/stg.chile.travel\/fr\/#\/schema\/logo\/image\/"}},{"@type":"Person","@id":"https:\/\/stg.chile.travel\/fr\/#\/schema\/person\/b23fcf822acc3d71261e32defe64dd14","name":"Hernan Claro","image":{"@type":"ImageObject","inLanguage":"fr-FR","@id":"https:\/\/secure.gravatar.com\/avatar\/d37398fde8a90031b777a6517db2c2895d6e6a2b3edd4dce1b9e70eaf6c524ca?s=96&d=mm&r=g","url":"https:\/\/secure.gravatar.com\/avatar\/d37398fde8a90031b777a6517db2c2895d6e6a2b3edd4dce1b9e70eaf6c524ca?s=96&d=mm&r=g","contentUrl":"https:\/\/secure.gravatar.com\/avatar\/d37398fde8a90031b777a6517db2c2895d6e6a2b3edd4dce1b9e70eaf6c524ca?s=96&d=mm&r=g","caption":"Hernan Claro"},"url":"https:\/\/chile.travel\/fr\/blog\/author\/hclaro\/"}]}},"_links":{"self":[{"href":"https:\/\/chile.travel\/fr\/wp-json\/wp\/v2\/posts\/91722","targetHints":{"allow":["GET"]}}],"collection":[{"href":"https:\/\/chile.travel\/fr\/wp-json\/wp\/v2\/posts"}],"about":[{"href":"https:\/\/chile.travel\/fr\/wp-json\/wp\/v2\/types\/post"}],"author":[{"embeddable":true,"href":"https:\/\/chile.travel\/fr\/wp-json\/wp\/v2\/users\/12"}],"replies":[{"embeddable":true,"href":"https:\/\/chile.travel\/fr\/wp-json\/wp\/v2\/comments?post=91722"}],"version-history":[{"count":3,"href":"https:\/\/chile.travel\/fr\/wp-json\/wp\/v2\/posts\/91722\/revisions"}],"predecessor-version":[{"id":92253,"href":"https:\/\/chile.travel\/fr\/wp-json\/wp\/v2\/posts\/91722\/revisions\/92253"}],"wp:featuredmedia":[{"embeddable":true,"href":"https:\/\/chile.travel\/fr\/wp-json\/wp\/v2\/media\/91723"}],"wp:attachment":[{"href":"https:\/\/chile.travel\/fr\/wp-json\/wp\/v2\/media?parent=91722"}],"wp:term":[{"taxonomy":"category","embeddable":true,"href":"https:\/\/chile.travel\/fr\/wp-json\/wp\/v2\/categories?post=91722"},{"taxonomy":"post_tag","embeddable":true,"href":"https:\/\/chile.travel\/fr\/wp-json\/wp\/v2\/tags?post=91722"},{"taxonomy":"actividad","embeddable":true,"href":"https:\/\/chile.travel\/fr\/wp-json\/wp\/v2\/actividad?post=91722"},{"taxonomy":"destacado","embeddable":true,"href":"https:\/\/chile.travel\/fr\/wp-json\/wp\/v2\/destacado?post=91722"},{"taxonomy":"paisaje","embeddable":true,"href":"https:\/\/chile.travel\/fr\/wp-json\/wp\/v2\/paisaje?post=91722"},{"taxonomy":"region","embeddable":true,"href":"https:\/\/chile.travel\/fr\/wp-json\/wp\/v2\/region?post=91722"},{"taxonomy":"zona","embeddable":true,"href":"https:\/\/chile.travel\/fr\/wp-json\/wp\/v2\/zona?post=91722"}],"curies":[{"name":"wp","href":"https:\/\/api.w.org\/{rel}","templated":true}]}}