






{"id":91710,"date":"2025-08-04T05:38:36","date_gmt":"2025-08-04T09:38:36","guid":{"rendered":"https:\/\/chile.travel\/blog\/les-33-revivez-le-sauvetage-des-mineurs-de-la-mine-san-jose\/"},"modified":"2026-01-19T12:55:26","modified_gmt":"2026-01-19T15:55:26","slug":"les-33-revivez-le-sauvetage-des-mineurs-de-la-mine-san-jose","status":"publish","type":"post","link":"https:\/\/chile.travel\/fr\/blog\/les-33-revivez-le-sauvetage-des-mineurs-de-la-mine-san-jose\/","title":{"rendered":"Les 33&nbsp;: revivez le sauvetage des mineurs de la mine San Jos\u00e9"},"content":{"rendered":"\n<p>La <strong>mine San Jos\u00e9 est situ\u00e9e \u00e0 30\u00a0kilom\u00e8tres de la ville de Caldera,<\/strong> <a href=\"https:\/\/chile.travel\/fr\/zones\/desert-atacama-et-altiplano\/\" target=\"_blank\" rel=\"noreferrer noopener\">dans la r\u00e9gion d\u2019Atacama.<\/a> C\u2019est aujourd\u2019hui un lieu mondialement connu, car c\u2019est ici que les 33\u00a0mineurs ont \u00e9t\u00e9 enterr\u00e9s \u00e0 plus de 700\u00a0m\u00e8tres sous terre, sans eau, avec tr\u00e8s peu de nourriture et presque sans air.<\/p>\n\n<p>Revivre cet exploit est possible gr\u00e2ce au \u00ab\u00a0<strong>Circuit des 33<\/strong>\u00a0\u00bb qui m\u00e8ne jusqu\u2019\u00e0 la mine par la route du d\u00e9sert.<\/p>\n\n<p>Le 5\u00a0ao\u00fbt\u00a02010 est une date inoubliable pour le Chili et pour 33\u00a0hommes qui savaient qu\u2019ils jouaient leur vie sous terre.<\/p>\n\n<p>Ce fut le d\u00e9but d\u2019une histoire qui allait durer 69\u00a0jours, soit plus de deux mois pendant lesquels le monde entier a les yeux riv\u00e9s sur la r\u00e9gion d\u2019Atacama et <strong>l\u2019effondrement de la mine San Jos\u00e9 qui a laiss\u00e9 33\u00a0mineurs ensevelis, pratiquement sans espoir de survie.<\/strong><\/p>\n\n<p>Compl\u00e8tement coup\u00e9s du monde ext\u00e9rieur, on les a pr\u00e9sum\u00e9s morts. Mais les voix des familles qui sont arriv\u00e9es sur les lieux, qui seront plus tard connus sous le nom de Camp\u00a0Espoir, ont exig\u00e9 que les recherches se poursuivent. <\/p>\n\n<p>Dix-sept jours apr\u00e8s l\u2019effondrement, on a r\u00e9ussi \u00e0 s\u2019approcher de l\u2019endroit o\u00f9 se trouvaient les mineurs. <strong>En remontant la sonde, celle-ci portait un papier attach\u00e9, \u00e9crit en rouge\u00a0: \u00ab\u00a0Nous allons bien, dans le refuge, les 33\u00a0\u00bb.<\/strong> Comment oublier ce moment\u00a0? Des millions de personnes dans le monde entier ont \u00e9t\u00e9 t\u00e9moins de l\u2019espoir qui pointait timidement \u00e0 la surface.  <\/p>\n\n<p>C\u2019est cet \u00e9l\u00e9ment qui a motiv\u00e9 les efforts qui ont permis le sauvetage. Les mineurs \u00e9taient consid\u00e9rablement affaiblis, ce qui a acc\u00e9l\u00e9r\u00e9 le processus ardu de leur sauvetage. <\/p>\n<div class=\"wp-block-image\">\n<figure class=\"aligncenter\"><img decoding=\"async\" src=\"https:\/\/storage.googleapis.com\/bkt-chile-travel\/2021\/11\/29410f67-mina-san-jose-01-1024x683.jpg\" alt=\"Route de la mine San Jos&#xE9;\" class=\"wp-image-29532\"\/><\/figure>\n<\/div>\n<p><\/p>\n\n<h2 class=\"wp-block-heading\">Le sauvetage\u00a0: Op\u00e9ration San Lorenzo<\/h2>\n\n<p>San Lorenzo est le saint patron des mineurs, auxquels ils s\u2019en remettent pour demander \u00e0 pouvoir rentrer chez eux sains et saufs. L\u2019exploitation mini\u00e8re est essentielle pour comprendre <strong>l\u2019histoire du Chili, un pays minier, qui poss\u00e8de plus de 30\u00a0% des r\u00e9serves mondiales de cuivre et sur le territoire duquel de nombreuses ressources min\u00e9rales sont exploit\u00e9es.<\/strong> <\/p>\n\n<p>C\u2019est en raison de ce saint patron que le processus de sauvetage a \u00e9t\u00e9 appel\u00e9 Op\u00e9ration San Lorenzo et qu\u2019il a permis l\u2019incroyable exploit d\u2019envoyer de l\u2019oxyg\u00e8ne, de la nourriture, de l\u2019eau, des v\u00eatements et de l\u2019\u00e9lectricit\u00e9 \u00e0 travers la roche, ainsi que la possibilit\u00e9 de communiquer avec leurs familles.<\/p>\n\n<p>Apr\u00e8s <strong>69\u00a0jours sous terre, les mineurs sont sortis dans une capsule sp\u00e9cialement con\u00e7ue, connue sous le nom de \u00ab\u00a0Capsule F\u00e9nix\u00a0\u00bb.<\/strong><\/p>\n<div class=\"wp-block-image\">\n<figure class=\"aligncenter\"><img decoding=\"async\" src=\"https:\/\/storage.googleapis.com\/bkt-chile-travel\/2021\/11\/ed20155c-mina-san-jose-08-1024x683.jpg\" alt=\"Croix de la mine San Jos&#xE9;\" class=\"wp-image-29538\"\/><\/figure>\n<\/div>\n<p><\/p>\n\n<h2 class=\"wp-block-heading\">La mine San Jos\u00e9 aujourd\u2019hui \u2013 Circuit Los\u00a033<\/h2>\n\n<p>La mine San Jos\u00e9 a \u00e9t\u00e9 ferm\u00e9e apr\u00e8s le sauvetage, mais il existe un centre d\u2019interpr\u00e9tation touristique qui peut \u00eatre visit\u00e9 et o\u00f9 se trouvent diff\u00e9rents \u00e9l\u00e9ments faisant r\u00e9f\u00e9rence \u00e0 la trag\u00e9die et au sauvetage ult\u00e9rieur, tels que les sondes utilis\u00e9es, les lieux o\u00f9 les plans de sauvetage ont \u00e9t\u00e9 \u00e9labor\u00e9s, entre autres.<\/p>\n\n<p><strong>L\u2019un des 33\u00a0mineurs est charg\u00e9 d\u2019accompagner les visiteurs au centre d\u2019interpr\u00e9tation<\/strong>, o\u00f9 il explique, \u00e0 la premi\u00e8re personne, les \u00e9v\u00e9nements survenus pendant la trag\u00e9die.<\/p>\n\n<p>Il y a une salle avec des photographies et un documentaire qui raconte tous les efforts d\u00e9ploy\u00e9s pour sortir les 33\u00a0mineurs vivants.<\/p>\n\n<p>Vous pouvez revivre l\u2019histoire de \u00ab\u00a0Los\u00a033\u00a0\u00bb qui a \u00e9mu le monde et qui a donn\u00e9 naissance \u00e0 deux films, <strong>et d\u00e9couvrir les incroyables paysages de la r\u00e9gion d\u2019Atacama, car la mine se trouve sur le circuit de la Route du D\u00e9sert, entour\u00e9e de sentiers et de magnifiques dunes.<\/strong><\/p>\n","protected":false},"excerpt":{"rendered":"<p>La mine San Jos\u00e9 est situ\u00e9e \u00e0 30\u00a0kilom\u00e8tres de la ville de Caldera, dans la r\u00e9gion d\u2019Atacama. C\u2019est aujourd\u2019hui un lieu mondialement connu, car c\u2019est ici que les 33\u00a0mineurs ont \u00e9t\u00e9 enterr\u00e9s \u00e0 plus de 700\u00a0m\u00e8tres sous terre, sans eau, avec tr\u00e8s peu de nourriture et presque sans air. Revivre cet exploit est possible gr\u00e2ce [&hellip;]<\/p>\n","protected":false},"author":7,"featured_media":80204,"comment_status":"open","ping_status":"open","sticky":false,"template":"","format":"standard","meta":{"_acf_changed":false,"inline_featured_image":false,"powered_cache_disable_cache":false,"powered_cache_disable_lazyload":false,"powered_cache_disable_js_optimization":false,"footnotes":""},"categories":[2771,2941,2942,2992,2993],"tags":[],"actividad":[2588,2624],"destacado":[],"paisaje":[2592],"region":[2594],"zona":[2573],"class_list":["post-91710","post","type-post","status-publish","format-standard","has-post-thumbnail","hentry","category-blog","category-journal-de-voyage","category-nature","category-aventure-2","category-culture-2","actividad-culture-et-patrimoine","actividad-espaces-culturels","paisaje-desert-et-altiplano","region-atacama","zona-desert-atacama-et-altiplano"],"acf":[],"yoast_head":"<!-- This site is optimized with the Yoast SEO plugin v27.5 - https:\/\/yoast.com\/product\/yoast-seo-wordpress\/ -->\n<title>Les 33\u00a0: revivez le sauvetage de la mine San Jos\u00e9<\/title>\n<meta name=\"description\" content=\"Voyagez \u00e0 la mine San Jos\u00e9 et revivez le sauvetage qui a \u00e9branl\u00e9 le monde lorsque 33\u00a0hommes ont \u00e9t\u00e9 ensevelis sous terre pendant 69\u00a0jours.\" \/>\n<meta name=\"robots\" content=\"index, follow, max-snippet:-1, max-image-preview:large, max-video-preview:-1\" \/>\n<link rel=\"canonical\" href=\"https:\/\/chile.travel\/fr\/blog\/les-33-revivez-le-sauvetage-des-mineurs-de-la-mine-san-jose\/\" \/>\n<meta property=\"og:locale\" content=\"fr_FR\" \/>\n<meta property=\"og:type\" content=\"article\" \/>\n<meta property=\"og:title\" content=\"Les 33\u00a0: revivez le sauvetage de la mine San Jos\u00e9\" \/>\n<meta property=\"og:description\" content=\"Voyagez \u00e0 la mine San Jos\u00e9 et revivez le sauvetage qui a \u00e9branl\u00e9 le monde lorsque 33\u00a0hommes ont \u00e9t\u00e9 ensevelis sous terre pendant 69\u00a0jours.\" \/>\n<meta property=\"og:url\" content=\"https:\/\/chile.travel\/fr\/blog\/les-33-revivez-le-sauvetage-des-mineurs-de-la-mine-san-jose\/\" \/>\n<meta property=\"og:site_name\" content=\"Chile Travel\" \/>\n<meta property=\"article:published_time\" content=\"2025-08-04T09:38:36+00:00\" \/>\n<meta property=\"article:modified_time\" content=\"2026-01-19T15:55:26+00:00\" \/>\n<meta property=\"og:image\" content=\"https:\/\/chile.travel\/wp-content\/uploads\/2025\/08\/009c9e8e-mina-san-jose-09.jpg\" \/>\n\t<meta property=\"og:image:width\" content=\"1620\" \/>\n\t<meta property=\"og:image:height\" content=\"1080\" \/>\n\t<meta property=\"og:image:type\" content=\"image\/jpeg\" \/>\n<meta name=\"author\" content=\"Chile Travel\" \/>\n<meta name=\"twitter:card\" content=\"summary_large_image\" \/>\n<meta name=\"twitter:label1\" content=\"\u00c9crit par\" \/>\n\t<meta name=\"twitter:data1\" content=\"Chile Travel\" \/>\n\t<meta name=\"twitter:label2\" content=\"Dur\u00e9e de lecture estim\u00e9e\" \/>\n\t<meta name=\"twitter:data2\" content=\"3 minutes\" \/>\n<script type=\"application\/ld+json\" class=\"yoast-schema-graph\">{\"@context\":\"https:\\\/\\\/schema.org\",\"@graph\":[{\"@type\":\"Article\",\"@id\":\"https:\\\/\\\/chile.travel\\\/fr\\\/blog\\\/les-33-revivez-le-sauvetage-des-mineurs-de-la-mine-san-jose\\\/#article\",\"isPartOf\":{\"@id\":\"https:\\\/\\\/chile.travel\\\/fr\\\/blog\\\/les-33-revivez-le-sauvetage-des-mineurs-de-la-mine-san-jose\\\/\"},\"author\":{\"name\":\"Chile Travel\",\"@id\":\"https:\\\/\\\/stg.chile.travel\\\/fr\\\/#\\\/schema\\\/person\\\/adef05c2290968e039544d0021ebe979\"},\"headline\":\"Les 33&nbsp;: revivez le sauvetage des mineurs de la mine San Jos\u00e9\",\"datePublished\":\"2025-08-04T09:38:36+00:00\",\"dateModified\":\"2026-01-19T15:55:26+00:00\",\"mainEntityOfPage\":{\"@id\":\"https:\\\/\\\/chile.travel\\\/fr\\\/blog\\\/les-33-revivez-le-sauvetage-des-mineurs-de-la-mine-san-jose\\\/\"},\"wordCount\":634,\"commentCount\":0,\"publisher\":{\"@id\":\"https:\\\/\\\/stg.chile.travel\\\/fr\\\/#organization\"},\"image\":{\"@id\":\"https:\\\/\\\/chile.travel\\\/fr\\\/blog\\\/les-33-revivez-le-sauvetage-des-mineurs-de-la-mine-san-jose\\\/#primaryimage\"},\"thumbnailUrl\":\"https:\\\/\\\/chile.travel\\\/wp-content\\\/uploads\\\/2025\\\/08\\\/009c9e8e-mina-san-jose-09.jpg\",\"articleSection\":[\"Blog\",\"Journal de voyage\",\"Nature\",\"Aventure\",\"Culture\"],\"inLanguage\":\"fr-FR\",\"potentialAction\":[{\"@type\":\"CommentAction\",\"name\":\"Comment\",\"target\":[\"https:\\\/\\\/chile.travel\\\/fr\\\/blog\\\/les-33-revivez-le-sauvetage-des-mineurs-de-la-mine-san-jose\\\/#respond\"]}]},{\"@type\":\"WebPage\",\"@id\":\"https:\\\/\\\/chile.travel\\\/fr\\\/blog\\\/les-33-revivez-le-sauvetage-des-mineurs-de-la-mine-san-jose\\\/\",\"url\":\"https:\\\/\\\/chile.travel\\\/fr\\\/blog\\\/les-33-revivez-le-sauvetage-des-mineurs-de-la-mine-san-jose\\\/\",\"name\":\"Les 33\u00a0: revivez le sauvetage de la mine San Jos\u00e9\",\"isPartOf\":{\"@id\":\"https:\\\/\\\/stg.chile.travel\\\/fr\\\/#website\"},\"primaryImageOfPage\":{\"@id\":\"https:\\\/\\\/chile.travel\\\/fr\\\/blog\\\/les-33-revivez-le-sauvetage-des-mineurs-de-la-mine-san-jose\\\/#primaryimage\"},\"image\":{\"@id\":\"https:\\\/\\\/chile.travel\\\/fr\\\/blog\\\/les-33-revivez-le-sauvetage-des-mineurs-de-la-mine-san-jose\\\/#primaryimage\"},\"thumbnailUrl\":\"https:\\\/\\\/chile.travel\\\/wp-content\\\/uploads\\\/2025\\\/08\\\/009c9e8e-mina-san-jose-09.jpg\",\"datePublished\":\"2025-08-04T09:38:36+00:00\",\"dateModified\":\"2026-01-19T15:55:26+00:00\",\"description\":\"Voyagez \u00e0 la mine San Jos\u00e9 et revivez le sauvetage qui a \u00e9branl\u00e9 le monde lorsque 33\u00a0hommes ont \u00e9t\u00e9 ensevelis sous terre pendant 69\u00a0jours.\",\"breadcrumb\":{\"@id\":\"https:\\\/\\\/chile.travel\\\/fr\\\/blog\\\/les-33-revivez-le-sauvetage-des-mineurs-de-la-mine-san-jose\\\/#breadcrumb\"},\"inLanguage\":\"fr-FR\",\"potentialAction\":[{\"@type\":\"ReadAction\",\"target\":[\"https:\\\/\\\/chile.travel\\\/fr\\\/blog\\\/les-33-revivez-le-sauvetage-des-mineurs-de-la-mine-san-jose\\\/\"]}]},{\"@type\":\"ImageObject\",\"inLanguage\":\"fr-FR\",\"@id\":\"https:\\\/\\\/chile.travel\\\/fr\\\/blog\\\/les-33-revivez-le-sauvetage-des-mineurs-de-la-mine-san-jose\\\/#primaryimage\",\"url\":\"https:\\\/\\\/chile.travel\\\/wp-content\\\/uploads\\\/2025\\\/08\\\/009c9e8e-mina-san-jose-09.jpg\",\"contentUrl\":\"https:\\\/\\\/chile.travel\\\/wp-content\\\/uploads\\\/2025\\\/08\\\/009c9e8e-mina-san-jose-09.jpg\",\"width\":1620,\"height\":1080},{\"@type\":\"BreadcrumbList\",\"@id\":\"https:\\\/\\\/chile.travel\\\/fr\\\/blog\\\/les-33-revivez-le-sauvetage-des-mineurs-de-la-mine-san-jose\\\/#breadcrumb\",\"itemListElement\":[{\"@type\":\"ListItem\",\"position\":1,\"name\":\"Portada\",\"item\":\"https:\\\/\\\/stg.chile.travel\\\/fr\\\/\"},{\"@type\":\"ListItem\",\"position\":2,\"name\":\"Les 33&nbsp;: revivez le sauvetage des mineurs de la mine San Jos\u00e9\"}]},{\"@type\":\"WebSite\",\"@id\":\"https:\\\/\\\/stg.chile.travel\\\/fr\\\/#website\",\"url\":\"https:\\\/\\\/stg.chile.travel\\\/fr\\\/\",\"name\":\"Chile Travel\",\"description\":\"\",\"publisher\":{\"@id\":\"https:\\\/\\\/stg.chile.travel\\\/fr\\\/#organization\"},\"potentialAction\":[{\"@type\":\"SearchAction\",\"target\":{\"@type\":\"EntryPoint\",\"urlTemplate\":\"https:\\\/\\\/stg.chile.travel\\\/fr\\\/?s={search_term_string}\"},\"query-input\":{\"@type\":\"PropertyValueSpecification\",\"valueRequired\":true,\"valueName\":\"search_term_string\"}}],\"inLanguage\":\"fr-FR\"},{\"@type\":\"Organization\",\"@id\":\"https:\\\/\\\/stg.chile.travel\\\/fr\\\/#organization\",\"name\":\"Chile Travel\",\"url\":\"https:\\\/\\\/stg.chile.travel\\\/fr\\\/\",\"logo\":{\"@type\":\"ImageObject\",\"inLanguage\":\"fr-FR\",\"@id\":\"https:\\\/\\\/stg.chile.travel\\\/fr\\\/#\\\/schema\\\/logo\\\/image\\\/\",\"url\":\"https:\\\/\\\/chile.travel\\\/wp-content\\\/uploads\\\/2025\\\/12\\\/84152706-logo-travel.svg\",\"contentUrl\":\"https:\\\/\\\/chile.travel\\\/wp-content\\\/uploads\\\/2025\\\/12\\\/84152706-logo-travel.svg\",\"width\":189,\"height\":225,\"caption\":\"Chile Travel\"},\"image\":{\"@id\":\"https:\\\/\\\/stg.chile.travel\\\/fr\\\/#\\\/schema\\\/logo\\\/image\\\/\"}},{\"@type\":\"Person\",\"@id\":\"https:\\\/\\\/stg.chile.travel\\\/fr\\\/#\\\/schema\\\/person\\\/adef05c2290968e039544d0021ebe979\",\"name\":\"Chile Travel\",\"image\":{\"@type\":\"ImageObject\",\"inLanguage\":\"fr-FR\",\"@id\":\"https:\\\/\\\/secure.gravatar.com\\\/avatar\\\/e6cf183c64cbeb317bf1e1e418c8b09fbeb17850109d2beb91182ce8400ff0eb?s=96&d=mm&r=g\",\"url\":\"https:\\\/\\\/secure.gravatar.com\\\/avatar\\\/e6cf183c64cbeb317bf1e1e418c8b09fbeb17850109d2beb91182ce8400ff0eb?s=96&d=mm&r=g\",\"contentUrl\":\"https:\\\/\\\/secure.gravatar.com\\\/avatar\\\/e6cf183c64cbeb317bf1e1e418c8b09fbeb17850109d2beb91182ce8400ff0eb?s=96&d=mm&r=g\",\"caption\":\"Chile Travel\"},\"sameAs\":[\"https:\\\/\\\/chile.travel\"],\"url\":\"https:\\\/\\\/chile.travel\\\/fr\\\/blog\\\/author\\\/chile-travel\\\/\"}]}<\/script>\n<!-- \/ Yoast SEO plugin. -->","yoast_head_json":{"title":"Les 33\u00a0: revivez le sauvetage de la mine San Jos\u00e9","description":"Voyagez \u00e0 la mine San Jos\u00e9 et revivez le sauvetage qui a \u00e9branl\u00e9 le monde lorsque 33\u00a0hommes ont \u00e9t\u00e9 ensevelis sous terre pendant 69\u00a0jours.","robots":{"index":"index","follow":"follow","max-snippet":"max-snippet:-1","max-image-preview":"max-image-preview:large","max-video-preview":"max-video-preview:-1"},"canonical":"https:\/\/chile.travel\/fr\/blog\/les-33-revivez-le-sauvetage-des-mineurs-de-la-mine-san-jose\/","og_locale":"fr_FR","og_type":"article","og_title":"Les 33\u00a0: revivez le sauvetage de la mine San Jos\u00e9","og_description":"Voyagez \u00e0 la mine San Jos\u00e9 et revivez le sauvetage qui a \u00e9branl\u00e9 le monde lorsque 33\u00a0hommes ont \u00e9t\u00e9 ensevelis sous terre pendant 69\u00a0jours.","og_url":"https:\/\/chile.travel\/fr\/blog\/les-33-revivez-le-sauvetage-des-mineurs-de-la-mine-san-jose\/","og_site_name":"Chile Travel","article_published_time":"2025-08-04T09:38:36+00:00","article_modified_time":"2026-01-19T15:55:26+00:00","og_image":[{"width":1620,"height":1080,"url":"https:\/\/chile.travel\/wp-content\/uploads\/2025\/08\/009c9e8e-mina-san-jose-09.jpg","type":"image\/jpeg"}],"author":"Chile Travel","twitter_card":"summary_large_image","twitter_misc":{"\u00c9crit par":"Chile Travel","Dur\u00e9e de lecture estim\u00e9e":"3 minutes"},"schema":{"@context":"https:\/\/schema.org","@graph":[{"@type":"Article","@id":"https:\/\/chile.travel\/fr\/blog\/les-33-revivez-le-sauvetage-des-mineurs-de-la-mine-san-jose\/#article","isPartOf":{"@id":"https:\/\/chile.travel\/fr\/blog\/les-33-revivez-le-sauvetage-des-mineurs-de-la-mine-san-jose\/"},"author":{"name":"Chile Travel","@id":"https:\/\/stg.chile.travel\/fr\/#\/schema\/person\/adef05c2290968e039544d0021ebe979"},"headline":"Les 33&nbsp;: revivez le sauvetage des mineurs de la mine San Jos\u00e9","datePublished":"2025-08-04T09:38:36+00:00","dateModified":"2026-01-19T15:55:26+00:00","mainEntityOfPage":{"@id":"https:\/\/chile.travel\/fr\/blog\/les-33-revivez-le-sauvetage-des-mineurs-de-la-mine-san-jose\/"},"wordCount":634,"commentCount":0,"publisher":{"@id":"https:\/\/stg.chile.travel\/fr\/#organization"},"image":{"@id":"https:\/\/chile.travel\/fr\/blog\/les-33-revivez-le-sauvetage-des-mineurs-de-la-mine-san-jose\/#primaryimage"},"thumbnailUrl":"https:\/\/chile.travel\/wp-content\/uploads\/2025\/08\/009c9e8e-mina-san-jose-09.jpg","articleSection":["Blog","Journal de voyage","Nature","Aventure","Culture"],"inLanguage":"fr-FR","potentialAction":[{"@type":"CommentAction","name":"Comment","target":["https:\/\/chile.travel\/fr\/blog\/les-33-revivez-le-sauvetage-des-mineurs-de-la-mine-san-jose\/#respond"]}]},{"@type":"WebPage","@id":"https:\/\/chile.travel\/fr\/blog\/les-33-revivez-le-sauvetage-des-mineurs-de-la-mine-san-jose\/","url":"https:\/\/chile.travel\/fr\/blog\/les-33-revivez-le-sauvetage-des-mineurs-de-la-mine-san-jose\/","name":"Les 33\u00a0: revivez le sauvetage de la mine San Jos\u00e9","isPartOf":{"@id":"https:\/\/stg.chile.travel\/fr\/#website"},"primaryImageOfPage":{"@id":"https:\/\/chile.travel\/fr\/blog\/les-33-revivez-le-sauvetage-des-mineurs-de-la-mine-san-jose\/#primaryimage"},"image":{"@id":"https:\/\/chile.travel\/fr\/blog\/les-33-revivez-le-sauvetage-des-mineurs-de-la-mine-san-jose\/#primaryimage"},"thumbnailUrl":"https:\/\/chile.travel\/wp-content\/uploads\/2025\/08\/009c9e8e-mina-san-jose-09.jpg","datePublished":"2025-08-04T09:38:36+00:00","dateModified":"2026-01-19T15:55:26+00:00","description":"Voyagez \u00e0 la mine San Jos\u00e9 et revivez le sauvetage qui a \u00e9branl\u00e9 le monde lorsque 33\u00a0hommes ont \u00e9t\u00e9 ensevelis sous terre pendant 69\u00a0jours.","breadcrumb":{"@id":"https:\/\/chile.travel\/fr\/blog\/les-33-revivez-le-sauvetage-des-mineurs-de-la-mine-san-jose\/#breadcrumb"},"inLanguage":"fr-FR","potentialAction":[{"@type":"ReadAction","target":["https:\/\/chile.travel\/fr\/blog\/les-33-revivez-le-sauvetage-des-mineurs-de-la-mine-san-jose\/"]}]},{"@type":"ImageObject","inLanguage":"fr-FR","@id":"https:\/\/chile.travel\/fr\/blog\/les-33-revivez-le-sauvetage-des-mineurs-de-la-mine-san-jose\/#primaryimage","url":"https:\/\/chile.travel\/wp-content\/uploads\/2025\/08\/009c9e8e-mina-san-jose-09.jpg","contentUrl":"https:\/\/chile.travel\/wp-content\/uploads\/2025\/08\/009c9e8e-mina-san-jose-09.jpg","width":1620,"height":1080},{"@type":"BreadcrumbList","@id":"https:\/\/chile.travel\/fr\/blog\/les-33-revivez-le-sauvetage-des-mineurs-de-la-mine-san-jose\/#breadcrumb","itemListElement":[{"@type":"ListItem","position":1,"name":"Portada","item":"https:\/\/stg.chile.travel\/fr\/"},{"@type":"ListItem","position":2,"name":"Les 33&nbsp;: revivez le sauvetage des mineurs de la mine San Jos\u00e9"}]},{"@type":"WebSite","@id":"https:\/\/stg.chile.travel\/fr\/#website","url":"https:\/\/stg.chile.travel\/fr\/","name":"Chile Travel","description":"","publisher":{"@id":"https:\/\/stg.chile.travel\/fr\/#organization"},"potentialAction":[{"@type":"SearchAction","target":{"@type":"EntryPoint","urlTemplate":"https:\/\/stg.chile.travel\/fr\/?s={search_term_string}"},"query-input":{"@type":"PropertyValueSpecification","valueRequired":true,"valueName":"search_term_string"}}],"inLanguage":"fr-FR"},{"@type":"Organization","@id":"https:\/\/stg.chile.travel\/fr\/#organization","name":"Chile Travel","url":"https:\/\/stg.chile.travel\/fr\/","logo":{"@type":"ImageObject","inLanguage":"fr-FR","@id":"https:\/\/stg.chile.travel\/fr\/#\/schema\/logo\/image\/","url":"https:\/\/chile.travel\/wp-content\/uploads\/2025\/12\/84152706-logo-travel.svg","contentUrl":"https:\/\/chile.travel\/wp-content\/uploads\/2025\/12\/84152706-logo-travel.svg","width":189,"height":225,"caption":"Chile Travel"},"image":{"@id":"https:\/\/stg.chile.travel\/fr\/#\/schema\/logo\/image\/"}},{"@type":"Person","@id":"https:\/\/stg.chile.travel\/fr\/#\/schema\/person\/adef05c2290968e039544d0021ebe979","name":"Chile Travel","image":{"@type":"ImageObject","inLanguage":"fr-FR","@id":"https:\/\/secure.gravatar.com\/avatar\/e6cf183c64cbeb317bf1e1e418c8b09fbeb17850109d2beb91182ce8400ff0eb?s=96&d=mm&r=g","url":"https:\/\/secure.gravatar.com\/avatar\/e6cf183c64cbeb317bf1e1e418c8b09fbeb17850109d2beb91182ce8400ff0eb?s=96&d=mm&r=g","contentUrl":"https:\/\/secure.gravatar.com\/avatar\/e6cf183c64cbeb317bf1e1e418c8b09fbeb17850109d2beb91182ce8400ff0eb?s=96&d=mm&r=g","caption":"Chile Travel"},"sameAs":["https:\/\/chile.travel"],"url":"https:\/\/chile.travel\/fr\/blog\/author\/chile-travel\/"}]}},"_links":{"self":[{"href":"https:\/\/chile.travel\/fr\/wp-json\/wp\/v2\/posts\/91710","targetHints":{"allow":["GET"]}}],"collection":[{"href":"https:\/\/chile.travel\/fr\/wp-json\/wp\/v2\/posts"}],"about":[{"href":"https:\/\/chile.travel\/fr\/wp-json\/wp\/v2\/types\/post"}],"author":[{"embeddable":true,"href":"https:\/\/chile.travel\/fr\/wp-json\/wp\/v2\/users\/7"}],"replies":[{"embeddable":true,"href":"https:\/\/chile.travel\/fr\/wp-json\/wp\/v2\/comments?post=91710"}],"version-history":[{"count":1,"href":"https:\/\/chile.travel\/fr\/wp-json\/wp\/v2\/posts\/91710\/revisions"}],"predecessor-version":[{"id":91711,"href":"https:\/\/chile.travel\/fr\/wp-json\/wp\/v2\/posts\/91710\/revisions\/91711"}],"wp:featuredmedia":[{"embeddable":true,"href":"https:\/\/chile.travel\/fr\/wp-json\/wp\/v2\/media\/80204"}],"wp:attachment":[{"href":"https:\/\/chile.travel\/fr\/wp-json\/wp\/v2\/media?parent=91710"}],"wp:term":[{"taxonomy":"category","embeddable":true,"href":"https:\/\/chile.travel\/fr\/wp-json\/wp\/v2\/categories?post=91710"},{"taxonomy":"post_tag","embeddable":true,"href":"https:\/\/chile.travel\/fr\/wp-json\/wp\/v2\/tags?post=91710"},{"taxonomy":"actividad","embeddable":true,"href":"https:\/\/chile.travel\/fr\/wp-json\/wp\/v2\/actividad?post=91710"},{"taxonomy":"destacado","embeddable":true,"href":"https:\/\/chile.travel\/fr\/wp-json\/wp\/v2\/destacado?post=91710"},{"taxonomy":"paisaje","embeddable":true,"href":"https:\/\/chile.travel\/fr\/wp-json\/wp\/v2\/paisaje?post=91710"},{"taxonomy":"region","embeddable":true,"href":"https:\/\/chile.travel\/fr\/wp-json\/wp\/v2\/region?post=91710"},{"taxonomy":"zona","embeddable":true,"href":"https:\/\/chile.travel\/fr\/wp-json\/wp\/v2\/zona?post=91710"}],"curies":[{"name":"wp","href":"https:\/\/api.w.org\/{rel}","templated":true}]}}