






{"id":91693,"date":"2025-02-11T09:56:53","date_gmt":"2025-02-11T12:56:53","guid":{"rendered":"https:\/\/chile.travel\/blog\/ne-vous-aventurez-pas-sur-la-carretera-austral-sans-connaitre-ces-informations\/"},"modified":"2026-01-19T12:54:07","modified_gmt":"2026-01-19T15:54:07","slug":"ne-vous-aventurez-pas-sur-la-carretera-austral-sans-connaitre-ces-informations","status":"publish","type":"post","link":"https:\/\/chile.travel\/fr\/blog\/ne-vous-aventurez-pas-sur-la-carretera-austral-sans-connaitre-ces-informations\/","title":{"rendered":"Ne vous aventurez pas sur la Carretera Austral sans conna\u00eetre ces informations"},"content":{"rendered":"\n<p>Si vous avez d\u00e9j\u00e0 d\u00e9cid\u00e9 que votre prochain voyage sera sur la <a href=\"https:\/\/chile.travel\/fr\/destinations\/carretera-austral\/\" target=\"_blank\" rel=\"noreferrer noopener\">Carretera Austral du Chili<\/a>, nous vous indiquons o\u00f9 elle commence, comment la parcourir, ses incontournables et toutes les informations que vous devez conna\u00eetre.<\/p>\n\n<p>La Carretera Austral, connue comme <strong>la route panoramique la plus belle du monde<\/strong>, est une route situ\u00e9e dans le sud du Chili. Elle commence dans la commune de Puerto Montt et, 1 247 kilom\u00e8tres plus loin, se termine dans un champ de glaciers proche de Villa O\u2019Higgins. <\/p>\n\n<p>Elle est id\u00e9ale pour louer un v\u00e9hicule et <strong>commencer le roadtrip de vos r\u00eaves au Chili<\/strong>. Ses for\u00eats, sa faune, ses r\u00e9serves, ses glaciers et ses parcs nationaux vous enchanteront ! <\/p>\n\n<h2 class=\"wp-block-heading\">O\u00f9 commence la Carretera Austral et comment s\u2019y rendre ?<\/h2>\n\n<p>La Carretera Austral commence \u00e0 Puerto Montt, ville \u00e0 laquelle vous pourrez arriver en avion en prenant le vol qui va de Santiago \u00e0 l\u2019a\u00e9roport El Tepual.<\/p>\n\n<p>Cependant, <strong>la v\u00e9ritable porte d\u2019entr\u00e9e de la Carretera Austral est Hornopir\u00e9n<\/strong>, \u00e0 moins de trois heures en v\u00e9hicule depuis l\u2019a\u00e9roport de Puerto Montt. Parmi ses incontournables, on trouve la cascade du <strong>R\u00edo Blanco, le parc national Hornopir\u00e9n et la caleta El Manzano.<\/strong> <\/p>\n\n<figure class=\"wp-block-image\"><img decoding=\"async\" src=\"https:\/\/storage.googleapis.com\/bkt-chile-travel\/2025\/02\/4c2a4307-queulat-2-1-1024x768.jpg\" alt=\"Carretera Austral du Chili\" class=\"wp-image-56393\"\/><\/figure>\n\n<p><\/p>\n\n<p>La Carretera Austral poss\u00e8de des for\u00eats, des glaciers et des parcs nationaux. Photographie : Banque Audiovisuelle de Sernatur. <\/p>\n\n<h2 class=\"wp-block-heading\">Incontournables de la Carretera Austral<\/h2>\n\n<p>La Carretera Austral est mondialement reconnue pour sa beaut\u00e9 unique et parce qu\u2019elle vous apportera toujours quelque chose de nouveau. Qu\u2019il s\u2019agisse d\u2019un petit village dont vous n\u2019aviez jamais entendu parler, d\u2019un paysage diff\u00e9rent ou des personnes que vous rencontrerez en chemin, <strong>tout vous enchantera<\/strong>. <\/p>\n\n<p>De toutes fa\u00e7ons, il existe certaines destinations consid\u00e9r\u00e9es comme des \u00ab incontournables \u00bb par les voyageurs les plus exp\u00e9riment\u00e9s. D\u00e9couvrez-les ! <\/p>\n\n<ul class=\"wp-block-list\">\n<li><a href=\"https:\/\/chile.travel\/blog\/parque-nacional-pumalin-la-conservacion-como-impulso-del-desarrollo-local\/\" target=\"_blank\" rel=\"noopener\">Parc national Pumal\u00edn<\/a><\/li>\n\n\n\n<li><a href=\"https:\/\/chile.travel\/blog\/siete-termas-en-chile-para-desconectarte-de-todo-y-disfrutar-del-silencio\/\" target=\"_blank\" rel=\"noopener\">Termas del Ventisquero<\/a><\/li>\n\n\n\n<li><a href=\"https:\/\/chile.travel\/fr\/attractions\/parc-national-queulat\/\" target=\"_blank\" rel=\"noreferrer noopener\">Ventisquero Colgante<\/a><\/li>\n\n\n\n<li><a href=\"https:\/\/chile.travel\/itinerarios\/explora-y-descubre-los-parajes-de-la-region-de-aysen\/\" target=\"_blank\" rel=\"noopener\">Capillas de M\u00e1rmol<\/a><\/li>\n<\/ul>\n\n<figure class=\"wp-block-image\"><img decoding=\"async\" src=\"https:\/\/storage.googleapis.com\/bkt-chile-travel\/2025\/02\/a70e0e34-capillas-de-marmol-2-1-1024x768.jpg\" alt=\"Carretera Austral du Chili\" class=\"wp-image-56389\"\/><\/figure>\n\n<p><\/p>\n\n<p>Les Capillas de M\u00e1rmol sont un incontournable de la Carretera Austral du Chili. Photographie : Banque Audiovisuelle de Sernatur. <\/p>\n\n<h2 class=\"wp-block-heading\">Carte de la Carretera Austral<\/h2>\n\n<p>Si vous \u00eates d\u00e9j\u00e0 convaincu de parcourir la Carretera Austral du nord au sud et de vivre des aventures uniques, vous devez tenir compte du fait que <strong>vous avez diff\u00e9rents points d\u2019acc\u00e8s et fa\u00e7ons de vous d\u00e9placer<\/strong> entre eux.<\/p>\n\n<p>Vous pourrez vous d\u00e9placer en v\u00e9hicule, \u00e0 v\u00e9lo ou en ferry !<\/p>\n\n<figure class=\"wp-block-image\"><a href=\"https:\/\/storage.googleapis.com\/bkt-chile-travel\/2025\/02\/dae2b550-mapa_carretera_austral-4.pdf\" target=\"_blank\" rel=\"noopener\"><img decoding=\"async\" src=\"https:\/\/storage.googleapis.com\/bkt-chile-travel\/2025\/02\/cfa2e7bf-mapa_carretera_austral-4_page-0001-968x1024.jpg\" alt=\"Carte Carretera Austral\" class=\"wp-image-56403\"\/><\/a><\/figure>\n\n<p><\/p>\n","protected":false},"excerpt":{"rendered":"<p>Si vous avez d\u00e9j\u00e0 d\u00e9cid\u00e9 que votre prochain voyage sera sur la Carretera Austral du Chili, nous vous indiquons o\u00f9 elle commence, comment la parcourir et ses incontournables.<\/p>\n","protected":false},"author":12,"featured_media":80658,"comment_status":"closed","ping_status":"open","sticky":false,"template":"","format":"standard","meta":{"_acf_changed":false,"inline_featured_image":false,"powered_cache_disable_cache":false,"powered_cache_disable_lazyload":false,"powered_cache_disable_js_optimization":false,"footnotes":""},"categories":[2771,2941,2942],"tags":[],"actividad":[2586,2587,2614,2615,2616],"destacado":[],"paisaje":[2601],"region":[],"zona":[2577],"class_list":["post-91693","post","type-post","status-publish","format-standard","has-post-thumbnail","hentry","category-blog","category-journal-de-voyage","category-nature","actividad-aventure-et-sport","actividad-nature-et-parcs-nationaux","actividad-observation-de-la-flore-de-la-faune-et-des-paysages","actividad-parcs-et-reserves-naturelles","actividad-experiences-de-montagne","paisaje-patagonie","zona-patagonie-et-antarctique"],"acf":[],"yoast_head":"<!-- This site is optimized with the Yoast SEO plugin v27.5 - https:\/\/yoast.com\/product\/yoast-seo-wordpress\/ -->\n<title>Ne vous aventurez pas sur la Carretera Austral du Chili sans conna\u00eetre ces informations<\/title>\n<meta name=\"description\" content=\"Si vous avez d\u00e9j\u00e0 d\u00e9cid\u00e9 que votre prochain voyage sera sur la Carretera Austral du Chili, nous vous indiquons o\u00f9 elle commence, comment la parcourir et les incontournables.\" \/>\n<meta name=\"robots\" content=\"index, follow, max-snippet:-1, max-image-preview:large, max-video-preview:-1\" \/>\n<link rel=\"canonical\" href=\"https:\/\/chile.travel\/fr\/blog\/ne-vous-aventurez-pas-sur-la-carretera-austral-sans-connaitre-ces-informations\/\" \/>\n<meta property=\"og:locale\" content=\"fr_FR\" \/>\n<meta property=\"og:type\" content=\"article\" \/>\n<meta property=\"og:title\" content=\"Ne vous aventurez pas sur la Carretera Austral du Chili sans conna\u00eetre ces informations\" \/>\n<meta property=\"og:description\" content=\"Si vous avez d\u00e9j\u00e0 d\u00e9cid\u00e9 que votre prochain voyage sera sur la Carretera Austral du Chili, nous vous indiquons o\u00f9 elle commence, comment la parcourir et les incontournables.\" \/>\n<meta property=\"og:url\" content=\"https:\/\/chile.travel\/fr\/blog\/ne-vous-aventurez-pas-sur-la-carretera-austral-sans-connaitre-ces-informations\/\" \/>\n<meta property=\"og:site_name\" content=\"Chile Travel\" \/>\n<meta property=\"article:published_time\" content=\"2025-02-11T12:56:53+00:00\" \/>\n<meta property=\"article:modified_time\" content=\"2026-01-19T15:54:07+00:00\" \/>\n<meta property=\"og:image\" content=\"https:\/\/chile.travel\/wp-content\/uploads\/2025\/02\/30e8a397-carretera-austral-1.jpg\" \/>\n\t<meta property=\"og:image:width\" content=\"1600\" \/>\n\t<meta property=\"og:image:height\" content=\"840\" \/>\n\t<meta property=\"og:image:type\" content=\"image\/jpeg\" \/>\n<meta name=\"author\" content=\"Hernan Claro\" \/>\n<meta name=\"twitter:card\" content=\"summary_large_image\" \/>\n<meta name=\"twitter:label1\" content=\"\u00c9crit par\" \/>\n\t<meta name=\"twitter:data1\" content=\"Hernan Claro\" \/>\n\t<meta name=\"twitter:label2\" content=\"Dur\u00e9e de lecture estim\u00e9e\" \/>\n\t<meta name=\"twitter:data2\" content=\"2 minutes\" \/>\n<script type=\"application\/ld+json\" class=\"yoast-schema-graph\">{\"@context\":\"https:\\\/\\\/schema.org\",\"@graph\":[{\"@type\":\"Article\",\"@id\":\"https:\\\/\\\/chile.travel\\\/fr\\\/blog\\\/ne-vous-aventurez-pas-sur-la-carretera-austral-sans-connaitre-ces-informations\\\/#article\",\"isPartOf\":{\"@id\":\"https:\\\/\\\/chile.travel\\\/fr\\\/blog\\\/ne-vous-aventurez-pas-sur-la-carretera-austral-sans-connaitre-ces-informations\\\/\"},\"author\":{\"name\":\"Hernan Claro\",\"@id\":\"https:\\\/\\\/stg.chile.travel\\\/fr\\\/#\\\/schema\\\/person\\\/b23fcf822acc3d71261e32defe64dd14\"},\"headline\":\"Ne vous aventurez pas sur la Carretera Austral sans conna\u00eetre ces informations\",\"datePublished\":\"2025-02-11T12:56:53+00:00\",\"dateModified\":\"2026-01-19T15:54:07+00:00\",\"mainEntityOfPage\":{\"@id\":\"https:\\\/\\\/chile.travel\\\/fr\\\/blog\\\/ne-vous-aventurez-pas-sur-la-carretera-austral-sans-connaitre-ces-informations\\\/\"},\"wordCount\":415,\"publisher\":{\"@id\":\"https:\\\/\\\/stg.chile.travel\\\/fr\\\/#organization\"},\"image\":{\"@id\":\"https:\\\/\\\/chile.travel\\\/fr\\\/blog\\\/ne-vous-aventurez-pas-sur-la-carretera-austral-sans-connaitre-ces-informations\\\/#primaryimage\"},\"thumbnailUrl\":\"https:\\\/\\\/chile.travel\\\/wp-content\\\/uploads\\\/2025\\\/02\\\/30e8a397-carretera-austral-1.jpg\",\"articleSection\":[\"Blog\",\"Journal de voyage\",\"Nature\"],\"inLanguage\":\"fr-FR\"},{\"@type\":\"WebPage\",\"@id\":\"https:\\\/\\\/chile.travel\\\/fr\\\/blog\\\/ne-vous-aventurez-pas-sur-la-carretera-austral-sans-connaitre-ces-informations\\\/\",\"url\":\"https:\\\/\\\/chile.travel\\\/fr\\\/blog\\\/ne-vous-aventurez-pas-sur-la-carretera-austral-sans-connaitre-ces-informations\\\/\",\"name\":\"Ne vous aventurez pas sur la Carretera Austral du Chili sans conna\u00eetre ces informations\",\"isPartOf\":{\"@id\":\"https:\\\/\\\/stg.chile.travel\\\/fr\\\/#website\"},\"primaryImageOfPage\":{\"@id\":\"https:\\\/\\\/chile.travel\\\/fr\\\/blog\\\/ne-vous-aventurez-pas-sur-la-carretera-austral-sans-connaitre-ces-informations\\\/#primaryimage\"},\"image\":{\"@id\":\"https:\\\/\\\/chile.travel\\\/fr\\\/blog\\\/ne-vous-aventurez-pas-sur-la-carretera-austral-sans-connaitre-ces-informations\\\/#primaryimage\"},\"thumbnailUrl\":\"https:\\\/\\\/chile.travel\\\/wp-content\\\/uploads\\\/2025\\\/02\\\/30e8a397-carretera-austral-1.jpg\",\"datePublished\":\"2025-02-11T12:56:53+00:00\",\"dateModified\":\"2026-01-19T15:54:07+00:00\",\"description\":\"Si vous avez d\u00e9j\u00e0 d\u00e9cid\u00e9 que votre prochain voyage sera sur la Carretera Austral du Chili, nous vous indiquons o\u00f9 elle commence, comment la parcourir et les incontournables.\",\"breadcrumb\":{\"@id\":\"https:\\\/\\\/chile.travel\\\/fr\\\/blog\\\/ne-vous-aventurez-pas-sur-la-carretera-austral-sans-connaitre-ces-informations\\\/#breadcrumb\"},\"inLanguage\":\"fr-FR\",\"potentialAction\":[{\"@type\":\"ReadAction\",\"target\":[\"https:\\\/\\\/chile.travel\\\/fr\\\/blog\\\/ne-vous-aventurez-pas-sur-la-carretera-austral-sans-connaitre-ces-informations\\\/\"]}]},{\"@type\":\"ImageObject\",\"inLanguage\":\"fr-FR\",\"@id\":\"https:\\\/\\\/chile.travel\\\/fr\\\/blog\\\/ne-vous-aventurez-pas-sur-la-carretera-austral-sans-connaitre-ces-informations\\\/#primaryimage\",\"url\":\"https:\\\/\\\/chile.travel\\\/wp-content\\\/uploads\\\/2025\\\/02\\\/30e8a397-carretera-austral-1.jpg\",\"contentUrl\":\"https:\\\/\\\/chile.travel\\\/wp-content\\\/uploads\\\/2025\\\/02\\\/30e8a397-carretera-austral-1.jpg\",\"width\":1600,\"height\":840},{\"@type\":\"BreadcrumbList\",\"@id\":\"https:\\\/\\\/chile.travel\\\/fr\\\/blog\\\/ne-vous-aventurez-pas-sur-la-carretera-austral-sans-connaitre-ces-informations\\\/#breadcrumb\",\"itemListElement\":[{\"@type\":\"ListItem\",\"position\":1,\"name\":\"Portada\",\"item\":\"https:\\\/\\\/stg.chile.travel\\\/fr\\\/\"},{\"@type\":\"ListItem\",\"position\":2,\"name\":\"Ne vous aventurez pas sur la Carretera Austral sans conna\u00eetre ces informations\"}]},{\"@type\":\"WebSite\",\"@id\":\"https:\\\/\\\/stg.chile.travel\\\/fr\\\/#website\",\"url\":\"https:\\\/\\\/stg.chile.travel\\\/fr\\\/\",\"name\":\"Chile Travel\",\"description\":\"\",\"publisher\":{\"@id\":\"https:\\\/\\\/stg.chile.travel\\\/fr\\\/#organization\"},\"potentialAction\":[{\"@type\":\"SearchAction\",\"target\":{\"@type\":\"EntryPoint\",\"urlTemplate\":\"https:\\\/\\\/stg.chile.travel\\\/fr\\\/?s={search_term_string}\"},\"query-input\":{\"@type\":\"PropertyValueSpecification\",\"valueRequired\":true,\"valueName\":\"search_term_string\"}}],\"inLanguage\":\"fr-FR\"},{\"@type\":\"Organization\",\"@id\":\"https:\\\/\\\/stg.chile.travel\\\/fr\\\/#organization\",\"name\":\"Chile Travel\",\"url\":\"https:\\\/\\\/stg.chile.travel\\\/fr\\\/\",\"logo\":{\"@type\":\"ImageObject\",\"inLanguage\":\"fr-FR\",\"@id\":\"https:\\\/\\\/stg.chile.travel\\\/fr\\\/#\\\/schema\\\/logo\\\/image\\\/\",\"url\":\"https:\\\/\\\/chile.travel\\\/wp-content\\\/uploads\\\/2025\\\/12\\\/84152706-logo-travel.svg\",\"contentUrl\":\"https:\\\/\\\/chile.travel\\\/wp-content\\\/uploads\\\/2025\\\/12\\\/84152706-logo-travel.svg\",\"width\":189,\"height\":225,\"caption\":\"Chile Travel\"},\"image\":{\"@id\":\"https:\\\/\\\/stg.chile.travel\\\/fr\\\/#\\\/schema\\\/logo\\\/image\\\/\"}},{\"@type\":\"Person\",\"@id\":\"https:\\\/\\\/stg.chile.travel\\\/fr\\\/#\\\/schema\\\/person\\\/b23fcf822acc3d71261e32defe64dd14\",\"name\":\"Hernan Claro\",\"image\":{\"@type\":\"ImageObject\",\"inLanguage\":\"fr-FR\",\"@id\":\"https:\\\/\\\/secure.gravatar.com\\\/avatar\\\/d37398fde8a90031b777a6517db2c2895d6e6a2b3edd4dce1b9e70eaf6c524ca?s=96&d=mm&r=g\",\"url\":\"https:\\\/\\\/secure.gravatar.com\\\/avatar\\\/d37398fde8a90031b777a6517db2c2895d6e6a2b3edd4dce1b9e70eaf6c524ca?s=96&d=mm&r=g\",\"contentUrl\":\"https:\\\/\\\/secure.gravatar.com\\\/avatar\\\/d37398fde8a90031b777a6517db2c2895d6e6a2b3edd4dce1b9e70eaf6c524ca?s=96&d=mm&r=g\",\"caption\":\"Hernan Claro\"},\"url\":\"https:\\\/\\\/chile.travel\\\/fr\\\/blog\\\/author\\\/hclaro\\\/\"}]}<\/script>\n<!-- \/ Yoast SEO plugin. -->","yoast_head_json":{"title":"Ne vous aventurez pas sur la Carretera Austral du Chili sans conna\u00eetre ces informations","description":"Si vous avez d\u00e9j\u00e0 d\u00e9cid\u00e9 que votre prochain voyage sera sur la Carretera Austral du Chili, nous vous indiquons o\u00f9 elle commence, comment la parcourir et les incontournables.","robots":{"index":"index","follow":"follow","max-snippet":"max-snippet:-1","max-image-preview":"max-image-preview:large","max-video-preview":"max-video-preview:-1"},"canonical":"https:\/\/chile.travel\/fr\/blog\/ne-vous-aventurez-pas-sur-la-carretera-austral-sans-connaitre-ces-informations\/","og_locale":"fr_FR","og_type":"article","og_title":"Ne vous aventurez pas sur la Carretera Austral du Chili sans conna\u00eetre ces informations","og_description":"Si vous avez d\u00e9j\u00e0 d\u00e9cid\u00e9 que votre prochain voyage sera sur la Carretera Austral du Chili, nous vous indiquons o\u00f9 elle commence, comment la parcourir et les incontournables.","og_url":"https:\/\/chile.travel\/fr\/blog\/ne-vous-aventurez-pas-sur-la-carretera-austral-sans-connaitre-ces-informations\/","og_site_name":"Chile Travel","article_published_time":"2025-02-11T12:56:53+00:00","article_modified_time":"2026-01-19T15:54:07+00:00","og_image":[{"width":1600,"height":840,"url":"https:\/\/chile.travel\/wp-content\/uploads\/2025\/02\/30e8a397-carretera-austral-1.jpg","type":"image\/jpeg"}],"author":"Hernan Claro","twitter_card":"summary_large_image","twitter_misc":{"\u00c9crit par":"Hernan Claro","Dur\u00e9e de lecture estim\u00e9e":"2 minutes"},"schema":{"@context":"https:\/\/schema.org","@graph":[{"@type":"Article","@id":"https:\/\/chile.travel\/fr\/blog\/ne-vous-aventurez-pas-sur-la-carretera-austral-sans-connaitre-ces-informations\/#article","isPartOf":{"@id":"https:\/\/chile.travel\/fr\/blog\/ne-vous-aventurez-pas-sur-la-carretera-austral-sans-connaitre-ces-informations\/"},"author":{"name":"Hernan Claro","@id":"https:\/\/stg.chile.travel\/fr\/#\/schema\/person\/b23fcf822acc3d71261e32defe64dd14"},"headline":"Ne vous aventurez pas sur la Carretera Austral sans conna\u00eetre ces informations","datePublished":"2025-02-11T12:56:53+00:00","dateModified":"2026-01-19T15:54:07+00:00","mainEntityOfPage":{"@id":"https:\/\/chile.travel\/fr\/blog\/ne-vous-aventurez-pas-sur-la-carretera-austral-sans-connaitre-ces-informations\/"},"wordCount":415,"publisher":{"@id":"https:\/\/stg.chile.travel\/fr\/#organization"},"image":{"@id":"https:\/\/chile.travel\/fr\/blog\/ne-vous-aventurez-pas-sur-la-carretera-austral-sans-connaitre-ces-informations\/#primaryimage"},"thumbnailUrl":"https:\/\/chile.travel\/wp-content\/uploads\/2025\/02\/30e8a397-carretera-austral-1.jpg","articleSection":["Blog","Journal de voyage","Nature"],"inLanguage":"fr-FR"},{"@type":"WebPage","@id":"https:\/\/chile.travel\/fr\/blog\/ne-vous-aventurez-pas-sur-la-carretera-austral-sans-connaitre-ces-informations\/","url":"https:\/\/chile.travel\/fr\/blog\/ne-vous-aventurez-pas-sur-la-carretera-austral-sans-connaitre-ces-informations\/","name":"Ne vous aventurez pas sur la Carretera Austral du Chili sans conna\u00eetre ces informations","isPartOf":{"@id":"https:\/\/stg.chile.travel\/fr\/#website"},"primaryImageOfPage":{"@id":"https:\/\/chile.travel\/fr\/blog\/ne-vous-aventurez-pas-sur-la-carretera-austral-sans-connaitre-ces-informations\/#primaryimage"},"image":{"@id":"https:\/\/chile.travel\/fr\/blog\/ne-vous-aventurez-pas-sur-la-carretera-austral-sans-connaitre-ces-informations\/#primaryimage"},"thumbnailUrl":"https:\/\/chile.travel\/wp-content\/uploads\/2025\/02\/30e8a397-carretera-austral-1.jpg","datePublished":"2025-02-11T12:56:53+00:00","dateModified":"2026-01-19T15:54:07+00:00","description":"Si vous avez d\u00e9j\u00e0 d\u00e9cid\u00e9 que votre prochain voyage sera sur la Carretera Austral du Chili, nous vous indiquons o\u00f9 elle commence, comment la parcourir et les incontournables.","breadcrumb":{"@id":"https:\/\/chile.travel\/fr\/blog\/ne-vous-aventurez-pas-sur-la-carretera-austral-sans-connaitre-ces-informations\/#breadcrumb"},"inLanguage":"fr-FR","potentialAction":[{"@type":"ReadAction","target":["https:\/\/chile.travel\/fr\/blog\/ne-vous-aventurez-pas-sur-la-carretera-austral-sans-connaitre-ces-informations\/"]}]},{"@type":"ImageObject","inLanguage":"fr-FR","@id":"https:\/\/chile.travel\/fr\/blog\/ne-vous-aventurez-pas-sur-la-carretera-austral-sans-connaitre-ces-informations\/#primaryimage","url":"https:\/\/chile.travel\/wp-content\/uploads\/2025\/02\/30e8a397-carretera-austral-1.jpg","contentUrl":"https:\/\/chile.travel\/wp-content\/uploads\/2025\/02\/30e8a397-carretera-austral-1.jpg","width":1600,"height":840},{"@type":"BreadcrumbList","@id":"https:\/\/chile.travel\/fr\/blog\/ne-vous-aventurez-pas-sur-la-carretera-austral-sans-connaitre-ces-informations\/#breadcrumb","itemListElement":[{"@type":"ListItem","position":1,"name":"Portada","item":"https:\/\/stg.chile.travel\/fr\/"},{"@type":"ListItem","position":2,"name":"Ne vous aventurez pas sur la Carretera Austral sans conna\u00eetre ces informations"}]},{"@type":"WebSite","@id":"https:\/\/stg.chile.travel\/fr\/#website","url":"https:\/\/stg.chile.travel\/fr\/","name":"Chile Travel","description":"","publisher":{"@id":"https:\/\/stg.chile.travel\/fr\/#organization"},"potentialAction":[{"@type":"SearchAction","target":{"@type":"EntryPoint","urlTemplate":"https:\/\/stg.chile.travel\/fr\/?s={search_term_string}"},"query-input":{"@type":"PropertyValueSpecification","valueRequired":true,"valueName":"search_term_string"}}],"inLanguage":"fr-FR"},{"@type":"Organization","@id":"https:\/\/stg.chile.travel\/fr\/#organization","name":"Chile Travel","url":"https:\/\/stg.chile.travel\/fr\/","logo":{"@type":"ImageObject","inLanguage":"fr-FR","@id":"https:\/\/stg.chile.travel\/fr\/#\/schema\/logo\/image\/","url":"https:\/\/chile.travel\/wp-content\/uploads\/2025\/12\/84152706-logo-travel.svg","contentUrl":"https:\/\/chile.travel\/wp-content\/uploads\/2025\/12\/84152706-logo-travel.svg","width":189,"height":225,"caption":"Chile Travel"},"image":{"@id":"https:\/\/stg.chile.travel\/fr\/#\/schema\/logo\/image\/"}},{"@type":"Person","@id":"https:\/\/stg.chile.travel\/fr\/#\/schema\/person\/b23fcf822acc3d71261e32defe64dd14","name":"Hernan Claro","image":{"@type":"ImageObject","inLanguage":"fr-FR","@id":"https:\/\/secure.gravatar.com\/avatar\/d37398fde8a90031b777a6517db2c2895d6e6a2b3edd4dce1b9e70eaf6c524ca?s=96&d=mm&r=g","url":"https:\/\/secure.gravatar.com\/avatar\/d37398fde8a90031b777a6517db2c2895d6e6a2b3edd4dce1b9e70eaf6c524ca?s=96&d=mm&r=g","contentUrl":"https:\/\/secure.gravatar.com\/avatar\/d37398fde8a90031b777a6517db2c2895d6e6a2b3edd4dce1b9e70eaf6c524ca?s=96&d=mm&r=g","caption":"Hernan Claro"},"url":"https:\/\/chile.travel\/fr\/blog\/author\/hclaro\/"}]}},"_links":{"self":[{"href":"https:\/\/chile.travel\/fr\/wp-json\/wp\/v2\/posts\/91693","targetHints":{"allow":["GET"]}}],"collection":[{"href":"https:\/\/chile.travel\/fr\/wp-json\/wp\/v2\/posts"}],"about":[{"href":"https:\/\/chile.travel\/fr\/wp-json\/wp\/v2\/types\/post"}],"author":[{"embeddable":true,"href":"https:\/\/chile.travel\/fr\/wp-json\/wp\/v2\/users\/12"}],"replies":[{"embeddable":true,"href":"https:\/\/chile.travel\/fr\/wp-json\/wp\/v2\/comments?post=91693"}],"version-history":[{"count":1,"href":"https:\/\/chile.travel\/fr\/wp-json\/wp\/v2\/posts\/91693\/revisions"}],"predecessor-version":[{"id":91694,"href":"https:\/\/chile.travel\/fr\/wp-json\/wp\/v2\/posts\/91693\/revisions\/91694"}],"wp:featuredmedia":[{"embeddable":true,"href":"https:\/\/chile.travel\/fr\/wp-json\/wp\/v2\/media\/80658"}],"wp:attachment":[{"href":"https:\/\/chile.travel\/fr\/wp-json\/wp\/v2\/media?parent=91693"}],"wp:term":[{"taxonomy":"category","embeddable":true,"href":"https:\/\/chile.travel\/fr\/wp-json\/wp\/v2\/categories?post=91693"},{"taxonomy":"post_tag","embeddable":true,"href":"https:\/\/chile.travel\/fr\/wp-json\/wp\/v2\/tags?post=91693"},{"taxonomy":"actividad","embeddable":true,"href":"https:\/\/chile.travel\/fr\/wp-json\/wp\/v2\/actividad?post=91693"},{"taxonomy":"destacado","embeddable":true,"href":"https:\/\/chile.travel\/fr\/wp-json\/wp\/v2\/destacado?post=91693"},{"taxonomy":"paisaje","embeddable":true,"href":"https:\/\/chile.travel\/fr\/wp-json\/wp\/v2\/paisaje?post=91693"},{"taxonomy":"region","embeddable":true,"href":"https:\/\/chile.travel\/fr\/wp-json\/wp\/v2\/region?post=91693"},{"taxonomy":"zona","embeddable":true,"href":"https:\/\/chile.travel\/fr\/wp-json\/wp\/v2\/zona?post=91693"}],"curies":[{"name":"wp","href":"https:\/\/api.w.org\/{rel}","templated":true}]}}