






{"id":91546,"date":"2025-07-24T10:54:10","date_gmt":"2025-07-24T14:54:10","guid":{"rendered":"https:\/\/chile.travel\/blog\/telepherique-et-funiculaire-a-santiago-deplacez-vous-dans-les-airs-sur-le-cerro-san-cristobal\/"},"modified":"2026-01-19T12:45:57","modified_gmt":"2026-01-19T15:45:57","slug":"telepherique-et-funiculaire-a-santiago-deplacez-vous-dans-les-airs-sur-le-cerro-san-cristobal","status":"publish","type":"post","link":"https:\/\/chile.travel\/fr\/blog\/telepherique-et-funiculaire-a-santiago-deplacez-vous-dans-les-airs-sur-le-cerro-san-cristobal\/","title":{"rendered":"T\u00e9l\u00e9ph\u00e9rique et funiculaire \u00e0 Santiago&nbsp;? D\u00e9placez-vous dans les airs sur le Cerro San Crist\u00f3bal"},"content":{"rendered":"\n<p>Situ\u00e9 en plein c\u0153ur de la capitale chilienne, le Cerro San Crist\u00f3bal est bien plus qu\u2019une colline. C\u2019est une aventure urbaine avec t\u00e9l\u00e9ph\u00e9rique, funiculaire et vue sur tout Santiago\u00a0! <\/p>\n\n<p>Si vous pr\u00e9voyez votre voyage \u00e0 Santiago du Chili, il y a une destination \u00e0 ne pas manquer dans votre itin\u00e9raire\u00a0: le <strong>Cerro San Crist\u00f3bal avec son t\u00e9l\u00e9ph\u00e9rique et son funiculaire<\/strong>.<\/p>\n\n<p>Ce symbole de la ville, qui fait partie du Parque Metropolitano, est le plus grand poumon vert de la capitale. Il offre nature, culture et une vue panoramique qui, par temps clair, permet de voir les gratte-ciel de cette ville et l\u2019imposante Cordill\u00e8re des Andes.<\/p>\n\n<p>Il poss\u00e8de plus de 700\u00a0hectares d\u2019espaces verts, de jardins th\u00e9matiques, de sentiers, de zones de pique-nique et de belv\u00e9d\u00e8res.<\/p>\n\n<p>Mais ce qui donne vraiment une touche magique \u00e0 la promenade, ce sont ses deux modes d\u2019ascension classiques\u00a0: le <strong>funiculaire<\/strong> et le <strong>t\u00e9l\u00e9ph\u00e9rique<\/strong>. Oserez-vous vous d\u00e9placer dans les hauteurs\u00a0? Nous vous expliquons tous les d\u00e9tails. C\u2019est parti\u00a0!   <\/p>\n\n<h2 class=\"wp-block-heading\">Funiculaire de Santiago\u00a0: Un voyage avec histoire<\/h2>\n\n<figure class=\"wp-block-image alignnone wp-image-61750\"><img decoding=\"async\" src=\"https:\/\/storage.googleapis.com\/bkt-chile-travel\/2025\/07\/7f8a00c7-reapertura-funicular-71-x2-1.jpg\" alt=\"Funiculaire Santiago Cerro San Crist&#xF3;bal\" class=\"wp-image-61750\"\/><figcaption class=\"wp-element-caption\">Photographie fournie par Turistik Chile.<\/figcaption><\/figure>\n\n<p>Ce moyen de transport traditionnel fonctionne depuis 1925, oui, il a plus de 100\u00a0ans et constitue un v\u00e9ritable patrimoine de la capitale.<\/p>\n\n<p>On y acc\u00e8de par le quartier Bellavista, plus pr\u00e9cis\u00e9ment depuis <strong>l\u2019entr\u00e9e P\u00edo Nono<\/strong>, \u00e0 quelques pas des bars, des restaurants et de l\u2019art de rue qui caract\u00e9rise ce secteur boh\u00e8me de Santiago.<\/p>\n\n<p>Le funiculaire vous emm\u00e8ne directement au <strong>sommet de la colline<\/strong>, o\u00f9 se trouve le c\u00e9l\u00e8bre <strong>Santuario de la Virgen<\/strong>, l\u2019un des points les plus visit\u00e9s par les touristes et les habitants.<\/p>\n\n<p>Normalement, le funiculaire fait un arr\u00eat interm\u00e9diaire au <strong>Zool\u00f3gico Nacional<\/strong>, id\u00e9al si vous voyagez avec des enfants ou si vous voulez simplement d\u00e9couvrir une partie de la faune chilienne. Consultez ici ses horaires et s\u2019il est op\u00e9rationnel, car il peut \u00eatre en maintenance. <\/p>\n\n<p><strong>Tarifs du funiculaire 2025\u00a0:<\/strong><\/p>\n\n<ul class=\"wp-block-list\">\n<li>Adultes\u00a0: 3\u00a0000\u00a0CLP l\u2019aller \/ 4\u00a0000\u00a0CLP l\u2019aller-retour<\/li>\n\n\n\n<li>Enfants, \u00e9tudiants et personnes \u00e2g\u00e9es\u00a0: 1\u00a0500\u00a0CLP l\u2019aller \/ 2\u00a0000\u00a0CLP l\u2019aller-retour<\/li>\n<\/ul>\n\n<h2 class=\"wp-block-heading\">Vues en mouvement avec le t\u00e9l\u00e9ph\u00e9rique de Santiago<\/h2>\n\n<figure class=\"wp-block-image alignnone wp-image-61746\"><img decoding=\"async\" src=\"https:\/\/storage.googleapis.com\/bkt-chile-travel\/2025\/07\/cc607ae6-teleferico_andres_reyes_agosto-6-x3-1.jpg\" alt=\"T&#xE9;l&#xE9;ph&#xE9;rique Cerro San Crist&#xF3;bal Chile\" class=\"wp-image-61746\"\/><figcaption class=\"wp-element-caption\">Photographie\u00a0: Fournie par Turistik Chile<\/figcaption><\/figure>\n\n<p>Depuis le secteur oriental du Cerro San Crist\u00f3bal, auquel vous arrivez par le m\u00e9tro Pedro de Valdivia, vous pouvez monter dans le <strong>t\u00e9l\u00e9ph\u00e9rique<\/strong> \u00e0 sa station principale.<\/p>\n\n<p>Cette cabine a\u00e9rienne moderne vous emm\u00e8ne sur les hauteurs de la colline avec <strong>une vue panoramique de Santiago vraiment impressionnante<\/strong>.<\/p>\n\n<p>En chemin, vous verrez des arbres indig\u00e8nes, des cyclistes et des sentiers, ainsi que des points cl\u00e9s comme le Costanera Center, le fleuve Mapocho et la cordill\u00e8re. Le t\u00e9l\u00e9ph\u00e9rique a trois stations. <\/p>\n\n<p>Pendant les mois les plus chauds, de novembre \u00e0 mars, <strong>les piscines Tupahue et Antil\u00e9n sont un arr\u00eat obligatoire (elles sont payantes).<\/strong><\/p>\n\n<p>Autre incontournable, auquel vous pouvez acc\u00e9der avec le t\u00e9l\u00e9ph\u00e9rique, est le Jardin japonais, con\u00e7u par l\u2019architecte Tadashi Asahi selon les traditions mill\u00e9naires de l\u2019am\u00e9nagement paysager asiatique, une philosophie qui consid\u00e8re les jardins comme une mat\u00e9rialisation du paradis sur Terre.<\/p>\n\n<p><strong>Tarifs 2025\u00a0:<\/strong><\/p>\n\n<ul class=\"wp-block-list\">\n<li>Adultes\u00a0: 4\u00a0000\u00a0CLP l\u2019aller \/ 5\u00a0500\u00a0CLP l\u2019aller-retour<\/li>\n\n\n\n<li>Enfants et personnes \u00e2g\u00e9es\u00a0: 2\u00a0000\u00a0CLP l\u2019aller \/ 3\u00a0000\u00a0CLP l\u2019aller-retour<\/li>\n<\/ul>\n","protected":false},"excerpt":{"rendered":"<p>Situ\u00e9 en plein c\u0153ur de la capitale chilienne, le Cerro San Crist\u00f3bal est bien plus qu\u2019une colline. C\u2019est une aventure urbaine \u00e0 Santiago&nbsp;! <\/p>\n","protected":false},"author":12,"featured_media":80213,"comment_status":"closed","ping_status":"open","sticky":false,"template":"","format":"standard","meta":{"_acf_changed":false,"inline_featured_image":false,"powered_cache_disable_cache":false,"powered_cache_disable_lazyload":false,"powered_cache_disable_js_optimization":false,"footnotes":""},"categories":[2771,2941,2946,2993],"tags":[3001],"actividad":[2591,2619,2621],"destacado":[],"paisaje":[2581],"region":[2583],"zona":[2574],"class_list":["post-91546","post","type-post","status-publish","format-standard","has-post-thumbnail","hentry","category-blog","category-journal-de-voyage","category-vie-urbaine","category-culture-2","tag-cerro-san-cristobal","actividad-tourisme-urbain","actividad-city-tour","actividad-activites-familiales","paisaje-villes","region-metropolitana","zona-santiago-valparaiso-et-vallees-viticoles"],"acf":[],"yoast_head":"<!-- This site is optimized with the Yoast SEO plugin v27.5 - https:\/\/yoast.com\/product\/yoast-seo-wordpress\/ -->\n<title>T\u00e9l\u00e9ph\u00e9rique et funiculaire \u00e0 Santiago\u00a0? Oui, sur le Cerro San Crist\u00f3bal<\/title>\n<meta name=\"description\" content=\"Situ\u00e9 en plein c\u0153ur de la capitale chilienne, le Cerro San Crist\u00f3bal est bien plus qu\u2019une colline. C\u2019est une aventure urbaine \u00e0 Santiago\u00a0!\" \/>\n<meta name=\"robots\" content=\"index, follow, max-snippet:-1, max-image-preview:large, max-video-preview:-1\" \/>\n<link rel=\"canonical\" href=\"https:\/\/chile.travel\/fr\/blog\/telepherique-et-funiculaire-a-santiago-deplacez-vous-dans-les-airs-sur-le-cerro-san-cristobal\/\" \/>\n<meta property=\"og:locale\" content=\"fr_FR\" \/>\n<meta property=\"og:type\" content=\"article\" \/>\n<meta property=\"og:title\" content=\"T\u00e9l\u00e9ph\u00e9rique et funiculaire \u00e0 Santiago\u00a0? Oui, sur le Cerro San Crist\u00f3bal\" \/>\n<meta property=\"og:description\" content=\"Situ\u00e9 en plein c\u0153ur de la capitale chilienne, le Cerro San Crist\u00f3bal est bien plus qu\u2019une colline. C\u2019est une aventure urbaine \u00e0 Santiago\u00a0!\" \/>\n<meta property=\"og:url\" content=\"https:\/\/chile.travel\/fr\/blog\/telepherique-et-funiculaire-a-santiago-deplacez-vous-dans-les-airs-sur-le-cerro-san-cristobal\/\" \/>\n<meta property=\"og:site_name\" content=\"Chile Travel\" \/>\n<meta property=\"article:published_time\" content=\"2025-07-24T14:54:10+00:00\" \/>\n<meta property=\"article:modified_time\" content=\"2026-01-19T15:45:57+00:00\" \/>\n<meta property=\"og:image\" content=\"https:\/\/chile.travel\/wp-content\/uploads\/2025\/07\/985f19ec-shutter-stock-teleferico-santiago-x2-1.jpg\" \/>\n\t<meta property=\"og:image:width\" content=\"1600\" \/>\n\t<meta property=\"og:image:height\" content=\"840\" \/>\n\t<meta property=\"og:image:type\" content=\"image\/jpeg\" \/>\n<meta name=\"author\" content=\"Hernan Claro\" \/>\n<meta name=\"twitter:card\" content=\"summary_large_image\" \/>\n<meta name=\"twitter:label1\" content=\"\u00c9crit par\" \/>\n\t<meta name=\"twitter:data1\" content=\"Hernan Claro\" \/>\n\t<meta name=\"twitter:label2\" content=\"Dur\u00e9e de lecture estim\u00e9e\" \/>\n\t<meta name=\"twitter:data2\" content=\"3 minutes\" \/>\n<script type=\"application\/ld+json\" class=\"yoast-schema-graph\">{\"@context\":\"https:\\\/\\\/schema.org\",\"@graph\":[{\"@type\":\"Article\",\"@id\":\"https:\\\/\\\/chile.travel\\\/fr\\\/blog\\\/telepherique-et-funiculaire-a-santiago-deplacez-vous-dans-les-airs-sur-le-cerro-san-cristobal\\\/#article\",\"isPartOf\":{\"@id\":\"https:\\\/\\\/chile.travel\\\/fr\\\/blog\\\/telepherique-et-funiculaire-a-santiago-deplacez-vous-dans-les-airs-sur-le-cerro-san-cristobal\\\/\"},\"author\":{\"name\":\"Hernan Claro\",\"@id\":\"https:\\\/\\\/stg.chile.travel\\\/fr\\\/#\\\/schema\\\/person\\\/b23fcf822acc3d71261e32defe64dd14\"},\"headline\":\"T\u00e9l\u00e9ph\u00e9rique et funiculaire \u00e0 Santiago&nbsp;? D\u00e9placez-vous dans les airs sur le Cerro San Crist\u00f3bal\",\"datePublished\":\"2025-07-24T14:54:10+00:00\",\"dateModified\":\"2026-01-19T15:45:57+00:00\",\"mainEntityOfPage\":{\"@id\":\"https:\\\/\\\/chile.travel\\\/fr\\\/blog\\\/telepherique-et-funiculaire-a-santiago-deplacez-vous-dans-les-airs-sur-le-cerro-san-cristobal\\\/\"},\"wordCount\":585,\"publisher\":{\"@id\":\"https:\\\/\\\/stg.chile.travel\\\/fr\\\/#organization\"},\"image\":{\"@id\":\"https:\\\/\\\/chile.travel\\\/fr\\\/blog\\\/telepherique-et-funiculaire-a-santiago-deplacez-vous-dans-les-airs-sur-le-cerro-san-cristobal\\\/#primaryimage\"},\"thumbnailUrl\":\"https:\\\/\\\/chile.travel\\\/wp-content\\\/uploads\\\/2025\\\/07\\\/985f19ec-shutter-stock-teleferico-santiago-x2-1.jpg\",\"keywords\":[\"Cerro San Crist\u00f3bal\"],\"articleSection\":[\"Blog\",\"Journal de voyage\",\"Vie urbaine\",\"Culture\"],\"inLanguage\":\"fr-FR\"},{\"@type\":\"WebPage\",\"@id\":\"https:\\\/\\\/chile.travel\\\/fr\\\/blog\\\/telepherique-et-funiculaire-a-santiago-deplacez-vous-dans-les-airs-sur-le-cerro-san-cristobal\\\/\",\"url\":\"https:\\\/\\\/chile.travel\\\/fr\\\/blog\\\/telepherique-et-funiculaire-a-santiago-deplacez-vous-dans-les-airs-sur-le-cerro-san-cristobal\\\/\",\"name\":\"T\u00e9l\u00e9ph\u00e9rique et funiculaire \u00e0 Santiago\u00a0? Oui, sur le Cerro San Crist\u00f3bal\",\"isPartOf\":{\"@id\":\"https:\\\/\\\/stg.chile.travel\\\/fr\\\/#website\"},\"primaryImageOfPage\":{\"@id\":\"https:\\\/\\\/chile.travel\\\/fr\\\/blog\\\/telepherique-et-funiculaire-a-santiago-deplacez-vous-dans-les-airs-sur-le-cerro-san-cristobal\\\/#primaryimage\"},\"image\":{\"@id\":\"https:\\\/\\\/chile.travel\\\/fr\\\/blog\\\/telepherique-et-funiculaire-a-santiago-deplacez-vous-dans-les-airs-sur-le-cerro-san-cristobal\\\/#primaryimage\"},\"thumbnailUrl\":\"https:\\\/\\\/chile.travel\\\/wp-content\\\/uploads\\\/2025\\\/07\\\/985f19ec-shutter-stock-teleferico-santiago-x2-1.jpg\",\"datePublished\":\"2025-07-24T14:54:10+00:00\",\"dateModified\":\"2026-01-19T15:45:57+00:00\",\"description\":\"Situ\u00e9 en plein c\u0153ur de la capitale chilienne, le Cerro San Crist\u00f3bal est bien plus qu\u2019une colline. C\u2019est une aventure urbaine \u00e0 Santiago\u00a0!\",\"breadcrumb\":{\"@id\":\"https:\\\/\\\/chile.travel\\\/fr\\\/blog\\\/telepherique-et-funiculaire-a-santiago-deplacez-vous-dans-les-airs-sur-le-cerro-san-cristobal\\\/#breadcrumb\"},\"inLanguage\":\"fr-FR\",\"potentialAction\":[{\"@type\":\"ReadAction\",\"target\":[\"https:\\\/\\\/chile.travel\\\/fr\\\/blog\\\/telepherique-et-funiculaire-a-santiago-deplacez-vous-dans-les-airs-sur-le-cerro-san-cristobal\\\/\"]}]},{\"@type\":\"ImageObject\",\"inLanguage\":\"fr-FR\",\"@id\":\"https:\\\/\\\/chile.travel\\\/fr\\\/blog\\\/telepherique-et-funiculaire-a-santiago-deplacez-vous-dans-les-airs-sur-le-cerro-san-cristobal\\\/#primaryimage\",\"url\":\"https:\\\/\\\/chile.travel\\\/wp-content\\\/uploads\\\/2025\\\/07\\\/985f19ec-shutter-stock-teleferico-santiago-x2-1.jpg\",\"contentUrl\":\"https:\\\/\\\/chile.travel\\\/wp-content\\\/uploads\\\/2025\\\/07\\\/985f19ec-shutter-stock-teleferico-santiago-x2-1.jpg\",\"width\":1600,\"height\":840},{\"@type\":\"BreadcrumbList\",\"@id\":\"https:\\\/\\\/chile.travel\\\/fr\\\/blog\\\/telepherique-et-funiculaire-a-santiago-deplacez-vous-dans-les-airs-sur-le-cerro-san-cristobal\\\/#breadcrumb\",\"itemListElement\":[{\"@type\":\"ListItem\",\"position\":1,\"name\":\"Portada\",\"item\":\"https:\\\/\\\/stg.chile.travel\\\/fr\\\/\"},{\"@type\":\"ListItem\",\"position\":2,\"name\":\"T\u00e9l\u00e9ph\u00e9rique et funiculaire \u00e0 Santiago&nbsp;? D\u00e9placez-vous dans les airs sur le Cerro San Crist\u00f3bal\"}]},{\"@type\":\"WebSite\",\"@id\":\"https:\\\/\\\/stg.chile.travel\\\/fr\\\/#website\",\"url\":\"https:\\\/\\\/stg.chile.travel\\\/fr\\\/\",\"name\":\"Chile Travel\",\"description\":\"\",\"publisher\":{\"@id\":\"https:\\\/\\\/stg.chile.travel\\\/fr\\\/#organization\"},\"potentialAction\":[{\"@type\":\"SearchAction\",\"target\":{\"@type\":\"EntryPoint\",\"urlTemplate\":\"https:\\\/\\\/stg.chile.travel\\\/fr\\\/?s={search_term_string}\"},\"query-input\":{\"@type\":\"PropertyValueSpecification\",\"valueRequired\":true,\"valueName\":\"search_term_string\"}}],\"inLanguage\":\"fr-FR\"},{\"@type\":\"Organization\",\"@id\":\"https:\\\/\\\/stg.chile.travel\\\/fr\\\/#organization\",\"name\":\"Chile Travel\",\"url\":\"https:\\\/\\\/stg.chile.travel\\\/fr\\\/\",\"logo\":{\"@type\":\"ImageObject\",\"inLanguage\":\"fr-FR\",\"@id\":\"https:\\\/\\\/stg.chile.travel\\\/fr\\\/#\\\/schema\\\/logo\\\/image\\\/\",\"url\":\"https:\\\/\\\/chile.travel\\\/wp-content\\\/uploads\\\/2025\\\/12\\\/84152706-logo-travel.svg\",\"contentUrl\":\"https:\\\/\\\/chile.travel\\\/wp-content\\\/uploads\\\/2025\\\/12\\\/84152706-logo-travel.svg\",\"width\":189,\"height\":225,\"caption\":\"Chile Travel\"},\"image\":{\"@id\":\"https:\\\/\\\/stg.chile.travel\\\/fr\\\/#\\\/schema\\\/logo\\\/image\\\/\"}},{\"@type\":\"Person\",\"@id\":\"https:\\\/\\\/stg.chile.travel\\\/fr\\\/#\\\/schema\\\/person\\\/b23fcf822acc3d71261e32defe64dd14\",\"name\":\"Hernan Claro\",\"image\":{\"@type\":\"ImageObject\",\"inLanguage\":\"fr-FR\",\"@id\":\"https:\\\/\\\/secure.gravatar.com\\\/avatar\\\/d37398fde8a90031b777a6517db2c2895d6e6a2b3edd4dce1b9e70eaf6c524ca?s=96&d=mm&r=g\",\"url\":\"https:\\\/\\\/secure.gravatar.com\\\/avatar\\\/d37398fde8a90031b777a6517db2c2895d6e6a2b3edd4dce1b9e70eaf6c524ca?s=96&d=mm&r=g\",\"contentUrl\":\"https:\\\/\\\/secure.gravatar.com\\\/avatar\\\/d37398fde8a90031b777a6517db2c2895d6e6a2b3edd4dce1b9e70eaf6c524ca?s=96&d=mm&r=g\",\"caption\":\"Hernan Claro\"},\"url\":\"https:\\\/\\\/chile.travel\\\/fr\\\/blog\\\/author\\\/hclaro\\\/\"}]}<\/script>\n<!-- \/ Yoast SEO plugin. -->","yoast_head_json":{"title":"T\u00e9l\u00e9ph\u00e9rique et funiculaire \u00e0 Santiago\u00a0? Oui, sur le Cerro San Crist\u00f3bal","description":"Situ\u00e9 en plein c\u0153ur de la capitale chilienne, le Cerro San Crist\u00f3bal est bien plus qu\u2019une colline. C\u2019est une aventure urbaine \u00e0 Santiago\u00a0!","robots":{"index":"index","follow":"follow","max-snippet":"max-snippet:-1","max-image-preview":"max-image-preview:large","max-video-preview":"max-video-preview:-1"},"canonical":"https:\/\/chile.travel\/fr\/blog\/telepherique-et-funiculaire-a-santiago-deplacez-vous-dans-les-airs-sur-le-cerro-san-cristobal\/","og_locale":"fr_FR","og_type":"article","og_title":"T\u00e9l\u00e9ph\u00e9rique et funiculaire \u00e0 Santiago\u00a0? Oui, sur le Cerro San Crist\u00f3bal","og_description":"Situ\u00e9 en plein c\u0153ur de la capitale chilienne, le Cerro San Crist\u00f3bal est bien plus qu\u2019une colline. C\u2019est une aventure urbaine \u00e0 Santiago\u00a0!","og_url":"https:\/\/chile.travel\/fr\/blog\/telepherique-et-funiculaire-a-santiago-deplacez-vous-dans-les-airs-sur-le-cerro-san-cristobal\/","og_site_name":"Chile Travel","article_published_time":"2025-07-24T14:54:10+00:00","article_modified_time":"2026-01-19T15:45:57+00:00","og_image":[{"width":1600,"height":840,"url":"https:\/\/chile.travel\/wp-content\/uploads\/2025\/07\/985f19ec-shutter-stock-teleferico-santiago-x2-1.jpg","type":"image\/jpeg"}],"author":"Hernan Claro","twitter_card":"summary_large_image","twitter_misc":{"\u00c9crit par":"Hernan Claro","Dur\u00e9e de lecture estim\u00e9e":"3 minutes"},"schema":{"@context":"https:\/\/schema.org","@graph":[{"@type":"Article","@id":"https:\/\/chile.travel\/fr\/blog\/telepherique-et-funiculaire-a-santiago-deplacez-vous-dans-les-airs-sur-le-cerro-san-cristobal\/#article","isPartOf":{"@id":"https:\/\/chile.travel\/fr\/blog\/telepherique-et-funiculaire-a-santiago-deplacez-vous-dans-les-airs-sur-le-cerro-san-cristobal\/"},"author":{"name":"Hernan Claro","@id":"https:\/\/stg.chile.travel\/fr\/#\/schema\/person\/b23fcf822acc3d71261e32defe64dd14"},"headline":"T\u00e9l\u00e9ph\u00e9rique et funiculaire \u00e0 Santiago&nbsp;? D\u00e9placez-vous dans les airs sur le Cerro San Crist\u00f3bal","datePublished":"2025-07-24T14:54:10+00:00","dateModified":"2026-01-19T15:45:57+00:00","mainEntityOfPage":{"@id":"https:\/\/chile.travel\/fr\/blog\/telepherique-et-funiculaire-a-santiago-deplacez-vous-dans-les-airs-sur-le-cerro-san-cristobal\/"},"wordCount":585,"publisher":{"@id":"https:\/\/stg.chile.travel\/fr\/#organization"},"image":{"@id":"https:\/\/chile.travel\/fr\/blog\/telepherique-et-funiculaire-a-santiago-deplacez-vous-dans-les-airs-sur-le-cerro-san-cristobal\/#primaryimage"},"thumbnailUrl":"https:\/\/chile.travel\/wp-content\/uploads\/2025\/07\/985f19ec-shutter-stock-teleferico-santiago-x2-1.jpg","keywords":["Cerro San Crist\u00f3bal"],"articleSection":["Blog","Journal de voyage","Vie urbaine","Culture"],"inLanguage":"fr-FR"},{"@type":"WebPage","@id":"https:\/\/chile.travel\/fr\/blog\/telepherique-et-funiculaire-a-santiago-deplacez-vous-dans-les-airs-sur-le-cerro-san-cristobal\/","url":"https:\/\/chile.travel\/fr\/blog\/telepherique-et-funiculaire-a-santiago-deplacez-vous-dans-les-airs-sur-le-cerro-san-cristobal\/","name":"T\u00e9l\u00e9ph\u00e9rique et funiculaire \u00e0 Santiago\u00a0? Oui, sur le Cerro San Crist\u00f3bal","isPartOf":{"@id":"https:\/\/stg.chile.travel\/fr\/#website"},"primaryImageOfPage":{"@id":"https:\/\/chile.travel\/fr\/blog\/telepherique-et-funiculaire-a-santiago-deplacez-vous-dans-les-airs-sur-le-cerro-san-cristobal\/#primaryimage"},"image":{"@id":"https:\/\/chile.travel\/fr\/blog\/telepherique-et-funiculaire-a-santiago-deplacez-vous-dans-les-airs-sur-le-cerro-san-cristobal\/#primaryimage"},"thumbnailUrl":"https:\/\/chile.travel\/wp-content\/uploads\/2025\/07\/985f19ec-shutter-stock-teleferico-santiago-x2-1.jpg","datePublished":"2025-07-24T14:54:10+00:00","dateModified":"2026-01-19T15:45:57+00:00","description":"Situ\u00e9 en plein c\u0153ur de la capitale chilienne, le Cerro San Crist\u00f3bal est bien plus qu\u2019une colline. C\u2019est une aventure urbaine \u00e0 Santiago\u00a0!","breadcrumb":{"@id":"https:\/\/chile.travel\/fr\/blog\/telepherique-et-funiculaire-a-santiago-deplacez-vous-dans-les-airs-sur-le-cerro-san-cristobal\/#breadcrumb"},"inLanguage":"fr-FR","potentialAction":[{"@type":"ReadAction","target":["https:\/\/chile.travel\/fr\/blog\/telepherique-et-funiculaire-a-santiago-deplacez-vous-dans-les-airs-sur-le-cerro-san-cristobal\/"]}]},{"@type":"ImageObject","inLanguage":"fr-FR","@id":"https:\/\/chile.travel\/fr\/blog\/telepherique-et-funiculaire-a-santiago-deplacez-vous-dans-les-airs-sur-le-cerro-san-cristobal\/#primaryimage","url":"https:\/\/chile.travel\/wp-content\/uploads\/2025\/07\/985f19ec-shutter-stock-teleferico-santiago-x2-1.jpg","contentUrl":"https:\/\/chile.travel\/wp-content\/uploads\/2025\/07\/985f19ec-shutter-stock-teleferico-santiago-x2-1.jpg","width":1600,"height":840},{"@type":"BreadcrumbList","@id":"https:\/\/chile.travel\/fr\/blog\/telepherique-et-funiculaire-a-santiago-deplacez-vous-dans-les-airs-sur-le-cerro-san-cristobal\/#breadcrumb","itemListElement":[{"@type":"ListItem","position":1,"name":"Portada","item":"https:\/\/stg.chile.travel\/fr\/"},{"@type":"ListItem","position":2,"name":"T\u00e9l\u00e9ph\u00e9rique et funiculaire \u00e0 Santiago&nbsp;? D\u00e9placez-vous dans les airs sur le Cerro San Crist\u00f3bal"}]},{"@type":"WebSite","@id":"https:\/\/stg.chile.travel\/fr\/#website","url":"https:\/\/stg.chile.travel\/fr\/","name":"Chile Travel","description":"","publisher":{"@id":"https:\/\/stg.chile.travel\/fr\/#organization"},"potentialAction":[{"@type":"SearchAction","target":{"@type":"EntryPoint","urlTemplate":"https:\/\/stg.chile.travel\/fr\/?s={search_term_string}"},"query-input":{"@type":"PropertyValueSpecification","valueRequired":true,"valueName":"search_term_string"}}],"inLanguage":"fr-FR"},{"@type":"Organization","@id":"https:\/\/stg.chile.travel\/fr\/#organization","name":"Chile Travel","url":"https:\/\/stg.chile.travel\/fr\/","logo":{"@type":"ImageObject","inLanguage":"fr-FR","@id":"https:\/\/stg.chile.travel\/fr\/#\/schema\/logo\/image\/","url":"https:\/\/chile.travel\/wp-content\/uploads\/2025\/12\/84152706-logo-travel.svg","contentUrl":"https:\/\/chile.travel\/wp-content\/uploads\/2025\/12\/84152706-logo-travel.svg","width":189,"height":225,"caption":"Chile Travel"},"image":{"@id":"https:\/\/stg.chile.travel\/fr\/#\/schema\/logo\/image\/"}},{"@type":"Person","@id":"https:\/\/stg.chile.travel\/fr\/#\/schema\/person\/b23fcf822acc3d71261e32defe64dd14","name":"Hernan Claro","image":{"@type":"ImageObject","inLanguage":"fr-FR","@id":"https:\/\/secure.gravatar.com\/avatar\/d37398fde8a90031b777a6517db2c2895d6e6a2b3edd4dce1b9e70eaf6c524ca?s=96&d=mm&r=g","url":"https:\/\/secure.gravatar.com\/avatar\/d37398fde8a90031b777a6517db2c2895d6e6a2b3edd4dce1b9e70eaf6c524ca?s=96&d=mm&r=g","contentUrl":"https:\/\/secure.gravatar.com\/avatar\/d37398fde8a90031b777a6517db2c2895d6e6a2b3edd4dce1b9e70eaf6c524ca?s=96&d=mm&r=g","caption":"Hernan Claro"},"url":"https:\/\/chile.travel\/fr\/blog\/author\/hclaro\/"}]}},"_links":{"self":[{"href":"https:\/\/chile.travel\/fr\/wp-json\/wp\/v2\/posts\/91546","targetHints":{"allow":["GET"]}}],"collection":[{"href":"https:\/\/chile.travel\/fr\/wp-json\/wp\/v2\/posts"}],"about":[{"href":"https:\/\/chile.travel\/fr\/wp-json\/wp\/v2\/types\/post"}],"author":[{"embeddable":true,"href":"https:\/\/chile.travel\/fr\/wp-json\/wp\/v2\/users\/12"}],"replies":[{"embeddable":true,"href":"https:\/\/chile.travel\/fr\/wp-json\/wp\/v2\/comments?post=91546"}],"version-history":[{"count":1,"href":"https:\/\/chile.travel\/fr\/wp-json\/wp\/v2\/posts\/91546\/revisions"}],"predecessor-version":[{"id":91548,"href":"https:\/\/chile.travel\/fr\/wp-json\/wp\/v2\/posts\/91546\/revisions\/91548"}],"wp:featuredmedia":[{"embeddable":true,"href":"https:\/\/chile.travel\/fr\/wp-json\/wp\/v2\/media\/80213"}],"wp:attachment":[{"href":"https:\/\/chile.travel\/fr\/wp-json\/wp\/v2\/media?parent=91546"}],"wp:term":[{"taxonomy":"category","embeddable":true,"href":"https:\/\/chile.travel\/fr\/wp-json\/wp\/v2\/categories?post=91546"},{"taxonomy":"post_tag","embeddable":true,"href":"https:\/\/chile.travel\/fr\/wp-json\/wp\/v2\/tags?post=91546"},{"taxonomy":"actividad","embeddable":true,"href":"https:\/\/chile.travel\/fr\/wp-json\/wp\/v2\/actividad?post=91546"},{"taxonomy":"destacado","embeddable":true,"href":"https:\/\/chile.travel\/fr\/wp-json\/wp\/v2\/destacado?post=91546"},{"taxonomy":"paisaje","embeddable":true,"href":"https:\/\/chile.travel\/fr\/wp-json\/wp\/v2\/paisaje?post=91546"},{"taxonomy":"region","embeddable":true,"href":"https:\/\/chile.travel\/fr\/wp-json\/wp\/v2\/region?post=91546"},{"taxonomy":"zona","embeddable":true,"href":"https:\/\/chile.travel\/fr\/wp-json\/wp\/v2\/zona?post=91546"}],"curies":[{"name":"wp","href":"https:\/\/api.w.org\/{rel}","templated":true}]}}