

{"id":101347,"date":"2026-09-03T15:49:51","date_gmt":"2026-09-03T19:49:51","guid":{"rendered":"https:\/\/chile.travel\/blog\/nichts-mit-texas-zu-tun-5-wissenswertes-ueber-die-chilenische-flagge\/"},"modified":"2026-09-03T15:55:02","modified_gmt":"2026-09-03T19:55:02","slug":"nichts-mit-texas-zu-tun-5-wissenswertes-ueber-die-chilenische-flagge","status":"publish","type":"post","link":"https:\/\/chile.travel\/de\/blog\/nichts-mit-texas-zu-tun-5-wissenswertes-ueber-die-chilenische-flagge\/","title":{"rendered":"Nichts mit Texas zu tun? 5 Wissenswertes \u00fcber die chilenische Flagge"},"content":{"rendered":"\n<p class=\"wp-block-paragraph\">Die chilenische Flagge wurde 1817 geboren<strong> <\/strong>und ist eines der wichtigsten Symbole unseres Landes. Sie kombiniert Blau, Wei\u00df und Rot mit einem f\u00fcnfzackigen Stern.  <\/p>\n\n<p class=\"wp-block-paragraph\">Obwohl manche sie mit der texanischen Flagge verwechseln, hat unser <em>einsamer Stern<\/em> eine kraftvolle Geschichte, die es wert ist, kennengelernt zu werden.<strong> Hier sind f\u00fcnf Wissenswertes \u00fcber sie!<\/strong><\/p>\n\n<figure class=\"wp-block-image size-large is-resized\"><img loading=\"lazy\" decoding=\"async\" width=\"1080\" height=\"1350\" src=\"https:\/\/chile.travel\/wp-content\/uploads\/2026\/09\/fbc032c6-image.jpeg\" alt=\" Gro&#xDF;e Bicentenario-Flagge, die auf einem Mast im Barrio C&#xED;vico von Santiago weht, mit Geb&#xE4;uden im Hintergrund.\" class=\"wp-image-101292\" style=\"aspect-ratio:0.8;width:448px;height:auto\" srcset=\"https:\/\/chile.travel\/wp-content\/uploads\/2026\/09\/fbc032c6-image.jpeg 1080w, https:\/\/chile.travel\/wp-content\/uploads\/2026\/09\/fbc032c6-image-240x300.jpeg 240w, https:\/\/chile.travel\/wp-content\/uploads\/2026\/09\/fbc032c6-image-768x960.jpeg 768w, https:\/\/chile.travel\/wp-content\/uploads\/2026\/09\/fbc032c6-image-819x1024.jpeg 819w\" sizes=\"auto, (max-width: 1080px) 100vw, 1080px\" \/><figcaption class=\"wp-element-caption\">Fotografie: <a href=\"https:\/\/www.instagram.com\/p\/DFWBwQHPHJP\/?igsi=Y2RxYWltcnNtZGlk\" target=\"_blank\" rel=\"noreferrer noopener\">@danielf99<\/a><\/figcaption><\/figure>\n\n<p class=\"has-text-align-right wp-block-paragraph\">Fotografie des Titelbilds: <a href=\"https:\/\/patagoniaaustral.cl\/st_tour\/volcan-osorno-y-saltos-del-petrohue\/\">Patagonia Austral<\/a><br\/><\/p>\n\n<h2 class=\"wp-block-heading\">1. Was ist der Ursprung der chilenischen Flagge?<\/h2>\n\n<p class=\"wp-block-paragraph\">Die <strong>chilenische Flagge<\/strong> wurde am <strong>18. Oktober 1817<\/strong> w\u00e4hrend der Regierung von <strong>Bernardo O&#8217;Higgins<\/strong> offiziell eingef\u00fchrt. Ihr Design integrierte die Farben Blau, Wei\u00df und Rot, die bis heute erhalten geblieben sind. <\/p>\n\n<p class=\"wp-block-paragraph\">W\u00e4hrend seines Emanzipationsprozesses hatte Chile vor dem endg\u00fcltigen Design zwei weitere Flaggen. <\/p>\n\n<ul class=\"wp-block-list\">\n<li>Die <strong>Flagge des alten Vaterlandes<\/strong>, verwendet zwischen 1810 und 1814, bestehend aus drei horizontalen rechteckigen Feldern in den Farben Blau, Wei\u00df und Gelb.<\/li>\n\n\n\n<li>Die <strong>\u00dcbergangsflagge<\/strong>, verwendet zwischen 1817 und 1818, bestehend aus drei horizontalen Streifen in <strong>Blau, Wei\u00df und Rot.<\/strong><\/li>\n\n\n\n<li>Die <strong>aktuelle Flagge<\/strong>, die die Farben beibehielt und den wei\u00dfen Stern hinzuf\u00fcgte.<\/li>\n<\/ul>\n\n<figure class=\"wp-block-image size-large is-resized\"><img loading=\"lazy\" decoding=\"async\" width=\"1080\" height=\"1484\" src=\"https:\/\/chile.travel\/wp-content\/uploads\/2026\/09\/c2b544c0-banderas-de-chile.jpg\" alt=\"Infografik mit der Flagge des alten Vaterlandes, der &#xDC;bergangsflagge und der aktuellen chilenischen Flagge.\" class=\"wp-image-101313\" style=\"aspect-ratio:0.7275501640344854;width:744px;height:auto\" srcset=\"https:\/\/chile.travel\/wp-content\/uploads\/2026\/09\/c2b544c0-banderas-de-chile.jpg 1080w, https:\/\/chile.travel\/wp-content\/uploads\/2026\/09\/c2b544c0-banderas-de-chile-218x300.jpg 218w, https:\/\/chile.travel\/wp-content\/uploads\/2026\/09\/c2b544c0-banderas-de-chile-768x1055.jpg 768w, https:\/\/chile.travel\/wp-content\/uploads\/2026\/09\/c2b544c0-banderas-de-chile-745x1024.jpg 745w\" sizes=\"auto, (max-width: 1080px) 100vw, 1080px\" \/><figcaption class=\"wp-element-caption\">Bildnachweis: <a href=\"https:\/\/cl.pinterest.com\/pin\/26388347812097458\/\" data-type=\"link\" data-id=\"https:\/\/cl.pinterest.com\/pin\/26388347812097458\/\">Pinterest Cecilia Yolanda<\/a><\/figcaption><\/figure>\n\n<p class=\"wp-block-paragraph\">Der wichtigste Moment der aktuellen chilenischen Flagge geht auf den <strong>12. Februar 1818<\/strong> zur\u00fcck, als sie \u00f6ffentlich <a href=\"https:\/\/www.memoriachilena.gob.cl\/602\/w3-article-96486.html\" data-type=\"link\" data-id=\"https:\/\/www.memoriachilena.gob.cl\/602\/w3-article-96486.html\" target=\"_blank\" rel=\"noreferrer noopener\">w\u00e4hrend der Proklamation der Unabh\u00e4ngigkeit Chiles<\/a> verwendet wurde.<\/p>\n\n<h2 class=\"wp-block-heading\">2. Was bedeuten die Farben der chilenischen Flagge?<\/h2>\n\n<p class=\"wp-block-paragraph\">Jedes Element der <strong>chilenischen Flagge<\/strong> ist mit Aspekten der Geografie und Geschichte des Landes verbunden:<\/p>\n\n<ul class=\"wp-block-list\">\n<li><strong>Blau:<\/strong> repr\u00e4sentiert den Himmel und den Pazifischen Ozean, zwei Elemente, die im gesamten chilenischen Territorium pr\u00e4sent sind.<\/li>\n\n\n\n<li><strong>Wei\u00df:<\/strong> symbolisiert die schneebedeckten Gipfel der Anden, die sich \u00fcber einen gro\u00dfen Teil der \u00f6stlichen Grenze des Landes erstrecken.<\/li>\n\n\n\n<li><strong>Rot:<\/strong> erinnert an das Blut, das w\u00e4hrend des Unabh\u00e4ngigkeitskampfes vergossen wurde.<\/li>\n\n\n\n<li><strong>Wei\u00dfer Stern:<\/strong> Der <em>einsame Stern<\/em> steht f\u00fcr die Einheit des Landes sowie f\u00fcr die drei Staatsgewalten: Exekutive, Legislative und Judikative. Er wird auch mit dem \u201eStern von Arauco\u201c in Verbindung gebracht, der mit der Tradition des Mapuche-Volkes verkn\u00fcpft ist. <\/li>\n<\/ul>\n\n<h2 class=\"wp-block-heading\">3. Hat sie eine Verbindung zur texanischen Flagge?<\/h2>\n\n<figure class=\"wp-block-image size-large is-resized\"><img loading=\"lazy\" decoding=\"async\" width=\"1600\" height=\"1200\" src=\"https:\/\/chile.travel\/wp-content\/uploads\/2026\/09\/fbc032c6-image-1.jpeg\" alt=\" Vergleich zwischen der texanischen Flagge und der chilenischen Flagge, beide mit roten und wei&#xDF;en Streifen und einem einsamen Stern.\" class=\"wp-image-101295\" style=\"aspect-ratio:1.334811529933481;width:602px;height:auto\" srcset=\"https:\/\/chile.travel\/wp-content\/uploads\/2026\/09\/fbc032c6-image-1.jpeg 1600w, https:\/\/chile.travel\/wp-content\/uploads\/2026\/09\/fbc032c6-image-1-300x225.jpeg 300w, https:\/\/chile.travel\/wp-content\/uploads\/2026\/09\/fbc032c6-image-1-768x576.jpeg 768w, https:\/\/chile.travel\/wp-content\/uploads\/2026\/09\/fbc032c6-image-1-1536x1152.jpeg 1536w, https:\/\/chile.travel\/wp-content\/uploads\/2026\/09\/fbc032c6-image-1-1024x768.jpeg 1024w\" sizes=\"auto, (max-width: 1600px) 100vw, 1600px\" \/><figcaption class=\"wp-element-caption\">Fotografie: <a href=\"https:\/\/www.instagram.com\/p\/DS2gWcsj5A_\/\" target=\"_blank\" rel=\"noreferrer noopener\">@texashappens<\/a> \/ <a href=\"https:\/\/www.gob.cl\/noticias\/cuando-se-instala-la-bandera-en-septiembre\/\" target=\"_blank\" rel=\"noreferrer noopener\">gob.cl<\/a><\/figcaption><\/figure>\n\n<p class=\"wp-block-paragraph\">Mit einem \u00e4hnlichen Design wurde die <strong>texanische Flagge<\/strong> am 25. Januar 1839 angenommen, 22 Jahre nach der chilenischen Flagge. <strong>Gab es eine Kopie?<\/strong> <\/p>\n\n<p class=\"wp-block-paragraph\">Die <a href=\"https:\/\/www.tsl.texas.gov\/historicflags\/4052RepublicofChile.html\" data-type=\"link\" data-id=\"https:\/\/www.tsl.texas.gov\/historicflags\/4052RepublicofChile.html\">Texas State Library and Archives Commission<\/a> weist darauf hin, dass einige M\u00e4nner, die sp\u00e4ter an der texanischen Revolution teilnahmen, darunter der sp\u00e4tere Pr\u00e4sident von Texas, David G. Burnet, als <strong>Filibuster in Chile<\/strong> t\u00e4tig gewesen sein sollen, und es gibt Spekulationen, dass sie sich vom chilenischen Design haben inspirieren lassen k\u00f6nnen.<\/p>\n\n<p class=\"wp-block-paragraph\">Es gibt jedoch <strong>keine Dokumentation<\/strong>, die beweist, dass das texanische Design vom chilenischen inspiriert wurde. Jede entstand in unterschiedlichen historischen Kontexten und repr\u00e4sentiert eigene Identit\u00e4ten. Wenn Sie also w\u00e4hrend einer Reise eine Flagge mit einem <strong>einsamen Stern<\/strong> sehen, achten Sie genau auf ihre Streifen! <a href=\"https:\/\/www.youtube.com\/watch?v=5yOrOqII1Sk\" data-type=\"link\" data-id=\"https:\/\/www.youtube.com\/watch?v=5yOrOqII1Sk\" target=\"_blank\" rel=\"noreferrer noopener\">Und seien Sie nicht wie unser geliebter Paul McCartney.<\/a>  <\/p>\n\n<h2 class=\"wp-block-heading\">4. Wo kann man sich mit der chilenischen Flagge fotografieren lassen?<\/h2>\n\n<p class=\"wp-block-paragraph\">Wenn Sie ein Foto machen m\u00f6chten, das das nationale Symbol mit einigen der emblematischsten Landschaften des Landes verbindet, ziehen Sie diese <a href=\"https:\/\/chile.travel\/de\/\" data-type=\"link\" data-id=\"https:\/\/chile.travel\/de\/\" target=\"_blank\" rel=\"noreferrer noopener\">Reiseziele<\/a> in Betracht:<\/p>\n\n<h4 class=\"wp-block-heading\">Zentrum von Santiago<\/h4>\n\n<p class=\"wp-block-paragraph\">Im Zentrum von Santiago, neben dem <a href=\"https:\/\/www.cclm.cl\/en\/cclm\/visit-us\/plan-your-visit\/\" data-type=\"link\" data-id=\"https:\/\/www.cclm.cl\/en\/cclm\/visit-us\/plan-your-visit\/\" target=\"_blank\" rel=\"noreferrer noopener\">Palacio de La Moneda<\/a>, gibt es zwei Orte, an denen Sie immer chilenische Flaggen finden werden: den <strong>Paseo Bulnes<\/strong> und die <strong>Plaza de la Ciudadan\u00eda<\/strong>, die sich an der Vorder- bzw. R\u00fcckseite des Regierungspalastes befinden.<\/p>\n\n<figure class=\"wp-block-image size-large\"><img loading=\"lazy\" decoding=\"async\" width=\"2000\" height=\"1333\" src=\"https:\/\/chile.travel\/wp-content\/uploads\/2026\/09\/9c07e31c-la-moneda.jpg\" alt=\"Fotografie der R&#xFC;ckseite von La Moneda.\" class=\"wp-image-101318\" srcset=\"https:\/\/chile.travel\/wp-content\/uploads\/2026\/09\/9c07e31c-la-moneda.jpg 2000w, https:\/\/chile.travel\/wp-content\/uploads\/2026\/09\/9c07e31c-la-moneda-300x200.jpg 300w, https:\/\/chile.travel\/wp-content\/uploads\/2026\/09\/9c07e31c-la-moneda-767x511.jpg 767w, https:\/\/chile.travel\/wp-content\/uploads\/2026\/09\/9c07e31c-la-moneda-1024x682.jpg 1024w, https:\/\/chile.travel\/wp-content\/uploads\/2026\/09\/9c07e31c-la-moneda-1536x1024.jpg 1536w\" sizes=\"auto, (max-width: 2000px) 100vw, 2000px\" \/><figcaption class=\"wp-element-caption\">Foto: Audiovisuelle Bank von Sernatur<\/figcaption><\/figure>\n\n<h4 class=\"wp-block-heading\">Morro de Arica<\/h4>\n\n<p class=\"wp-block-paragraph\">In <a href=\"https:\/\/chile.travel\/blog\/que-hacer-en-arica-ciudad-de-la-eterna-primavera-2\/\" data-type=\"link\" data-id=\"https:\/\/chile.travel\/blog\/que-hacer-en-arica-ciudad-de-la-eterna-primavera-2\/\" target=\"_blank\" rel=\"noreferrer noopener\">Arica<\/a> weht auf der Spitze dieses historischen Felsens eine der chilenischen Flaggen von <strong>gr\u00f6\u00dfter Gr\u00f6\u00dfe au\u00dferhalb Santiagos<\/strong>. Die aktuelle misst <strong>18 mal 27 Meter<\/strong> und befindet sich auf einem Mast von <strong>42 Metern H\u00f6he<\/strong>. Von hier aus k\u00f6nnen Sie einen Panoramablick auf Arica genie\u00dfen, mit der chilenischen Flagge, der K\u00fcstenw\u00fcste und dem Pazifischen Ozean als Protagonisten.   <\/p>\n\n<figure class=\"wp-block-image size-large is-resized\"><img loading=\"lazy\" decoding=\"async\" width=\"1600\" height=\"1200\" src=\"https:\/\/chile.travel\/wp-content\/uploads\/2026\/09\/fbc032c6-image-2.jpeg\" alt=\"Chilenische Flagge, die &#xFC;ber dem Morro de Arica weht, umgeben von Palmen, mit Blick auf die Stadt und den Pazifischen Ozean.\" class=\"wp-image-101299\" style=\"aspect-ratio:1.334811529933481;width:602px;height:auto\" srcset=\"https:\/\/chile.travel\/wp-content\/uploads\/2026\/09\/fbc032c6-image-2.jpeg 1600w, https:\/\/chile.travel\/wp-content\/uploads\/2026\/09\/fbc032c6-image-2-300x225.jpeg 300w, https:\/\/chile.travel\/wp-content\/uploads\/2026\/09\/fbc032c6-image-2-768x576.jpeg 768w, https:\/\/chile.travel\/wp-content\/uploads\/2026\/09\/fbc032c6-image-2-1024x768.jpeg 1024w, https:\/\/chile.travel\/wp-content\/uploads\/2026\/09\/fbc032c6-image-2-1536x1152.jpeg 1536w\" sizes=\"auto, (max-width: 1600px) 100vw, 1600px\" \/><figcaption class=\"wp-element-caption\">Foto: Audiovisueller Bestand von Sernatur<\/figcaption><\/figure>\n\n<h4 class=\"wp-block-heading\">Isla Navarino<\/h4>\n\n<p class=\"wp-block-paragraph\">Diese Flagge ist besonders, da sie sich neben der s\u00fcdlichsten Stadt der Welt befindet: <strong>Puerto Williams,<\/strong> <a href=\"https:\/\/chile.travel\/blog\/que-hacer-en-tierra-del-fuego-2\/\" data-type=\"link\" data-id=\"https:\/\/chile.travel\/blog\/que-hacer-en-tierra-del-fuego-2\/\">auf der Isla Navarino, Feuerland<\/a>. Mit einer etwa 3-st\u00fcndigen Wanderung erreichen Sie den Cerro Bandera, wo sich diese ikonische Flagge neben den s\u00fcdlichen Kan\u00e4len befindet. <\/p>\n\n<figure class=\"wp-block-image size-large is-resized\"><img loading=\"lazy\" decoding=\"async\" width=\"1600\" height=\"1200\" src=\"https:\/\/chile.travel\/wp-content\/uploads\/2026\/09\/c4eec175-image.jpeg\" alt=\" Chilenische Flagge, die auf dem Gipfel eines H&#xFC;gels mit Blick auf einen See und Berge in Patagonien weht.\" class=\"wp-image-101323\" style=\"aspect-ratio:1.334811529933481;width:602px;height:auto\" srcset=\"https:\/\/chile.travel\/wp-content\/uploads\/2026\/09\/c4eec175-image.jpeg 1600w, https:\/\/chile.travel\/wp-content\/uploads\/2026\/09\/c4eec175-image-300x225.jpeg 300w, https:\/\/chile.travel\/wp-content\/uploads\/2026\/09\/c4eec175-image-768x576.jpeg 768w, https:\/\/chile.travel\/wp-content\/uploads\/2026\/09\/c4eec175-image-1024x768.jpeg 1024w, https:\/\/chile.travel\/wp-content\/uploads\/2026\/09\/c4eec175-image-1536x1152.jpeg 1536w\" sizes=\"auto, (max-width: 1600px) 100vw, 1600px\" \/><figcaption class=\"wp-element-caption\">Fotograf\u00eda: <a href=\"https:\/\/www.andeshandbook.org\/montanismo\/ruta\/51\/trek_oficial\">Andeshandbook<\/a><\/figcaption><\/figure>\n\n<h2 class=\"wp-block-heading\">5. Fiestas Patrias: wenn Chile sich mit Flaggen f\u00fcllt<\/h2>\n\n<p class=\"wp-block-paragraph\">Jedes Jahr am <strong>18. September<\/strong> ist ganz Chile ein Fest mit der Ankunft der Fiestas Patrias. Viele Haushalte h\u00e4ngen eine Flagge an ihre Fassade, um <strong>die Chilenit\u00e4t zu feiern,<\/strong> w\u00e4hrend in diesen Tagen Fondas und Ramadas stattfinden. Es ist eine Feier, die man nicht vergisst.  <\/p>\n\n<ul class=\"wp-block-list\">\n<li><a href=\"https:\/\/chile.travel\/de\/blog\/fiestas-patrias-in-chile-kultur-gastronomie-und-traditionen-der-fiestas-patrias\/\" data-type=\"link\" data-id=\"https:\/\/chile.travel\/blog\/fiestas-patrias-en-chile-2\/\" target=\"_blank\" rel=\"noreferrer noopener\">Finden Sie hier Informationen \u00fcber die Fiestas Patrias in Chile.<\/a><\/li>\n<\/ul>\n\n<p class=\"wp-block-paragraph\"><\/p>\n","protected":false},"excerpt":{"rendered":"<p>Die chilenische Flagge wurde 1817 geboren und ist eines der wichtigsten Symbole unseres Landes. Sie kombiniert Blau, Wei\u00df und Rot mit einem f\u00fcnfzackigen Stern. Obwohl manche sie mit der texanischen Flagge verwechseln, hat unser einsamer Stern eine kraftvolle Geschichte, die es wert ist, kennengelernt zu werden. Hier sind f\u00fcnf Wissenswertes \u00fcber sie! Fotografie des Titelbilds: [&hellip;]<\/p>\n","protected":false},"author":26,"featured_media":101332,"comment_status":"closed","ping_status":"closed","sticky":false,"template":"","format":"standard","meta":{"_acf_changed":false,"inline_featured_image":false,"powered_cache_disable_cache":false,"powered_cache_disable_lazyload":false,"powered_cache_disable_js_optimization":false,"footnotes":""},"categories":[8],"tags":[],"actividad":[826,1096],"destacado":[],"paisaje":[1123],"region":[],"zona":[152,153,155],"class_list":["post-101347","post","type-post","status-publish","format-standard","has-post-thumbnail","hentry","category-unkategorisiert","actividad-kultur-und-kulturerbe","actividad-traditionelle-feste","paisaje-staedte","zona-atacamawueste-und-altiplano","zona-patagonien-und-antarktis","zona-santiago-valparaiso-und-die-weintaeler"],"acf":[],"yoast_head":"<!-- This site is optimized with the Yoast SEO plugin v28.4 - https:\/\/yoast.com\/product\/yoast-seo-wordpress\/ -->\n<title>Nichts mit Texas zu tun? 5 Wissenswertes \u00fcber die chilenische Flagge - Chile Travel<\/title>\n<meta name=\"description\" content=\"Erfahren Sie mehr \u00fcber die Geschichte der chilenischen Flagge, die Bedeutung ihrer Farben und warum manche sie mit der texanischen verwechseln.\" \/>\n<meta name=\"robots\" content=\"index, follow, max-snippet:-1, max-image-preview:large, max-video-preview:-1\" \/>\n<link rel=\"canonical\" href=\"https:\/\/chile.travel\/de\/blog\/nichts-mit-texas-zu-tun-5-wissenswertes-ueber-die-chilenische-flagge\/\" \/>\n<meta property=\"og:locale\" content=\"de_DE\" \/>\n<meta property=\"og:type\" content=\"article\" \/>\n<meta property=\"og:title\" content=\"Nichts mit Texas zu tun? 5 Wissenswertes \u00fcber die chilenische Flagge - Chile Travel\" \/>\n<meta property=\"og:description\" content=\"Erfahren Sie mehr \u00fcber die Geschichte der chilenischen Flagge, die Bedeutung ihrer Farben und warum manche sie mit der texanischen verwechseln.\" \/>\n<meta property=\"og:url\" content=\"https:\/\/chile.travel\/de\/blog\/nichts-mit-texas-zu-tun-5-wissenswertes-ueber-die-chilenische-flagge\/\" \/>\n<meta property=\"og:site_name\" content=\"Chile Travel\" \/>\n<meta property=\"article:published_time\" content=\"2026-09-03T19:49:51+00:00\" \/>\n<meta property=\"article:modified_time\" content=\"2026-09-03T19:55:02+00:00\" \/>\n<meta property=\"og:image\" content=\"https:\/\/chile.travel\/wp-content\/uploads\/2026\/09\/db8b52f5-1-bandera-de-chile.jpg\" \/>\n\t<meta property=\"og:image:width\" content=\"1600\" \/>\n\t<meta property=\"og:image:height\" content=\"840\" \/>\n\t<meta property=\"og:image:type\" content=\"image\/jpeg\" \/>\n<meta name=\"author\" content=\"Pedro Cardenas\" \/>\n<meta name=\"twitter:card\" content=\"summary_large_image\" \/>\n<meta name=\"twitter:label1\" content=\"Verfasst von\" \/>\n\t<meta name=\"twitter:data1\" content=\"Pedro Cardenas\" \/>\n\t<meta name=\"twitter:label2\" content=\"Gesch\u00e4tzte Lesezeit\" \/>\n\t<meta name=\"twitter:data2\" content=\"4\u00a0Minuten\" \/>\n<script type=\"application\/ld+json\" class=\"yoast-schema-graph\">{\"@context\":\"https:\\\/\\\/schema.org\",\"@graph\":[{\"@type\":\"Article\",\"@id\":\"https:\\\/\\\/chile.travel\\\/de\\\/blog\\\/nichts-mit-texas-zu-tun-5-wissenswertes-ueber-die-chilenische-flagge\\\/#article\",\"isPartOf\":{\"@id\":\"https:\\\/\\\/chile.travel\\\/de\\\/blog\\\/nichts-mit-texas-zu-tun-5-wissenswertes-ueber-die-chilenische-flagge\\\/\"},\"author\":{\"name\":\"Pedro Cardenas\",\"@id\":\"https:\\\/\\\/stg.chile.travel\\\/de\\\/#\\\/schema\\\/person\\\/184e80cef60cf314b5e3b3faaa8eb004\"},\"headline\":\"Nichts mit Texas zu tun? 5 Wissenswertes \u00fcber die chilenische Flagge\",\"datePublished\":\"2026-09-03T19:49:51+00:00\",\"dateModified\":\"2026-09-03T19:55:02+00:00\",\"mainEntityOfPage\":{\"@id\":\"https:\\\/\\\/chile.travel\\\/de\\\/blog\\\/nichts-mit-texas-zu-tun-5-wissenswertes-ueber-die-chilenische-flagge\\\/\"},\"wordCount\":736,\"publisher\":{\"@id\":\"https:\\\/\\\/stg.chile.travel\\\/de\\\/#organization\"},\"image\":{\"@id\":\"https:\\\/\\\/chile.travel\\\/de\\\/blog\\\/nichts-mit-texas-zu-tun-5-wissenswertes-ueber-die-chilenische-flagge\\\/#primaryimage\"},\"thumbnailUrl\":\"https:\\\/\\\/chile.travel\\\/wp-content\\\/uploads\\\/2026\\\/09\\\/db8b52f5-1-bandera-de-chile.jpg\",\"articleSection\":[\"Unkategorisiert\"],\"inLanguage\":\"de\"},{\"@type\":\"WebPage\",\"@id\":\"https:\\\/\\\/chile.travel\\\/de\\\/blog\\\/nichts-mit-texas-zu-tun-5-wissenswertes-ueber-die-chilenische-flagge\\\/\",\"url\":\"https:\\\/\\\/chile.travel\\\/de\\\/blog\\\/nichts-mit-texas-zu-tun-5-wissenswertes-ueber-die-chilenische-flagge\\\/\",\"name\":\"Nichts mit Texas zu tun? 5 Wissenswertes \u00fcber die chilenische Flagge - Chile Travel\",\"isPartOf\":{\"@id\":\"https:\\\/\\\/stg.chile.travel\\\/de\\\/#website\"},\"primaryImageOfPage\":{\"@id\":\"https:\\\/\\\/chile.travel\\\/de\\\/blog\\\/nichts-mit-texas-zu-tun-5-wissenswertes-ueber-die-chilenische-flagge\\\/#primaryimage\"},\"image\":{\"@id\":\"https:\\\/\\\/chile.travel\\\/de\\\/blog\\\/nichts-mit-texas-zu-tun-5-wissenswertes-ueber-die-chilenische-flagge\\\/#primaryimage\"},\"thumbnailUrl\":\"https:\\\/\\\/chile.travel\\\/wp-content\\\/uploads\\\/2026\\\/09\\\/db8b52f5-1-bandera-de-chile.jpg\",\"datePublished\":\"2026-09-03T19:49:51+00:00\",\"dateModified\":\"2026-09-03T19:55:02+00:00\",\"description\":\"Erfahren Sie mehr \u00fcber die Geschichte der chilenischen Flagge, die Bedeutung ihrer Farben und warum manche sie mit der texanischen verwechseln.\",\"breadcrumb\":{\"@id\":\"https:\\\/\\\/chile.travel\\\/de\\\/blog\\\/nichts-mit-texas-zu-tun-5-wissenswertes-ueber-die-chilenische-flagge\\\/#breadcrumb\"},\"inLanguage\":\"de\",\"potentialAction\":[{\"@type\":\"ReadAction\",\"target\":[\"https:\\\/\\\/chile.travel\\\/de\\\/blog\\\/nichts-mit-texas-zu-tun-5-wissenswertes-ueber-die-chilenische-flagge\\\/\"]}]},{\"@type\":\"ImageObject\",\"inLanguage\":\"de\",\"@id\":\"https:\\\/\\\/chile.travel\\\/de\\\/blog\\\/nichts-mit-texas-zu-tun-5-wissenswertes-ueber-die-chilenische-flagge\\\/#primaryimage\",\"url\":\"https:\\\/\\\/chile.travel\\\/wp-content\\\/uploads\\\/2026\\\/09\\\/db8b52f5-1-bandera-de-chile.jpg\",\"contentUrl\":\"https:\\\/\\\/chile.travel\\\/wp-content\\\/uploads\\\/2026\\\/09\\\/db8b52f5-1-bandera-de-chile.jpg\",\"width\":1600,\"height\":840,\"caption\":\"Bandera de Chile ondeando frente a un volc\u00e1n nevado y un lago, en el sur del pa\u00eds.\"},{\"@type\":\"BreadcrumbList\",\"@id\":\"https:\\\/\\\/chile.travel\\\/de\\\/blog\\\/nichts-mit-texas-zu-tun-5-wissenswertes-ueber-die-chilenische-flagge\\\/#breadcrumb\",\"itemListElement\":[{\"@type\":\"ListItem\",\"position\":1,\"name\":\"Portada\",\"item\":\"https:\\\/\\\/stg.chile.travel\\\/de\\\/\"},{\"@type\":\"ListItem\",\"position\":2,\"name\":\"Nichts mit Texas zu tun? 5 Wissenswertes \u00fcber die chilenische Flagge\"}]},{\"@type\":\"WebSite\",\"@id\":\"https:\\\/\\\/stg.chile.travel\\\/de\\\/#website\",\"url\":\"https:\\\/\\\/stg.chile.travel\\\/de\\\/\",\"name\":\"Chile Travel\",\"description\":\"\",\"publisher\":{\"@id\":\"https:\\\/\\\/stg.chile.travel\\\/de\\\/#organization\"},\"potentialAction\":[{\"@type\":\"SearchAction\",\"target\":{\"@type\":\"EntryPoint\",\"urlTemplate\":\"https:\\\/\\\/stg.chile.travel\\\/de\\\/?s={search_term_string}\"},\"query-input\":{\"@type\":\"PropertyValueSpecification\",\"valueRequired\":true,\"valueName\":\"search_term_string\"}}],\"inLanguage\":\"de\"},{\"@type\":\"Organization\",\"@id\":\"https:\\\/\\\/stg.chile.travel\\\/de\\\/#organization\",\"name\":\"Chile Travel\",\"url\":\"https:\\\/\\\/stg.chile.travel\\\/de\\\/\",\"logo\":{\"@type\":\"ImageObject\",\"inLanguage\":\"de\",\"@id\":\"https:\\\/\\\/stg.chile.travel\\\/de\\\/#\\\/schema\\\/logo\\\/image\\\/\",\"url\":\"https:\\\/\\\/chile.travel\\\/wp-content\\\/uploads\\\/2025\\\/12\\\/84152706-logo-travel.svg\",\"contentUrl\":\"https:\\\/\\\/chile.travel\\\/wp-content\\\/uploads\\\/2025\\\/12\\\/84152706-logo-travel.svg\",\"width\":189,\"height\":225,\"caption\":\"Chile Travel\"},\"image\":{\"@id\":\"https:\\\/\\\/stg.chile.travel\\\/de\\\/#\\\/schema\\\/logo\\\/image\\\/\"}},{\"@type\":\"Person\",\"@id\":\"https:\\\/\\\/stg.chile.travel\\\/de\\\/#\\\/schema\\\/person\\\/184e80cef60cf314b5e3b3faaa8eb004\",\"name\":\"Pedro Cardenas\",\"image\":{\"@type\":\"ImageObject\",\"inLanguage\":\"de\",\"@id\":\"https:\\\/\\\/secure.gravatar.com\\\/avatar\\\/2fa80188ef443d49c66106474129f40527d7d5272b4087ec3c5894a7a9424f61?s=96&d=mm&r=g\",\"url\":\"https:\\\/\\\/secure.gravatar.com\\\/avatar\\\/2fa80188ef443d49c66106474129f40527d7d5272b4087ec3c5894a7a9424f61?s=96&d=mm&r=g\",\"contentUrl\":\"https:\\\/\\\/secure.gravatar.com\\\/avatar\\\/2fa80188ef443d49c66106474129f40527d7d5272b4087ec3c5894a7a9424f61?s=96&d=mm&r=g\",\"caption\":\"Pedro Cardenas\"},\"url\":\"https:\\\/\\\/chile.travel\\\/de\\\/blog\\\/author\\\/pcardenas\\\/\"}]}<\/script>\n<!-- \/ Yoast SEO plugin. -->","yoast_head_json":{"title":"Nichts mit Texas zu tun? 5 Wissenswertes \u00fcber die chilenische Flagge - Chile Travel","description":"Erfahren Sie mehr \u00fcber die Geschichte der chilenischen Flagge, die Bedeutung ihrer Farben und warum manche sie mit der texanischen verwechseln.","robots":{"index":"index","follow":"follow","max-snippet":"max-snippet:-1","max-image-preview":"max-image-preview:large","max-video-preview":"max-video-preview:-1"},"canonical":"https:\/\/chile.travel\/de\/blog\/nichts-mit-texas-zu-tun-5-wissenswertes-ueber-die-chilenische-flagge\/","og_locale":"de_DE","og_type":"article","og_title":"Nichts mit Texas zu tun? 5 Wissenswertes \u00fcber die chilenische Flagge - Chile Travel","og_description":"Erfahren Sie mehr \u00fcber die Geschichte der chilenischen Flagge, die Bedeutung ihrer Farben und warum manche sie mit der texanischen verwechseln.","og_url":"https:\/\/chile.travel\/de\/blog\/nichts-mit-texas-zu-tun-5-wissenswertes-ueber-die-chilenische-flagge\/","og_site_name":"Chile Travel","article_published_time":"2026-09-03T19:49:51+00:00","article_modified_time":"2026-09-03T19:55:02+00:00","og_image":[{"width":1600,"height":840,"url":"https:\/\/chile.travel\/wp-content\/uploads\/2026\/09\/db8b52f5-1-bandera-de-chile.jpg","type":"image\/jpeg"}],"author":"Pedro Cardenas","twitter_card":"summary_large_image","twitter_misc":{"Verfasst von":"Pedro Cardenas","Gesch\u00e4tzte Lesezeit":"4\u00a0Minuten"},"schema":{"@context":"https:\/\/schema.org","@graph":[{"@type":"Article","@id":"https:\/\/chile.travel\/de\/blog\/nichts-mit-texas-zu-tun-5-wissenswertes-ueber-die-chilenische-flagge\/#article","isPartOf":{"@id":"https:\/\/chile.travel\/de\/blog\/nichts-mit-texas-zu-tun-5-wissenswertes-ueber-die-chilenische-flagge\/"},"author":{"name":"Pedro Cardenas","@id":"https:\/\/stg.chile.travel\/de\/#\/schema\/person\/184e80cef60cf314b5e3b3faaa8eb004"},"headline":"Nichts mit Texas zu tun? 5 Wissenswertes \u00fcber die chilenische Flagge","datePublished":"2026-09-03T19:49:51+00:00","dateModified":"2026-09-03T19:55:02+00:00","mainEntityOfPage":{"@id":"https:\/\/chile.travel\/de\/blog\/nichts-mit-texas-zu-tun-5-wissenswertes-ueber-die-chilenische-flagge\/"},"wordCount":736,"publisher":{"@id":"https:\/\/stg.chile.travel\/de\/#organization"},"image":{"@id":"https:\/\/chile.travel\/de\/blog\/nichts-mit-texas-zu-tun-5-wissenswertes-ueber-die-chilenische-flagge\/#primaryimage"},"thumbnailUrl":"https:\/\/chile.travel\/wp-content\/uploads\/2026\/09\/db8b52f5-1-bandera-de-chile.jpg","articleSection":["Unkategorisiert"],"inLanguage":"de"},{"@type":"WebPage","@id":"https:\/\/chile.travel\/de\/blog\/nichts-mit-texas-zu-tun-5-wissenswertes-ueber-die-chilenische-flagge\/","url":"https:\/\/chile.travel\/de\/blog\/nichts-mit-texas-zu-tun-5-wissenswertes-ueber-die-chilenische-flagge\/","name":"Nichts mit Texas zu tun? 5 Wissenswertes \u00fcber die chilenische Flagge - Chile Travel","isPartOf":{"@id":"https:\/\/stg.chile.travel\/de\/#website"},"primaryImageOfPage":{"@id":"https:\/\/chile.travel\/de\/blog\/nichts-mit-texas-zu-tun-5-wissenswertes-ueber-die-chilenische-flagge\/#primaryimage"},"image":{"@id":"https:\/\/chile.travel\/de\/blog\/nichts-mit-texas-zu-tun-5-wissenswertes-ueber-die-chilenische-flagge\/#primaryimage"},"thumbnailUrl":"https:\/\/chile.travel\/wp-content\/uploads\/2026\/09\/db8b52f5-1-bandera-de-chile.jpg","datePublished":"2026-09-03T19:49:51+00:00","dateModified":"2026-09-03T19:55:02+00:00","description":"Erfahren Sie mehr \u00fcber die Geschichte der chilenischen Flagge, die Bedeutung ihrer Farben und warum manche sie mit der texanischen verwechseln.","breadcrumb":{"@id":"https:\/\/chile.travel\/de\/blog\/nichts-mit-texas-zu-tun-5-wissenswertes-ueber-die-chilenische-flagge\/#breadcrumb"},"inLanguage":"de","potentialAction":[{"@type":"ReadAction","target":["https:\/\/chile.travel\/de\/blog\/nichts-mit-texas-zu-tun-5-wissenswertes-ueber-die-chilenische-flagge\/"]}]},{"@type":"ImageObject","inLanguage":"de","@id":"https:\/\/chile.travel\/de\/blog\/nichts-mit-texas-zu-tun-5-wissenswertes-ueber-die-chilenische-flagge\/#primaryimage","url":"https:\/\/chile.travel\/wp-content\/uploads\/2026\/09\/db8b52f5-1-bandera-de-chile.jpg","contentUrl":"https:\/\/chile.travel\/wp-content\/uploads\/2026\/09\/db8b52f5-1-bandera-de-chile.jpg","width":1600,"height":840,"caption":"Bandera de Chile ondeando frente a un volc\u00e1n nevado y un lago, en el sur del pa\u00eds."},{"@type":"BreadcrumbList","@id":"https:\/\/chile.travel\/de\/blog\/nichts-mit-texas-zu-tun-5-wissenswertes-ueber-die-chilenische-flagge\/#breadcrumb","itemListElement":[{"@type":"ListItem","position":1,"name":"Portada","item":"https:\/\/stg.chile.travel\/de\/"},{"@type":"ListItem","position":2,"name":"Nichts mit Texas zu tun? 5 Wissenswertes \u00fcber die chilenische Flagge"}]},{"@type":"WebSite","@id":"https:\/\/stg.chile.travel\/de\/#website","url":"https:\/\/stg.chile.travel\/de\/","name":"Chile Travel","description":"","publisher":{"@id":"https:\/\/stg.chile.travel\/de\/#organization"},"potentialAction":[{"@type":"SearchAction","target":{"@type":"EntryPoint","urlTemplate":"https:\/\/stg.chile.travel\/de\/?s={search_term_string}"},"query-input":{"@type":"PropertyValueSpecification","valueRequired":true,"valueName":"search_term_string"}}],"inLanguage":"de"},{"@type":"Organization","@id":"https:\/\/stg.chile.travel\/de\/#organization","name":"Chile Travel","url":"https:\/\/stg.chile.travel\/de\/","logo":{"@type":"ImageObject","inLanguage":"de","@id":"https:\/\/stg.chile.travel\/de\/#\/schema\/logo\/image\/","url":"https:\/\/chile.travel\/wp-content\/uploads\/2025\/12\/84152706-logo-travel.svg","contentUrl":"https:\/\/chile.travel\/wp-content\/uploads\/2025\/12\/84152706-logo-travel.svg","width":189,"height":225,"caption":"Chile Travel"},"image":{"@id":"https:\/\/stg.chile.travel\/de\/#\/schema\/logo\/image\/"}},{"@type":"Person","@id":"https:\/\/stg.chile.travel\/de\/#\/schema\/person\/184e80cef60cf314b5e3b3faaa8eb004","name":"Pedro Cardenas","image":{"@type":"ImageObject","inLanguage":"de","@id":"https:\/\/secure.gravatar.com\/avatar\/2fa80188ef443d49c66106474129f40527d7d5272b4087ec3c5894a7a9424f61?s=96&d=mm&r=g","url":"https:\/\/secure.gravatar.com\/avatar\/2fa80188ef443d49c66106474129f40527d7d5272b4087ec3c5894a7a9424f61?s=96&d=mm&r=g","contentUrl":"https:\/\/secure.gravatar.com\/avatar\/2fa80188ef443d49c66106474129f40527d7d5272b4087ec3c5894a7a9424f61?s=96&d=mm&r=g","caption":"Pedro Cardenas"},"url":"https:\/\/chile.travel\/de\/blog\/author\/pcardenas\/"}]}},"_links":{"self":[{"href":"https:\/\/chile.travel\/de\/wp-json\/wp\/v2\/posts\/101347","targetHints":{"allow":["GET"]}}],"collection":[{"href":"https:\/\/chile.travel\/de\/wp-json\/wp\/v2\/posts"}],"about":[{"href":"https:\/\/chile.travel\/de\/wp-json\/wp\/v2\/types\/post"}],"author":[{"embeddable":true,"href":"https:\/\/chile.travel\/de\/wp-json\/wp\/v2\/users\/26"}],"replies":[{"embeddable":true,"href":"https:\/\/chile.travel\/de\/wp-json\/wp\/v2\/comments?post=101347"}],"version-history":[{"count":1,"href":"https:\/\/chile.travel\/de\/wp-json\/wp\/v2\/posts\/101347\/revisions"}],"predecessor-version":[{"id":101348,"href":"https:\/\/chile.travel\/de\/wp-json\/wp\/v2\/posts\/101347\/revisions\/101348"}],"wp:featuredmedia":[{"embeddable":true,"href":"https:\/\/chile.travel\/de\/wp-json\/wp\/v2\/media\/101332"}],"wp:attachment":[{"href":"https:\/\/chile.travel\/de\/wp-json\/wp\/v2\/media?parent=101347"}],"wp:term":[{"taxonomy":"category","embeddable":true,"href":"https:\/\/chile.travel\/de\/wp-json\/wp\/v2\/categories?post=101347"},{"taxonomy":"post_tag","embeddable":true,"href":"https:\/\/chile.travel\/de\/wp-json\/wp\/v2\/tags?post=101347"},{"taxonomy":"actividad","embeddable":true,"href":"https:\/\/chile.travel\/de\/wp-json\/wp\/v2\/actividad?post=101347"},{"taxonomy":"destacado","embeddable":true,"href":"https:\/\/chile.travel\/de\/wp-json\/wp\/v2\/destacado?post=101347"},{"taxonomy":"paisaje","embeddable":true,"href":"https:\/\/chile.travel\/de\/wp-json\/wp\/v2\/paisaje?post=101347"},{"taxonomy":"region","embeddable":true,"href":"https:\/\/chile.travel\/de\/wp-json\/wp\/v2\/region?post=101347"},{"taxonomy":"zona","embeddable":true,"href":"https:\/\/chile.travel\/de\/wp-json\/wp\/v2\/zona?post=101347"}],"curies":[{"name":"wp","href":"https:\/\/api.w.org\/{rel}","templated":true}]}}